{"id":26159,"date":"2024-04-02T14:00:58","date_gmt":"2024-04-02T19:00:58","guid":{"rendered":"https:\/\/nuevademocracia.com.co\/?p=26159"},"modified":"2024-07-10T13:41:19","modified_gmt":"2024-07-10T18:41:19","slug":"aaron-bushnell-se-autoinmola-como-acto-de-protesta-hacia-el-genocidio-contra-el-pueblo-palestino","status":"publish","type":"post","link":"https:\/\/nuevademocracia.com.co\/?p=26159","title":{"rendered":"Aaron Bushnell se autoinmola como acto de protesta hacia el genocidio contra el pueblo palestino"},"content":{"rendered":"\n<figure class=\"wp-block-image aligncenter size-full\"><img loading=\"lazy\" decoding=\"async\" width=\"625\" height=\"417\" src=\"https:\/\/nuevademocracia.com.co\/wp-content\/uploads\/2024\/04\/image.png\" alt=\"\" class=\"wp-image-26160\" srcset=\"https:\/\/nuevademocracia.com.co\/wp-content\/uploads\/2024\/04\/image.png 625w, https:\/\/nuevademocracia.com.co\/wp-content\/uploads\/2024\/04\/image-300x200.png 300w\" sizes=\"auto, (max-width: 625px) 100vw, 625px\" \/><figcaption class=\"wp-element-caption\"><mark style=\"background-color:rgba(0, 0, 0, 0)\" class=\"has-inline-color has-black-color\">Aaron Bushnell<\/mark><\/figcaption><\/figure>\n\n\n\n<p class=\"has-black-color has-text-color has-link-color wp-elements-5c428d864dc0dffb1b23c6b03dae9859\">El pasado 25 de febrero, Aaron Bushnell tom\u00f3 el celular para hacer su declaraci\u00f3n: en medio de una transmisi\u00f3n en vivo roci\u00f3 su cuerpo con gasolina y se prendi\u00f3 en llamas. Esto lo hizo frente a la embajada de Israel en Washington D.C. para protestar contra el genocidio en Palestina. &nbsp;Ardiendo, no dej\u00f3 de exclamar hasta su \u00faltimo aliento: Palestina libre. Su deseo fue que, despu\u00e9s de su muerte, se guardasen sus cenizas hasta que pudieran fertilizar el suelo de una Palestina Libre. Aaron adem\u00e1s dej\u00f3 sus ahorros al Fondo de Asistencia a la Infancia Palestina.<\/p>\n\n\n\n<p class=\"has-black-color has-text-color has-link-color wp-elements-3aac99559af200b7718487488025d8ea\">Era miembro activo de las Fuerzas A\u00e9reas estadounidenses. Formaba parte del aparato militar que apoya las acciones que Israel ejecuta contra Palestina y que ya deja un saldo de m\u00e1s de 30 mil asesinados. El soldado se negaba a seguir cumpliendo tal papel, por eso, en declaraciones anteriores al hecho aqu\u00ed comentado, dec\u00eda: \u201cya no ser\u00e9 c\u00f3mplice del genocidio&#8230; Voy a participar en un acto de protesta extrema, pero en comparaci\u00f3n con lo que han experimentado las personas de Palestina&#8230; esto no es extremo en absoluto. Esto es lo que nuestra clase dirigente ha decidido que sea normal\u201d.<\/p>\n\n\n\n<p class=\"has-black-color has-text-color has-link-color wp-elements-f36a38a111aa3b674cadbc6ce924f370\">Con la muerte de Aaron se expresa un problema central al que se enfrenta Estados Unidos, por un lado, no tiene c\u00f3mo justificar el apoyo, ante su poblaci\u00f3n, a un Estado racista y genocida, como lo es el Estado de Israel, cuya esencia ha quedado m\u00e1s que expuesta desde el pasado 7 de octubre ante los ojos del mundo, pero tampoco puede darle la espalda, pues ser\u00eda renunciar a sus intereses en Medio Oriente. Una disyuntiva que este joven de 25 a\u00f1os, modelo de buen ciudadano estadounidense, pudo poner de manifiesto, usando para ello su propia vida.<\/p>\n\n\n\n<p class=\"has-black-color has-text-color has-link-color wp-elements-b137761e0e519de7a3b38f38601c70d4\">Su sacrificio y el de todos aquellos que en momentos puntuales han utilizado este m\u00e9todo de lucha, el cual no es replicable a gran escala, pero en ciertas circunstancias es de gran valor, ser\u00e1 eternamente recordado como una llama viva en nuestra memoria.<\/p>\n\n\n\n<p class=\"has-black-color has-text-color has-link-color wp-elements-9e669550abf418e78b8860d1be95dfb7\">El ejemplo de hero\u00edsmo de Bushnell con su sacrificio, se instala en la historia, junto al ejemplo de hero\u00edsmo de Rachel Corrie, activista estadounidense que muri\u00f3 arrollada por un&nbsp;<a href=\"https:\/\/es.wikipedia.org\/wiki\/Buld%C3%B3cer\">bulldozer<\/a>&nbsp;en Palestina mientras protestaba contra la demolici\u00f3n de viviendas por parte del ej\u00e9rcito israel\u00ed.<\/p>\n\n\n\n<p class=\"has-black-color has-text-color has-link-color wp-elements-03151ec1093a67cce96b6fbad145d4d1\">Para finalizar queremos compartir apartes de la declaraci\u00f3n oficial de Ham\u00e1s sobre el acto de protesta de Bushnell:<\/p>\n\n\n\n<p class=\"has-black-color has-text-color has-link-color wp-elements-c5c237c0dc2c55f395771c650057ce09\">Nosotros en el Movimiento de Resistencia Isl\u00e1mica (Hamas) expresamos nuestro m\u00e1s sentido p\u00e9same y nuestra total solidaridad con la familia y amigos del piloto estadounidense Aaron Bushnell, cuyo nombre ha quedado inmortalizado como defensor de los valores humanos y de la opresi\u00f3n del pueblo palestino que sufre a causa de la administraci\u00f3n estadounidense y de sus pol\u00edticas injustas, as\u00ed como el de la activista estadounidense Rachel Corrie, que fue aplastada por un bulldozer sionista en Rafah en 2003 (&#8230;) Bushnell pag\u00f3 con su vida por presionar a la democracia de su gobierno para impedir que el criminal ej\u00e9rcito sionista ataque y cometa masacres y violaciones.<\/p>\n\n\n\n<p class=\"has-black-color has-text-color has-link-color wp-elements-edafa2e6c725650f4d4fe47e71ef8b01\">La administraci\u00f3n del presidente estadounidense Biden tiene toda la responsabilidad por la muerte del piloto del ej\u00e9rcito estadounidense Aaron Bushnell debido a su pol\u00edtica de apoyo a la entidad sionista nazi en su guerra de exterminio contra nuestro pueblo palestino, ya que dio su vida para arrojar luz sobre las masacres sionistas y limpieza \u00e9tnica contra nuestro pueblo en la Franja de Gaza.<\/p>\n\n\n\n<p class=\"has-black-color has-text-color has-link-color wp-elements-175bedd1c25e48683176da10fd4ae838\">El heroico piloto Aaron Bushnell permanecer\u00e1 inmortal en la memoria de nuestro pueblo palestino y de los pueblos libres del mundo, y ser\u00e1 un s\u00edmbolo del esp\u00edritu de solidaridad humana global con nuestro pueblo y su justa causa.<\/p>\n\n\n\n<p class=\"has-black-color has-text-color has-link-color wp-elements-5a16b31f7439a7ccebf2c349ef4e1d25\">El tr\u00e1gico accidente que le cost\u00f3 la vida al piloto Bushnell es una expresi\u00f3n del creciente estado de ira entre el pueblo estadounidense que rechaza la pol\u00edtica de su pa\u00eds que contribuye a la matanza y el exterminio de nuestro pueblo, y que rechaza la violaci\u00f3n de los valores humanos universales por parte de su gobierno (\u2026).<\/p>\n","protected":false},"excerpt":{"rendered":"<p>El pasado 25 de febrero, Aaron Bushnell tom\u00f3 el celular para hacer su declaraci\u00f3n: en medio de una transmisi\u00f3n en vivo roci\u00f3 su cuerpo con gasolina y se prendi\u00f3 en llamas. Esto lo hizo frente a la embajada de Israel en Washington D.C. para protestar contra el genocidio en Palestina. &nbsp;Ardiendo, no dej\u00f3 de exclamar [&hellip;]<\/p>\n","protected":false},"author":1,"featured_media":26160,"comment_status":"open","ping_status":"open","sticky":false,"template":"","format":"standard","meta":{"footnotes":""},"categories":[16,31,135],"tags":[],"class_list":["post-26159","post","type-post","status-publish","format-standard","has-post-thumbnail","hentry","category-carrusel","category-internacional","category-resistencia-palestina"],"blocksy_meta":[],"_links":{"self":[{"href":"https:\/\/nuevademocracia.com.co\/index.php?rest_route=\/wp\/v2\/posts\/26159","targetHints":{"allow":["GET"]}}],"collection":[{"href":"https:\/\/nuevademocracia.com.co\/index.php?rest_route=\/wp\/v2\/posts"}],"about":[{"href":"https:\/\/nuevademocracia.com.co\/index.php?rest_route=\/wp\/v2\/types\/post"}],"author":[{"embeddable":true,"href":"https:\/\/nuevademocracia.com.co\/index.php?rest_route=\/wp\/v2\/users\/1"}],"replies":[{"embeddable":true,"href":"https:\/\/nuevademocracia.com.co\/index.php?rest_route=%2Fwp%2Fv2%2Fcomments&post=26159"}],"version-history":[{"count":1,"href":"https:\/\/nuevademocracia.com.co\/index.php?rest_route=\/wp\/v2\/posts\/26159\/revisions"}],"predecessor-version":[{"id":26161,"href":"https:\/\/nuevademocracia.com.co\/index.php?rest_route=\/wp\/v2\/posts\/26159\/revisions\/26161"}],"wp:featuredmedia":[{"embeddable":true,"href":"https:\/\/nuevademocracia.com.co\/index.php?rest_route=\/wp\/v2\/media\/26160"}],"wp:attachment":[{"href":"https:\/\/nuevademocracia.com.co\/index.php?rest_route=%2Fwp%2Fv2%2Fmedia&parent=26159"}],"wp:term":[{"taxonomy":"category","embeddable":true,"href":"https:\/\/nuevademocracia.com.co\/index.php?rest_route=%2Fwp%2Fv2%2Fcategories&post=26159"},{"taxonomy":"post_tag","embeddable":true,"href":"https:\/\/nuevademocracia.com.co\/index.php?rest_route=%2Fwp%2Fv2%2Ftags&post=26159"}],"curies":[{"name":"wp","href":"https:\/\/api.w.org\/{rel}","templated":true}]}}