{"id":26162,"date":"2024-04-03T10:00:00","date_gmt":"2024-04-03T15:00:00","guid":{"rendered":"https:\/\/nuevademocracia.com.co\/?p=26162"},"modified":"2024-04-02T14:12:19","modified_gmt":"2024-04-02T19:12:19","slug":"heroes-del-proletariado-son-homenajeados-en-francia","status":"publish","type":"post","link":"https:\/\/nuevademocracia.com.co\/?p=26162","title":{"rendered":"\u00a0H\u00e9roes del proletariado son homenajeados en Francia"},"content":{"rendered":"\n<figure class=\"wp-block-image aligncenter size-full\"><img loading=\"lazy\" decoding=\"async\" width=\"560\" height=\"314\" src=\"https:\/\/nuevademocracia.com.co\/wp-content\/uploads\/2024\/04\/Grupo-Manouchian-2.jpg\" alt=\"\" class=\"wp-image-26163\" srcset=\"https:\/\/nuevademocracia.com.co\/wp-content\/uploads\/2024\/04\/Grupo-Manouchian-2.jpg 560w, https:\/\/nuevademocracia.com.co\/wp-content\/uploads\/2024\/04\/Grupo-Manouchian-2-300x168.jpg 300w\" sizes=\"auto, (max-width: 560px) 100vw, 560px\" \/><figcaption class=\"wp-element-caption\"><mark style=\"background-color:rgba(0, 0, 0, 0)\" class=\"has-inline-color has-black-color\">Manouchian, tercero desde la izquierda. En la foto, 8 de 23 luchadores de la resistencia ejecutados por los nazis.<\/mark><\/figcaption><\/figure>\n\n\n\n<p class=\"has-black-color has-text-color has-link-color wp-elements-98403666c04c970c3dbfdf9538f9edab\">A finales de febrero, el medio de comunicaci\u00f3n revolucionario franc\u00e9s,<em> La Cause du Peuple<\/em>, hizo un llamamiento a conmemorar a los h\u00e9roes del proletariado de Francia.<\/p>\n\n\n\n<p class=\"has-black-color has-text-color has-link-color wp-elements-896f21af3b3f78abc24a0bf6ee63738f\"><em>La Cause du Peuple<\/em> informa que en la manifestaci\u00f3n participaron numerosos seguidores del peri\u00f3dico, que la jornada inici\u00f3 en la estaci\u00f3n de metro P\u00e8re Lachaise, pas\u00f3 por la tumba de Pierre Overney y luego por la de Szlama Grzywacz, luchador comunista, jud\u00edo polaco y miembro del grupo Manouchian, fusilado el 21 de febrero de 1944.<\/p>\n\n\n\n<p class=\"has-black-color has-text-color has-link-color wp-elements-13fcd41eaeb0f97b8e56c7592a6f2462\">Pierre Overney fue un militante mao\u00edsta y trabajador en la f\u00e1brica de autom\u00f3viles de Renault, quien fue despedido de su trabajo por razones pol\u00edticas, y el 25 de febrero de 1972 fue asesinado por un vigilante de la Renault mientras participaba de una acci\u00f3n de agitaci\u00f3n y propaganda a la salida de una f\u00e1brica en Billancourt. Pierre Overney se encontraba all\u00ed con un grupo de activistas, distribuyendo folletos de conmemoraci\u00f3n con motivo de los diez a\u00f1os de la masacre del metro de Charonne en 1962, y en medio de una disputa por ingresar a la f\u00e1brica, un guardia de seguridad de la f\u00e1brica le dispara, caus\u00e1ndole la muerte. La solidaridad del proletariado franc\u00e9s no se hizo esperar, m\u00e1s de 200.000 personas caminaron en una larga procesi\u00f3n detr\u00e1s de su ata\u00fad a principios de marzo de 1972.<\/p>\n\n\n\n<p class=\"has-black-color has-text-color has-link-color wp-elements-2bf8fef38c5115b7a80e958f92dd4c2e\">Tambi\u00e9n se rindi\u00f3 un homenaje a los h\u00e9roes del Grupo Manouchian (FTP-MOI) que dieron su vida por el Partido Comunista y la Revoluci\u00f3n hace 80 a\u00f1os, enfrentando la invasi\u00f3n alemana en los a\u00f1os 40. Missak Manouchian fue un trabajador, considerado un h\u00e9roe de la resistencia francesa contra los nazis en la segunda guerra mundial.<\/p>\n\n\n\n<p class=\"has-black-color has-text-color has-link-color wp-elements-735a5426f3230ee047149042b363d43d\">Durante la jornada de conmemoraci\u00f3n, fueron le\u00eddas varias cartas que los h\u00e9roes mencionados escribieron antes de ser asesinados, por ejemplo, la carta del trabajador b\u00falgaro Jurdan Lutibrodsky a su padre. Lutibrodsky hizo parte del contingente de h\u00e9roes que ofrecieron su vida en la lucha antifascista, fue condenado a muerte y ejecutado en 1935 en la prisi\u00f3n de Varna. Su carta se distribuy\u00f3 por miles en aquella \u00e9poca, como parte de la educaci\u00f3n revolucionaria de las nuevas generaciones, dada la firme convicci\u00f3n revolucionaria que demuestra en ella. <\/p>\n\n\n\n<div class=\"wp-block-group is-vertical is-layout-flex wp-container-core-group-is-layout-fe9cc265 wp-block-group-is-layout-flex\">\n<figure class=\"wp-block-image size-full\"><img loading=\"lazy\" decoding=\"async\" width=\"1024\" height=\"683\" src=\"https:\/\/nuevademocracia.com.co\/wp-content\/uploads\/2024\/04\/homenaje-revolucionario-Francia-4.jpg\" alt=\"\" class=\"wp-image-26164\" srcset=\"https:\/\/nuevademocracia.com.co\/wp-content\/uploads\/2024\/04\/homenaje-revolucionario-Francia-4.jpg 1024w, https:\/\/nuevademocracia.com.co\/wp-content\/uploads\/2024\/04\/homenaje-revolucionario-Francia-4-300x200.jpg 300w, https:\/\/nuevademocracia.com.co\/wp-content\/uploads\/2024\/04\/homenaje-revolucionario-Francia-4-768x512.jpg 768w\" sizes=\"auto, (max-width: 1024px) 100vw, 1024px\" \/><figcaption class=\"wp-element-caption\"><mark style=\"background-color:rgba(0, 0, 0, 0)\" class=\"has-inline-color has-black-color\">Fuente: La Cause du Peuple<\/mark><\/figcaption><\/figure>\n\n\n\n<figure class=\"wp-block-image size-full\"><img loading=\"lazy\" decoding=\"async\" width=\"1024\" height=\"683\" src=\"https:\/\/nuevademocracia.com.co\/wp-content\/uploads\/2024\/04\/homenaje-revolucionario-Francia-6.jpg\" alt=\"\" class=\"wp-image-26165\" srcset=\"https:\/\/nuevademocracia.com.co\/wp-content\/uploads\/2024\/04\/homenaje-revolucionario-Francia-6.jpg 1024w, https:\/\/nuevademocracia.com.co\/wp-content\/uploads\/2024\/04\/homenaje-revolucionario-Francia-6-300x200.jpg 300w, https:\/\/nuevademocracia.com.co\/wp-content\/uploads\/2024\/04\/homenaje-revolucionario-Francia-6-768x512.jpg 768w\" sizes=\"auto, (max-width: 1024px) 100vw, 1024px\" \/><figcaption class=\"wp-element-caption\"><mark style=\"background-color:rgba(0, 0, 0, 0)\" class=\"has-inline-color has-black-color\">Fuente: La Cause du Peuple<\/mark> <\/figcaption><\/figure>\n\n\n\n<figure class=\"wp-block-image size-full\"><img loading=\"lazy\" decoding=\"async\" width=\"1024\" height=\"683\" src=\"https:\/\/nuevademocracia.com.co\/wp-content\/uploads\/2024\/04\/homenaje-revolucionario-Francia-10.jpg\" alt=\"\" class=\"wp-image-26166\" srcset=\"https:\/\/nuevademocracia.com.co\/wp-content\/uploads\/2024\/04\/homenaje-revolucionario-Francia-10.jpg 1024w, https:\/\/nuevademocracia.com.co\/wp-content\/uploads\/2024\/04\/homenaje-revolucionario-Francia-10-300x200.jpg 300w, https:\/\/nuevademocracia.com.co\/wp-content\/uploads\/2024\/04\/homenaje-revolucionario-Francia-10-768x512.jpg 768w\" sizes=\"auto, (max-width: 1024px) 100vw, 1024px\" \/><figcaption class=\"wp-element-caption\"><mark style=\"background-color:rgba(0, 0, 0, 0)\" class=\"has-inline-color has-black-color\">Fuente: La Cause du Peuple<\/mark><\/figcaption><\/figure>\n\n\n\n<figure class=\"wp-block-image size-full is-resized\"><img loading=\"lazy\" decoding=\"async\" width=\"1024\" height=\"683\" src=\"https:\/\/nuevademocracia.com.co\/wp-content\/uploads\/2024\/04\/homenaje-revolucionario-Francia-8.jpg\" alt=\"\" class=\"wp-image-26167\" style=\"width:840px;height:auto\" srcset=\"https:\/\/nuevademocracia.com.co\/wp-content\/uploads\/2024\/04\/homenaje-revolucionario-Francia-8.jpg 1024w, https:\/\/nuevademocracia.com.co\/wp-content\/uploads\/2024\/04\/homenaje-revolucionario-Francia-8-300x200.jpg 300w, https:\/\/nuevademocracia.com.co\/wp-content\/uploads\/2024\/04\/homenaje-revolucionario-Francia-8-768x512.jpg 768w\" sizes=\"auto, (max-width: 1024px) 100vw, 1024px\" \/><figcaption class=\"wp-element-caption\"><mark style=\"background-color:rgba(0, 0, 0, 0)\" class=\"has-inline-color has-black-color\">Fuente: La Cause du Peuple<\/mark><\/figcaption><\/figure>\n<\/div>\n\n\n\n<p class=\"has-black-color has-text-color has-link-color wp-elements-a63bb7a50589d43682059c6807299534\">Antes de ser ejecutado, el r\u00e9gimen le ofreci\u00f3 la posibilidad de salvarse de la muerte a cambio de renunciar a su actividad revolucionaria y convidar a sus camaradas a hacer lo mismo, su padre, desesperado, le ped\u00eda que aceptara la propuesta del r\u00e9gimen, sin embargo, Jurdan Lutibrodsky se mantuvo firme, como todo un bolchevique, y le explica a su padre, las razones de su firme decisi\u00f3n en la carta que compartimos a continuaci\u00f3n:&nbsp;<\/p>\n\n\n\n<p class=\"has-black-color has-text-color has-link-color wp-elements-4cb42b379cd0b2b52f2424ce5d2130c3\">\u201cPrisi\u00f3n de Varna, 3 de mayo de 1935.<\/p>\n\n\n\n<p class=\"has-black-color has-text-color has-link-color wp-elements-d210fe39b4a1ca58612c419b7b6894cd\">\u00a1Querido padre!<\/p>\n\n\n\n<p class=\"has-black-color has-text-color has-link-color wp-elements-3d71746df29efb2abaaff7c59cae47de\">Recib\u00ed tu carta hace unos d\u00edas. Me aconsejas que haga todo lo posible para escapar de la horca. Y escribes: \u00abHazlo hoy, porque ma\u00f1ana ser\u00e1 demasiado tarde\u00bb. \u00bfNo comprendes que esa propuesta no es la salvaci\u00f3n, sino la muerte segura, aunque conserve la vida? Para comprenderlo, es necesario examinar el problema a fondo. Actualmente, la burgues\u00eda ha logrado propinar algunos golpes severos al proletariado y su Partido. \u00bfPero ser\u00e1 que esto significa que la dominaci\u00f3n de la burgues\u00eda se ha estabilizado y la victoria final no pertenece al proletariado? \u00a1No! Si no es hoy, ser\u00e1 ma\u00f1ana, el proletariado vencer\u00e1 a la clase agonizante y, gracias a su Partido, impulsar\u00e1 el desarrollo de la sociedad humana. Nosotros, hijos de esa clase ascendente y miembros de su vanguardia consciente, no debemos temer por nuestras vidas y sacrificar, por ello, el prestigio del Partido.<\/p>\n\n\n\n<p class=\"has-black-color has-text-color has-link-color wp-elements-3277ac460d20b72041b4fdc05c99fb7e\">\u00bfPara qu\u00e9 necesitamos de nuestras vidas, padre, si nos cabe la suerte de quedar como cad\u00e1veres vivos, con la ayuda de los cuales la clase reaccionaria en declive se esforzar\u00e1 por llevar la descomposici\u00f3n a las filas del proletariado revolucionario y me utilizar\u00e1, a m\u00ed, a quien habr\u00e1 dejado vivir, para prolongar su propia existencia? \u00a1No! \u00a1Antes morir, permaneciendo, por ello, vivo en el coraz\u00f3n de mi clase! \u00a1Antes morir que ser un cad\u00e1ver vivo y putrefacto!<\/p>\n\n\n\n<p class=\"has-black-color has-text-color has-link-color wp-elements-80928b117f8c66abe3f6454645bfb856\">\u201cBien\u201d, me dir\u00e1s, \u201cpero piense en Mara y en Ilitch [1]. \u00bfQu\u00e9 har\u00e1n sin ti?\u201d Pienso mucho en ellos, padre. Yo mismo, no s\u00e9 c\u00f3mo expresarles mi amor. Cuando pienso en ellos, una amargura inmensa se apropia de mi y siento como pesa en mi pecho. Un sufrimiento que me obliga a apretar los dientes, tan fuerte que rechinan y, no obstante, prometerme a mi mismo resistir, conservar mis fuerzas y continuar combatiendo hasta el \u00faltimo momento, erguido contra la clase que es responsable, no solamente por el hecho de que mi Ilitch no haya visto a su padre y de que mi compa\u00f1era quede sin m\u00ed, sino tambi\u00e9n, por el hecho de que millones de otras familias tengan que vivir en la miseria, en las privaciones y en el hambre.<\/p>\n\n\n\n<p class=\"has-black-color has-text-color has-link-color wp-elements-72b6a165b23e8009840733cca19f33b7\">En vista de los millones de desempleados, en vista del peligro de una nueva guerra [2], cuyo horror el cerebro humano no puede concebir, en vista de los millones de v\u00edctimas que morir\u00e1n, no solamente entre los soldados, sino tambi\u00e9n entre las mujeres y los ni\u00f1os, porque los gases asfixiantes, los bacilos de la peste y del c\u00f3lera no escogen v\u00edctimas, en vista de todos esos horrores, que el capitalismo nos trae y nos seguir\u00e1 trayendo, \u00bfcon qu\u00e9 derecho dar\u00eda yo al enemigo un arma contra todos nosotros, cuya sangre chupa? \u00a1No! \u00a1No puedo hacerlo! Para este estado maldito del capitalismo, no veo otra salida sino la se\u00f1alada por mi Partido y esa salida conduce a la liberaci\u00f3n econ\u00f3mica y pol\u00edtica completa del proletariado y de los trabajadores. Mi vida fue una lucha, una lucha para imponer esa salida. Y, si la burgues\u00eda b\u00falgara entiende condenarme a muerte, eso quiere decir que permanec\u00ed hijo fiel de mi clase, hijo fiel de mi Partido. Y eso bastar\u00e1 para ti, para Ilitch y para Mara. S\u00ed, la muerte; pero Ilitch sabr\u00e1 por qu\u00e9 su padre luch\u00f3 y cay\u00f3 en esa lucha; sabr\u00e1 que prefiri\u00f3 caer en la lucha que cubrirse de verg\u00fcenza, que deshonrarte, a ti, y a ese hijo que nunca vi. Es cierto, es duro esperar la muerte en cualquier momento, estremecerse al menor ruido, contarles los pasos\u2026 ah\u00ed vienen ellos, vienen para llevarte. El coraz\u00f3n late hasta estallar. Pero, los pasos se alejan y la gente cae en el catre, como un fruto maduro al caer del \u00e1rbol. Los nervios no pueden soportar eso\u2026 y la gente llama por la muerte, por la muerte salvadora. \u00a1La agon\u00eda es terrible, la muerte, no!<\/p>\n\n\n\n<p class=\"has-black-color has-text-color has-link-color wp-elements-fee7ca80c0e00c0d6325f28df17dffb0\">Y, precisamente en este momento, el enemigo intenta obtener de mi que condene toda mi actividad pasada. Y sabes, padre, que \u00e9l ya experiment\u00f3 varias veces esa tentaci\u00f3n para poder triunfar despu\u00e9s: \u201c\u00a1Miren! Otro hijo pr\u00f3digo que regresa a la raz\u00f3n, que lamenta lo que hizo\u201d. Es con tales ignominias que el enemigo quiere debilitar la fe en el Partido y prolongar la existencia de esa clase perjudicial para la sociedad. \u00a1No, no participar\u00e9 de ese juego vil!<\/p>\n\n\n\n<p class=\"has-black-color has-text-color has-link-color wp-elements-caa781f0e481e8407ac6ee0ce9b96708\">Eso, todav\u00eda, no significa que me dejar\u00e9 llevar sin hacer nada. Es claro que es preciso hacer todo para salvarme. Pero, queda atento para no dar al enemigo argumentos contra el Partido. Lo mejor es movilizar la opini\u00f3n p\u00fablica contra mi condena a muerte.<\/p>\n\n\n\n<p class=\"has-black-color has-text-color has-link-color wp-elements-92329e62b25d93fd9b061fa3725e6abf\">Marchar\u00e9 tranquilo y alegre hacia la horca con la consciencia de no haber, en mi corta vida dedicada a la lucha por la libertad, deshonrado ni el nombre de mi Partido, ni tu nombre.<\/p>\n\n\n\n<p class=\"has-black-color has-text-color has-link-color wp-elements-62a67a8bd8dbf9f80e2608d5697689b7\">Y, con la cuerda en el cuello, yo os gritar\u00e9: \u00a1Cabeza erguida, padre, mujer amada, mi hijo que nunca vi! \u00a1Adelante camaradas! \u00a1Aunque se paga con duros sacrificios, la victoria es nuestra! \u00a1Quien est\u00e9 dispuesto para los sacrificios tendr\u00e1 la victoria! Muertos f\u00edsicamente, los combatientes continuar\u00e1n viviendo en la conciencia del proletariado victorioso. Y sus hijos recoger\u00e1n los frutos de la lucha que sus padres libraron. T\u00fa, tambi\u00e9n, mi peque\u00f1o Ilitch, que no puedo besar ni por primera, ni por \u00faltima vez.<\/p>\n\n\n\n<p class=\"has-black-color has-text-color has-link-color wp-elements-6113c1e10d05fa836f7cdb51350bc500\">Jurdan Lutibrodsky.<\/p>\n\n\n\n<p class=\"has-black-color has-text-color has-link-color wp-elements-11193bb66290f7d8c8d5ca9471dd8c19\">[1] La esposa de Lutibrodsky y su hijo nacido despu\u00e9s de su prisi\u00f3n, respectivamente. [2] Se refiere a la II Guerra Mundial imperialista que se avecinaba.<\/p>\n","protected":false},"excerpt":{"rendered":"<p>A finales de febrero, el medio de comunicaci\u00f3n revolucionario franc\u00e9s, La Cause du Peuple, hizo un llamamiento a conmemorar a los h\u00e9roes del proletariado de Francia. La Cause du Peuple informa que en la manifestaci\u00f3n participaron numerosos seguidores del peri\u00f3dico, que la jornada inici\u00f3 en la estaci\u00f3n de metro P\u00e8re Lachaise, pas\u00f3 por la tumba [&hellip;]<\/p>\n","protected":false},"author":1,"featured_media":26166,"comment_status":"open","ping_status":"open","sticky":false,"template":"","format":"standard","meta":{"footnotes":""},"categories":[16,31],"tags":[62],"class_list":["post-26162","post","type-post","status-publish","format-standard","has-post-thumbnail","hentry","category-carrusel","category-internacional","tag-conmemoracion"],"blocksy_meta":[],"_links":{"self":[{"href":"https:\/\/nuevademocracia.com.co\/index.php?rest_route=\/wp\/v2\/posts\/26162","targetHints":{"allow":["GET"]}}],"collection":[{"href":"https:\/\/nuevademocracia.com.co\/index.php?rest_route=\/wp\/v2\/posts"}],"about":[{"href":"https:\/\/nuevademocracia.com.co\/index.php?rest_route=\/wp\/v2\/types\/post"}],"author":[{"embeddable":true,"href":"https:\/\/nuevademocracia.com.co\/index.php?rest_route=\/wp\/v2\/users\/1"}],"replies":[{"embeddable":true,"href":"https:\/\/nuevademocracia.com.co\/index.php?rest_route=%2Fwp%2Fv2%2Fcomments&post=26162"}],"version-history":[{"count":4,"href":"https:\/\/nuevademocracia.com.co\/index.php?rest_route=\/wp\/v2\/posts\/26162\/revisions"}],"predecessor-version":[{"id":26174,"href":"https:\/\/nuevademocracia.com.co\/index.php?rest_route=\/wp\/v2\/posts\/26162\/revisions\/26174"}],"wp:featuredmedia":[{"embeddable":true,"href":"https:\/\/nuevademocracia.com.co\/index.php?rest_route=\/wp\/v2\/media\/26166"}],"wp:attachment":[{"href":"https:\/\/nuevademocracia.com.co\/index.php?rest_route=%2Fwp%2Fv2%2Fmedia&parent=26162"}],"wp:term":[{"taxonomy":"category","embeddable":true,"href":"https:\/\/nuevademocracia.com.co\/index.php?rest_route=%2Fwp%2Fv2%2Fcategories&post=26162"},{"taxonomy":"post_tag","embeddable":true,"href":"https:\/\/nuevademocracia.com.co\/index.php?rest_route=%2Fwp%2Fv2%2Ftags&post=26162"}],"curies":[{"name":"wp","href":"https:\/\/api.w.org\/{rel}","templated":true}]}}