{"id":26170,"date":"2024-04-03T14:00:00","date_gmt":"2024-04-03T19:00:00","guid":{"rendered":"https:\/\/nuevademocracia.com.co\/?p=26170"},"modified":"2024-04-02T14:22:34","modified_gmt":"2024-04-02T19:22:34","slug":"en-memoria-de-alberto-tejada-reconocido-periodista-del-gran-levantamiento-popular","status":"publish","type":"post","link":"https:\/\/nuevademocracia.com.co\/?p=26170","title":{"rendered":"En memoria de Alberto Tejada, reconocido periodista del Gran Levantamiento Popular"},"content":{"rendered":"\n<figure class=\"wp-block-image aligncenter size-full\"><img loading=\"lazy\" decoding=\"async\" width=\"920\" height=\"489\" src=\"https:\/\/nuevademocracia.com.co\/wp-content\/uploads\/2024\/04\/image-1.png\" alt=\"\" class=\"wp-image-26175\" srcset=\"https:\/\/nuevademocracia.com.co\/wp-content\/uploads\/2024\/04\/image-1.png 920w, https:\/\/nuevademocracia.com.co\/wp-content\/uploads\/2024\/04\/image-1-300x159.png 300w, https:\/\/nuevademocracia.com.co\/wp-content\/uploads\/2024\/04\/image-1-768x408.png 768w\" sizes=\"auto, (max-width: 920px) 100vw, 920px\" \/><figcaption class=\"wp-element-caption\"><mark style=\"background-color:rgba(0, 0, 0, 0)\" class=\"has-inline-color has-black-color\">Foto: Canal 2<\/mark><\/figcaption><\/figure>\n\n\n\n<p class=\"has-black-color has-text-color has-link-color wp-elements-fd9775f18dd3cb8fc240fb809a3eb31c\">El pasado 28 de febrero, falleci\u00f3 Jos\u00e9 Alberto Tejada Echeverri a sus 67 a\u00f1os. Reconocido periodista de Canal 2 en la ciudad de Cali, quien se destac\u00f3 en el Gran Levantamiento Popular (GLP) del a\u00f1o 2021, por el gran compromiso en su labor como reportero de la heroica lucha del pueblo colombiano por sus derechos, contra el viejo Estado y sus fuerzas de represi\u00f3n.<\/p>\n\n\n\n<p class=\"has-black-color has-text-color has-link-color wp-elements-8cfd533118d2361e8760b7e408d9cf50\">Aunque en la actualidad ejerc\u00eda como Representante a la C\u00e1mara por el Valle del Cauca, y considerando que <em>Nueva Democracia<\/em> no comparte el camino electoral como forma de lucha, nos parece de gran importancia reconocer su trabajo period\u00edstico, especialmente su labor en el marco del GLP, trabajo del cual aprendemos como colegas.<\/p>\n\n\n\n<p class=\"has-black-color has-text-color has-link-color wp-elements-f598406bcb091cfeed67bf1be95d2111\">Transcurr\u00eda el 2021 y el 28 de abril inicia la m\u00e1s grande movilizaci\u00f3n de masas de las \u00faltimas d\u00e9cadas en Colombia, protestas que estremecieron las ciudades y el campo colombiano durante meses de marchas, acompa\u00f1adas de todo tipo de expresiones pol\u00edticas y art\u00edsticas de denuncia, realizaci\u00f3n de asambleas populares, destrucci\u00f3n de CAIs y peajes, bloqueos de carreteras y fuertes combates callejeros entre el pueblo y las fuerzas de represi\u00f3n policial.<\/p>\n\n\n\n<p class=\"has-black-color has-text-color has-link-color wp-elements-5fe51b0dadfdff8dc1659f498c12986d\"> Precisamente Cali, fue una de las ciudades donde el GLP tom\u00f3 mayor fuerza, y en el resto del pa\u00eds pudimos conocer parte de lo que all\u00ed ocurr\u00eda, gracias a la labor period\u00edstica de Canal 2, bajo la direcci\u00f3n de Alberto Tejada, quienes dispusieron los micr\u00f3fonos y las c\u00e1maras para que las masas populares, que ten\u00edan puntos de bloqueo en diferentes sectores de la ciudad, expresaran las razones de su lucha y tambi\u00e9n para denunciar la fuerte represi\u00f3n policial.<\/p>\n\n\n\n<figure class=\"wp-block-embed is-type-video is-provider-youtube wp-block-embed-youtube wp-embed-aspect-16-9 wp-has-aspect-ratio\"><div class=\"wp-block-embed__wrapper\">\n<iframe loading=\"lazy\" title=\"Nosotros la comunidad defendemos a los j\u00f3venes que est\u00e1n luchando\" width=\"1290\" height=\"726\" src=\"https:\/\/www.youtube.com\/embed\/S0MVs4OhoBU?feature=oembed\" frameborder=\"0\" allow=\"accelerometer; autoplay; clipboard-write; encrypted-media; gyroscope; picture-in-picture; web-share\" referrerpolicy=\"strict-origin-when-cross-origin\" allowfullscreen><\/iframe>\n<\/div><\/figure>\n\n\n\n<figure class=\"wp-block-embed is-type-video is-provider-youtube wp-block-embed-youtube wp-embed-aspect-16-9 wp-has-aspect-ratio\"><div class=\"wp-block-embed__wrapper\">\n<iframe loading=\"lazy\" title=\"&quot;Ninguna revoluci\u00f3n se hizo con pa\u00f1itos de agua tibia&quot; - Paro Nacional\" width=\"1290\" height=\"726\" src=\"https:\/\/www.youtube.com\/embed\/lz-ymoGUof4?feature=oembed\" frameborder=\"0\" allow=\"accelerometer; autoplay; clipboard-write; encrypted-media; gyroscope; picture-in-picture; web-share\" referrerpolicy=\"strict-origin-when-cross-origin\" allowfullscreen><\/iframe>\n<\/div><\/figure>\n\n\n\n<p class=\"has-black-color has-text-color has-link-color wp-elements-d8221dda664bb23078f775798583b976\">Mientras los grandes medios de comunicaci\u00f3n, pertenecientes a los grandes monopolios de las clases dominantes, al un\u00edsono trataban a los j\u00f3venes como v\u00e1ndalos, Alberto Tejada se acerc\u00f3 a ellos para conocer sus opiniones, trat\u00e1ndolos como luchadores del pueblo y no como delincuentes, y brind\u00e1ndoles un espacio para expresarse, raz\u00f3n por la cual se gan\u00f3 el cari\u00f1o y reconocimiento de las masas que participaban de la lucha. Al respecto, en una de sus famosas transmisiones En Vivo, el 17 de mayo de 2021, en medio de enfrentamientos entre la polic\u00eda y j\u00f3venes luchadores en Yumbo, Valle, afirm\u00f3: \u201c\u2026son muchachos que est\u00e1n pidiendo ser escuchados, y el Estado les responde con bala, con gases lacrim\u00f3genos, con armas de las tanquetas\u2026 que pueden matar a una persona. No es posible aceptar que se diga, en los medios nacionales, que el Estado se est\u00e1 defendiendo de un poco de delincuentes, porque aqu\u00ed no hay delincuentes, aqu\u00ed hay gente de los barrios.\u201d Y en una entrevista, concedida el 21 de junio de 2021, afirm\u00f3 que \u201cel periodista no puede ser neutro, no puede ser as\u00e9ptico, tiene que tomar posici\u00f3n, yo tom\u00e9 posici\u00f3n, y la posici\u00f3n que tom\u00e9 es darles voz y rostro a los muchachos\u201d.<\/p>\n\n\n\n<figure class=\"wp-block-image aligncenter size-full\"><img loading=\"lazy\" decoding=\"async\" width=\"920\" height=\"489\" src=\"https:\/\/nuevademocracia.com.co\/wp-content\/uploads\/2024\/04\/image-2.png\" alt=\"\" class=\"wp-image-26176\" srcset=\"https:\/\/nuevademocracia.com.co\/wp-content\/uploads\/2024\/04\/image-2.png 920w, https:\/\/nuevademocracia.com.co\/wp-content\/uploads\/2024\/04\/image-2-300x159.png 300w, https:\/\/nuevademocracia.com.co\/wp-content\/uploads\/2024\/04\/image-2-768x408.png 768w\" sizes=\"auto, (max-width: 920px) 100vw, 920px\" \/><figcaption class=\"wp-element-caption\"><mark style=\"background-color:rgba(0, 0, 0, 0)\" class=\"has-inline-color has-black-color\">Foto: Canal 2<\/mark><\/figcaption><\/figure>\n\n\n\n<p class=\"has-black-color has-text-color has-link-color wp-elements-7e1c7c27e72c758cc3b1191772ff304f\">En medio del GLP, tanto Alberto Tejada como sus colegas de Canal 2, recibieron todo tipo de ataques, por cumplir su labor como prensa popular en medio de la heroica batalla que las masas estaban librando en las calles, recibieron amenazas de muerte, p\u00e9rdidas econ\u00f3micas debido al retiro de la pauta publicitaria de varias empresas y amenazas de censura por parte del gobierno. Sin embargo, a pesar de ello, continuaron son su labor.<\/p>\n\n\n\n<figure class=\"wp-block-embed is-type-video is-provider-youtube wp-block-embed-youtube wp-embed-aspect-16-9 wp-has-aspect-ratio\"><div class=\"wp-block-embed__wrapper\">\n<iframe loading=\"lazy\" title=\"Ay\u00fadanos, hoy hacemos un #SOSCANAL2 a todo el pa\u00eds y los organismos Internacionales.\" width=\"1290\" height=\"726\" src=\"https:\/\/www.youtube.com\/embed\/nBPK7ivZCfE?feature=oembed\" frameborder=\"0\" allow=\"accelerometer; autoplay; clipboard-write; encrypted-media; gyroscope; picture-in-picture; web-share\" referrerpolicy=\"strict-origin-when-cross-origin\" allowfullscreen><\/iframe>\n<\/div><\/figure>\n\n\n\n<p class=\"has-black-color has-text-color has-link-color wp-elements-ada5ad4a1a20a6fcd84ed42066f369ac\">En uno de sus editoriales del 20 de agosto de 2021, expres\u00f3 su firme convicci\u00f3n de que el periodismo debe servir a la ciudadan\u00eda y no a quienes detentan el poder, y consecuente con ello, estuvo presente de d\u00eda y de noche, tanto en medio de las protestas pac\u00edficas, como de aquellas en que se presentaban fuertes enfrentamientos, en medio de gases, aturdidoras y balaceras, arriesgando su propia integridad, con la conciencia de que la lucha era justa y que las reivindicaciones que exig\u00edan las masas eran totalmente leg\u00edtimas, por todo lo anterior, Alberto Tejada ser\u00e1 recordado por siempre por el pueblo colombiano, como el valiente reportero del Gran Levantamiento Popular en la ciudad de Cali, a quienes los j\u00f3venes luchadores que participaban de las protestas, llamaban con cari\u00f1o: \u201cel cucho del Canal 2\u201d.<\/p>\n","protected":false},"excerpt":{"rendered":"<p>El pasado 28 de febrero, falleci\u00f3 Jos\u00e9 Alberto Tejada Echeverri a sus 67 a\u00f1os. Reconocido periodista de Canal 2 en la ciudad de Cali, quien se destac\u00f3 en el Gran Levantamiento Popular (GLP) del a\u00f1o 2021, por el gran compromiso en su labor como reportero de la heroica lucha del pueblo colombiano por sus derechos, [&hellip;]<\/p>\n","protected":false},"author":1,"featured_media":26175,"comment_status":"open","ping_status":"open","sticky":false,"template":"","format":"standard","meta":{"footnotes":""},"categories":[16,4,134],"tags":[62],"class_list":["post-26170","post","type-post","status-publish","format-standard","has-post-thumbnail","hentry","category-carrusel","category-colombia","category-nueva-cultura","tag-conmemoracion"],"blocksy_meta":[],"_links":{"self":[{"href":"https:\/\/nuevademocracia.com.co\/index.php?rest_route=\/wp\/v2\/posts\/26170","targetHints":{"allow":["GET"]}}],"collection":[{"href":"https:\/\/nuevademocracia.com.co\/index.php?rest_route=\/wp\/v2\/posts"}],"about":[{"href":"https:\/\/nuevademocracia.com.co\/index.php?rest_route=\/wp\/v2\/types\/post"}],"author":[{"embeddable":true,"href":"https:\/\/nuevademocracia.com.co\/index.php?rest_route=\/wp\/v2\/users\/1"}],"replies":[{"embeddable":true,"href":"https:\/\/nuevademocracia.com.co\/index.php?rest_route=%2Fwp%2Fv2%2Fcomments&post=26170"}],"version-history":[{"count":1,"href":"https:\/\/nuevademocracia.com.co\/index.php?rest_route=\/wp\/v2\/posts\/26170\/revisions"}],"predecessor-version":[{"id":26177,"href":"https:\/\/nuevademocracia.com.co\/index.php?rest_route=\/wp\/v2\/posts\/26170\/revisions\/26177"}],"wp:featuredmedia":[{"embeddable":true,"href":"https:\/\/nuevademocracia.com.co\/index.php?rest_route=\/wp\/v2\/media\/26175"}],"wp:attachment":[{"href":"https:\/\/nuevademocracia.com.co\/index.php?rest_route=%2Fwp%2Fv2%2Fmedia&parent=26170"}],"wp:term":[{"taxonomy":"category","embeddable":true,"href":"https:\/\/nuevademocracia.com.co\/index.php?rest_route=%2Fwp%2Fv2%2Fcategories&post=26170"},{"taxonomy":"post_tag","embeddable":true,"href":"https:\/\/nuevademocracia.com.co\/index.php?rest_route=%2Fwp%2Fv2%2Ftags&post=26170"}],"curies":[{"name":"wp","href":"https:\/\/api.w.org\/{rel}","templated":true}]}}