{"id":26179,"date":"2024-04-02T20:00:00","date_gmt":"2024-04-03T01:00:00","guid":{"rendered":"https:\/\/nuevademocracia.com.co\/?p=26179"},"modified":"2024-04-02T14:28:37","modified_gmt":"2024-04-02T19:28:37","slug":"campesinos-europeos-llevan-mas-de-tres-meses-de-protestas","status":"publish","type":"post","link":"https:\/\/nuevademocracia.com.co\/?p=26179","title":{"rendered":"Campesinos europeos llevan m\u00e1s de tres meses de protestas"},"content":{"rendered":"\n<figure class=\"wp-block-image aligncenter size-large\"><img loading=\"lazy\" decoding=\"async\" width=\"1024\" height=\"678\" src=\"https:\/\/nuevademocracia.com.co\/wp-content\/uploads\/2024\/04\/Imagen2-1024x678.png\" alt=\"\" class=\"wp-image-26180\" srcset=\"https:\/\/nuevademocracia.com.co\/wp-content\/uploads\/2024\/04\/Imagen2-1024x678.png 1024w, https:\/\/nuevademocracia.com.co\/wp-content\/uploads\/2024\/04\/Imagen2-300x199.png 300w, https:\/\/nuevademocracia.com.co\/wp-content\/uploads\/2024\/04\/Imagen2-768x509.png 768w, https:\/\/nuevademocracia.com.co\/wp-content\/uploads\/2024\/04\/Imagen2-1536x1017.png 1536w, https:\/\/nuevademocracia.com.co\/wp-content\/uploads\/2024\/04\/Imagen2-2048x1356.png 2048w\" sizes=\"auto, (max-width: 1024px) 100vw, 1024px\" \/><figcaption class=\"wp-element-caption\"><mark style=\"background-color:rgba(0, 0, 0, 0)\" class=\"has-inline-color has-black-color\">Foto: El Heraldo Rojo<\/mark><\/figcaption><\/figure>\n\n\n\n<p class=\"has-black-color has-text-color has-link-color wp-elements-003a9f0cfecadcf82aea99ceb89ae8d2\">Desde finales del 2023 se empez\u00f3 a gestar una oleada de protestas que se ha extendido y fortalecido por toda Europa. Algunas de las primeras manifestaciones ocurrieron a finales del a\u00f1o pasado, cuando agricultores de varios pa\u00edses fronterizos con Ucrania, bloquearon carreteras para impedir el ingreso de cereales ucranianos.<\/p>\n\n\n\n<p class=\"has-black-color has-text-color has-link-color wp-elements-c906b28073241bd4e9b0355b06f61b23\">Luego, en la primera semana de diciembre, en Cahors, Francia, cientos de agricultores arrojaron toneladas de esti\u00e9rcol y heno en edificios gubernamentales, exigiendo mejores condiciones y regulaci\u00f3n para vender sus productos, pues afirman que est\u00e1n trabajando a p\u00e9rdida, debido al aumento en los costos de producci\u00f3n y al ingreso de productos agr\u00edcolas provenientes de otros pa\u00edses a menor precio.<\/p>\n\n\n\n<p class=\"has-black-color has-text-color has-link-color wp-elements-4ce61933806fdc9f22b195e8241bdd39\">Una semana m\u00e1s tarde, pero esta vez en Berl\u00edn, Alemania, miles de agricultores se movilizaron en sus tractores para protestar en contra de la decisi\u00f3n del gobierno, de acabar con ayudas al di\u00e9sel agr\u00edcola (combustible), el cual es necesario para hacer funcionar las m\u00e1quinas que usan los agricultores en el campo.<\/p>\n\n\n\n<p class=\"has-black-color has-text-color has-link-color wp-elements-de868c3e3bb7abf540df24da1bb521b5\">Empezando el 2024, el 10 de enero, en Ruman\u00eda, campesinos y conductores de camiones han bloqueado el tr\u00e1fico en varias carreteras del pa\u00eds y a lo largo de la frontera con Ucrania. Tambi\u00e9n protestan contra la importaci\u00f3n de granos ucranianos, los cuales est\u00e1n ingresando a la Uni\u00f3n Europea (UE) sin aranceles y est\u00e1n ocasionando la quiebra de los productores locales. La respuesta del Estado fue promesas y represi\u00f3n: varios manifestantes arrestados y licencias de conducci\u00f3n suspendidas para algunos conductores de cami\u00f3n que participaban.<\/p>\n\n\n\n<p class=\"has-black-color has-text-color has-link-color wp-elements-b794bc966c66a640472f01024bc3b545\">El 29 de enero, miles de agricultores franceses tomaron sus tractores y se encaminaron hacia la capital Par\u00eds, con el objetivo de sitiarla bloqueando varias autopistas. La respuesta del Estado fue desplegar miles de polic\u00edas para impedir la llegada de los granjeros hasta la capital. D\u00edas m\u00e1s tarde, los agricultores espa\u00f1oles llevaron a cabo fuertes protestas, con las cuales bloquearon decenas de carreteras en todo el pa\u00eds. Una de las acciones m\u00e1s importantes fue el bloqueo del centro log\u00edstico de Mercadona en la ciudad de Antequera, donde los agricultores exig\u00edan precios justos para sus productos. Mercadona es una de las principales cadenas de supermercados de Espa\u00f1a, acci\u00f3n que fue reprimida por los antidisturbios, quienes lanzaron gases lacrim\u00f3genos y balas de goma.<\/p>\n\n\n\n<p class=\"has-black-color has-text-color has-link-color wp-elements-e1493bad5a5eb9f037fe02f608add4f5\">El 26 de febrero, cientos de agricultores realizaron una nueva jornada de protestas en Bruselas. All\u00ed se presentaron enfrentamientos con la polic\u00eda, contra la cual los manifestantes lanzaron esti\u00e9rcol, huevos, botellas y levantaron barricadas con neum\u00e1ticos para defenderse.<\/p>\n\n\n\n<p class=\"has-black-color has-text-color has-link-color wp-elements-2401fb277bb86d4ee8418b62db349502\">Los anteriores son solo algunos ejemplos, pero la lista de movilizaciones por todo el continente europeo es bastante extensa, ya que durante enero, febrero y marzo se han mantenido las protestas y bloqueos en carreteras de Alemania, B\u00e9lgica, Pa\u00edses Bajos, Francia, Espa\u00f1a, Ruman\u00eda, Polonia, Italia, Grecia, Portugal, entre otros. Algunas de ellas con enfrentamientos entre los manifestantes y las fuerzas represivas del Estado. Algunas de las causas o razones que han llevado a los agricultores a tomar las v\u00edas de hecho y salir a las calles a bloquear y protestar son:<\/p>\n\n\n\n<p class=\"has-black-color has-text-color has-link-color wp-elements-840ef64f33b60c775cdbf3295f85eb6a\">1- El aumento en los costos de producci\u00f3n debido al encarecimiento de varios insumos necesarios en la producci\u00f3n agr\u00edcola. Por ejemplo, los precios de combustibles debido a la guerra de invasi\u00f3n de Rusia contra Ucrania, a lo cual se suma el hecho de que, algunos gobiernos como el de Alemania y Francia pretenden eliminar las ayudas, o exenciones tributarias, que reciben los agricultores para el di\u00e9sel agr\u00edcola, lo cual agrava el problema. Tambi\u00e9n los fertilizantes y la electricidad han aumentado sustancialmente sus precios.<\/p>\n\n\n\n<p class=\"has-black-color has-text-color has-link-color wp-elements-87751f7dac6a2d082fdd35c91798b0a3\">2- Imposici\u00f3n de medidas ambientales a los agricultores. El parlamento europeo, a trav\u00e9s del Pacto Verde Europeo, y reformas a la Pol\u00edtica Agraria Com\u00fan (PAC), busca imponer medidas, impuestos y restricciones ambientales a la producci\u00f3n agr\u00edcola. Algunas de las medidas que m\u00e1s se han mencionado son obligar a los agricultores a que dediquen 4% de sus tierras a actividades no productivas, reducir el uso de fertilizantes en un 20% y realizar rotaci\u00f3n de cultivos. Medidas con las cuales, seg\u00fan los manifestantes, se aumentan los costos de producci\u00f3n. Adem\u00e1s, los agricultores denuncian que, mientras a ellos se les imponen mayores medidas y controles ambientales, a los productos importados, provenientes de otros pa\u00edses, no se les exige igual, por lo tanto, la competencia es totalmente desigual.<\/p>\n\n\n\n<p class=\"has-black-color has-text-color has-link-color wp-elements-58ad087d87d6274e74c145c364fdd717\">3- Debido a la guerra de invasi\u00f3n en Ucrania, la Uni\u00f3n Europea levant\u00f3 las restricciones a las importaciones provenientes de dicho pa\u00eds. En particular el ingreso de cereales tiene en graves problemas a los agricultores europeos, ya que Ucrania es uno de los principales pa\u00edses productores de granos en el mundo, y el ingreso sin aranceles de sus productos, a otros pa\u00edses europeos, ocasiona una ca\u00edda de los precios y la imposibilidad para los agricultores locales de competir, trabajando a p\u00e9rdida.<\/p>\n\n\n\n<p class=\"has-black-color has-text-color has-link-color wp-elements-a95ac8565020376dade14d3e431630c5\">4- El papel de los intermediarios. Mientras los campesinos est\u00e1n recibiendo precios bajos por sus productos, muchos de esos productos han aumentado sus precios en los supermercados, donde son adquiridos por el consumidor final, sin embargo, ese aumento de los precios se lo est\u00e1n quedando los intermediarios, que son principalmente el capital financiero y las grandes cadenas de distribuci\u00f3n y supermercados, en manos de los grandes monopolios.<\/p>\n\n\n\n<p class=\"has-black-color has-text-color has-link-color wp-elements-adc41dcf72e7044eef8772e47b08f8eb\">Hay m\u00e1s reivindicaciones de los agricultores, pero estas son algunas de las m\u00e1s mencionadas en diferentes medios de comunicaci\u00f3n que han cubierto las protestas. Mientras tanto, los gobiernos de cada pa\u00eds han respondido de dos formas: con promesas para mitigar la lucha y con represi\u00f3n cuando las masas han expresado su combatividad y firmeza en los bloqueos y en los enfrentamientos con las fuerzas de represi\u00f3n policial.<\/p>\n","protected":false},"excerpt":{"rendered":"<p>Desde finales del 2023 se empez\u00f3 a gestar una oleada de protestas que se ha extendido y fortalecido por toda Europa. Algunas de las primeras manifestaciones ocurrieron a finales del a\u00f1o pasado, cuando agricultores de varios pa\u00edses fronterizos con Ucrania, bloquearon carreteras para impedir el ingreso de cereales ucranianos. Luego, en la primera semana de [&hellip;]<\/p>\n","protected":false},"author":1,"featured_media":26180,"comment_status":"open","ping_status":"open","sticky":false,"template":"","format":"standard","meta":{"footnotes":""},"categories":[16,31],"tags":[],"class_list":["post-26179","post","type-post","status-publish","format-standard","has-post-thumbnail","hentry","category-carrusel","category-internacional"],"blocksy_meta":[],"_links":{"self":[{"href":"https:\/\/nuevademocracia.com.co\/index.php?rest_route=\/wp\/v2\/posts\/26179","targetHints":{"allow":["GET"]}}],"collection":[{"href":"https:\/\/nuevademocracia.com.co\/index.php?rest_route=\/wp\/v2\/posts"}],"about":[{"href":"https:\/\/nuevademocracia.com.co\/index.php?rest_route=\/wp\/v2\/types\/post"}],"author":[{"embeddable":true,"href":"https:\/\/nuevademocracia.com.co\/index.php?rest_route=\/wp\/v2\/users\/1"}],"replies":[{"embeddable":true,"href":"https:\/\/nuevademocracia.com.co\/index.php?rest_route=%2Fwp%2Fv2%2Fcomments&post=26179"}],"version-history":[{"count":1,"href":"https:\/\/nuevademocracia.com.co\/index.php?rest_route=\/wp\/v2\/posts\/26179\/revisions"}],"predecessor-version":[{"id":26181,"href":"https:\/\/nuevademocracia.com.co\/index.php?rest_route=\/wp\/v2\/posts\/26179\/revisions\/26181"}],"wp:featuredmedia":[{"embeddable":true,"href":"https:\/\/nuevademocracia.com.co\/index.php?rest_route=\/wp\/v2\/media\/26180"}],"wp:attachment":[{"href":"https:\/\/nuevademocracia.com.co\/index.php?rest_route=%2Fwp%2Fv2%2Fmedia&parent=26179"}],"wp:term":[{"taxonomy":"category","embeddable":true,"href":"https:\/\/nuevademocracia.com.co\/index.php?rest_route=%2Fwp%2Fv2%2Fcategories&post=26179"},{"taxonomy":"post_tag","embeddable":true,"href":"https:\/\/nuevademocracia.com.co\/index.php?rest_route=%2Fwp%2Fv2%2Ftags&post=26179"}],"curies":[{"name":"wp","href":"https:\/\/api.w.org\/{rel}","templated":true}]}}