{"id":26191,"date":"2024-04-08T16:25:03","date_gmt":"2024-04-08T21:25:03","guid":{"rendered":"https:\/\/nuevademocracia.com.co\/?p=26191"},"modified":"2024-04-20T11:00:13","modified_gmt":"2024-04-20T16:00:13","slug":"amenaza-de-desalojo-en-el-barrio-jose-antonio-galan","status":"publish","type":"post","link":"https:\/\/nuevademocracia.com.co\/?p=26191","title":{"rendered":"Amenaza de desalojo en el barrio Jos\u00e9 Antonio Gal\u00e1n"},"content":{"rendered":"\n<figure class=\"wp-block-image aligncenter size-large\"><img loading=\"lazy\" decoding=\"async\" width=\"1024\" height=\"768\" src=\"https:\/\/nuevademocracia.com.co\/wp-content\/uploads\/2024\/04\/20240406_223049-1024x768.jpg\" alt=\"\" class=\"wp-image-26192\" srcset=\"https:\/\/nuevademocracia.com.co\/wp-content\/uploads\/2024\/04\/20240406_223049-1024x768.jpg 1024w, https:\/\/nuevademocracia.com.co\/wp-content\/uploads\/2024\/04\/20240406_223049-300x225.jpg 300w, https:\/\/nuevademocracia.com.co\/wp-content\/uploads\/2024\/04\/20240406_223049-768x576.jpg 768w, https:\/\/nuevademocracia.com.co\/wp-content\/uploads\/2024\/04\/20240406_223049-1536x1152.jpg 1536w, https:\/\/nuevademocracia.com.co\/wp-content\/uploads\/2024\/04\/20240406_223049.jpg 1600w\" sizes=\"auto, (max-width: 1024px) 100vw, 1024px\" \/><figcaption class=\"wp-element-caption\"><mark style=\"background-color:rgba(0, 0, 0, 0)\" class=\"has-inline-color has-black-color\">Foto: Archivo Propio<\/mark><\/figcaption><\/figure>\n\n\n\n<p class=\"has-black-color has-text-color has-link-color wp-elements-5b2405e503b953aba09f42210d2f3026\">En la Comuna 1 de Bello y entre las quebradas La Maruchenga y La Madera, queda Jos\u00e9 Antonio Gal\u00e1n, un barrio popular ubicado al sur de Bello, en el l\u00edmite con Medell\u00edn. Este barrio naci\u00f3 en los a\u00f1os 50 cuando los primeros habitantes pusieron las primeras tablas y levantaron el primer rancho. Desde aquella \u00e9poca el barrio Gal\u00e1n ha crecido notablemente, pues el pueblo necesita un espacio el cual habitar, m\u00e1s a\u00fan, si han sido expulsados del campo y sus tierras arrebatadas, ya sea por la violencia bipartidista, por el enfrentamiento entre diversos grupos armados que no representan los intereses del campesinado, o por el rezago del campo colombiano<s><\/s><\/p>\n\n\n\n<p class=\"has-black-color has-text-color has-link-color wp-elements-b83e573c616ae66ea9bbc3838f8a7ea1\">Jos\u00e9 Antonio Gal\u00e1n es un barrio popular como muchos de Bello, como tambi\u00e9n los hay en Medell\u00edn, all\u00ed, algunos vecinos tienen huertas, o, por ejemplo, cr\u00edan gallinas, de este modo, conservan algunas pr\u00e1cticas de la vida en el campo; los habitantes trabajan en lo que sea para lograr sacar a sus familias adelante, bien sea para conseguir el alimento diario o para invertir en su vivienda, cambiar las tablas y pl\u00e1stico por material y tejas m\u00e1s firmes que protejan el interior de la casa y a toda la familia. Este barrio, ha sido una muestra de c\u00f3mo el pueblo trabaja incansablemente para tener aquello que el Estado no garantiza, el derecho a la vivienda digna. Pero, adem\u00e1s de no garantizar que todos tengan m\u00ednimamente un espacio donde vivir, el Estado amenaza con destruir muchas de las casas <strong>del Barrio Jos\u00e9 Antonio Gal\u00e1n, como denuncian los habitantes, quienes recientemente recibieron una notificaci\u00f3n de desalojo de la Alcald\u00eda de Bello.<\/strong><\/p>\n\n\n\n<p class=\"has-black-color has-text-color has-link-color wp-elements-29de13ead5a94c8568533f16ed3c1e20\">La vivienda la construye el pueblo con sus manos y los habitantes del barrio Jos\u00e9 Antonio Gal\u00e1n son ejemplo de esto. En un recorrido que hicimos para conocer el barrio y hablar con la comunidad frente a la actual problem\u00e1tica, uno de los vecinos hablaba de la importancia que tiene la vivienda para \u00e9l, en sus palabras dec\u00eda: \u201csi me voy a morir, por lo menos hay que tener la casita ordenada\u201d. Hoy en d\u00eda la gran mayor\u00eda de las casas est\u00e1n construidas en material y las carreteras est\u00e1n pavimentadas, fueron los mismos habitantes del sector quienes adem\u00e1s de construir las casas hicieron las carreteras, como nos indic\u00f3 una vecina del barrio quien nos mostr\u00f3 una fotograf\u00eda que todav\u00eda conserva y que evidencia un convite, jornada de trabajo colectivo, donde los vecinos se unieron para construir el camino por la loma empinada, usando los materiales que consiguieron previamente haciendo vaca. En consecuencia, los carros y motos pueden hoy d\u00eda subir por la loma sin problema. No sobra decir, si la orden de desalojo se materializa, veremos patrullas y tanquetas de la polic\u00eda, subir por las carreteras que el Estado nunca construy\u00f3, para arrebatar derechos en vez de garantizarlos.<\/p>\n\n\n\n<p class=\"has-black-color has-text-color has-link-color wp-elements-0dfae92efd598e7da93e4a552d0d1d5b\">Hay que hacer \u00e9nfasis en que el pueblo no solo construye su vivienda con las manos y sin la ayuda del Estado, sino que muchas veces, a pesar del Estado. Las casas de Jos\u00e9 Antonio Gal\u00e1n ha sido el hogar de al menos tres generaciones de personas, algunos vecinos nos narraban c\u00f3mo llegaron al barrio en su ni\u00f1ez y sus padres levantaron las casas y las calles que ahora habitan, hoy d\u00eda los ni\u00f1os de ayer ya tienen hijos e incluso nietos. Pero <strong>d<\/strong><strong>esde el pasado 23 de febrero, muchos vecinos del sector se encuentran amenazados por una orden de desalojo<\/strong>, bajo el pretexto de que las casas se encuentran construidas en zona de riesgo. Efectivamente, los vecinos cuentan que, en zonas espec\u00edficas del sector, el terreno es inestable y anteriormente se han producido deslizamientos, pero solo en tales zonas espec\u00edficas, mas no en todo el barrio. Sin embargo, ante el argumento de que se encuentran en riesgo, una vecina declaraba: \u201cdeber\u00edan canalizar las quebradas\u201d, es decir, los vecinos reclaman que el Estado deber\u00eda invertir en el terreno para que sea habitable sin riesgo. Pero contrario a eso, la alcald\u00eda ha encontrado m\u00e1s rentable expulsar a muchos vecinos que canalizar los afluentes y adecuar el terreno de modo que sea apto en las zonas donde efectivamente hay un riesgo. Otra vecina se\u00f1alaba que hay una zona espec\u00edfica donde el terreno es inestable, pero la orden de desalojo tambi\u00e9n comprende varias casas en otras partes del barrio, que est\u00e1n muy lejos de la zona donde efectivamente se han producido los deslizamientos de tierra, y que los vecinos consideran no se encuentran en riesgo. Los vecinos denuncian que no hay un previo acuerdo de reubicaci\u00f3n y que no se les ha escuchado a quienes construyeron el hogar del cual hoy se les pretende expulsar, por ello los vecinos sentencian que es un desalojo negligente y completamente ileg\u00edtimo.<\/p>\n\n\n\n<p class=\"has-black-color has-text-color has-link-color wp-elements-83bbaeb35a487f1b373b5ecdd9fdc571\">En un art\u00edculo escrito anteriormente llamado \u201cEmergencia invernal, negligencia estatal\u201d explicamos que no solamente las condiciones clim\u00e1ticas ponen a las personas de barrios populares en condiciones de riesgo, sino que tambi\u00e9n, la misma negligencia del Estado lleva a que hoy d\u00eda gran parte del pueblo viva en condiciones precarias, en zonas donde se arriesgan a perder sus viviendas y sus vidas.<\/p>\n\n\n\n<p class=\"has-black-color has-text-color has-link-color wp-elements-b350c5e5195f419a61359af5b9bd9ddb\">Frente a lo anterior, los vecinos del barrio Jos\u00e9 Antonio Gal\u00e1n se vienen juntando, est\u00e1n buscando las formas de pelear, pues no piensan dejarse sacar, interpusieron una tutela, y adem\u00e1s han venido realizando reuniones, pegando carteles, colgando telas y promoviendo diferentes actividades culturales para integrar a todos los vecinos del sector. No es para menos, seg\u00fan datos de la Encuesta Nacional de Calidad de Vida (ECV) realizada por el DANE, para el 2021 en Antioquia hubo un d\u00e9ficit habitacional del 24.6%, es decir, que en uno de cada cuatro hogares antioque\u00f1os, las personas habitan en viviendas con deficiencias en cuanto a espacio, por lo tanto en condiciones de hacinamiento, o tambi\u00e9n, con otros tipos de deficiencias como en la estructura, lo anterior, sin tener en cuenta a las personas que, a falta de vivienda, deben vivir en la calle. Acorde a lo anterior, la lucha por vivienda digna de los habitantes del barrio Jos\u00e9 Antonio Gal\u00e1n se enmarca en un contexto que va m\u00e1s all\u00e1 de las fronteras del barrio, una cantidad considerable de las amplias masas populares no tiene un espacio para vivir dignamente, y en ese contexto, es justa la resistencia de los habitantes del barrio al desalojo.<\/p>\n\n\n\n<p class=\"has-black-color has-text-color has-link-color wp-elements-84dae427159bd634730fe2651e9ebd70\">Hace unos pocos a\u00f1os han tenido lugar otros desalojos por parte del Estado, Nueva Jerusal\u00e9n y Moravia son dos ejemplos de ello, el primero de ellos, siendo un barrio muy cercano al Jos\u00e9 Antonio Gal\u00e1n, pues se encuentra ubicado en la misma comuna. Se dice que en el Departamento de Antioquia hay un d\u00e9ficit de vivienda de 600 mil unidades (Caracol Radio), lo anterior sirve de ejemplo para tener una noci\u00f3n de la magnitud del problema y la necesidad de apoyar desde la solidaridad y la lucha a los habitantes del sector.<\/p>\n\n\n\n<p class=\"has-black-color has-text-color has-link-color wp-elements-0856db4b2fa5655fa5285c461bc60165\">Los habitantes del barrio Jos\u00e9 Antonio Gal\u00e1n han ido impulsando actividades para llamar a la uni\u00f3n y a la solidaridad de todo el barrio, a tal llamado se han aproximado j\u00f3venes estudiantes y egresados de la universidad, quienes se han ido acercando para conocer la problem\u00e1tica por boca de los mismo habitantes y ponerse de lado del pueblo, porque en Bello y en muchas ciudades del pa\u00eds, el pueblo luch\u00f3, lucha y luchar\u00e1 contra los agentes del Estado para defender su derecho a la vivienda digna, y tal lucha debe contar con la solidaridad de todos los sectores oprimidos de la sociedad. Dec\u00eda una vecina del barrio: \u201cyo pago m\u00e1s de $300 mil de impuesto predial [anual] y la luz me llega en $60 mil [mensual]\u201d y aun as\u00ed, hoy es una de las personas que se encuentra en riesgo de perder la casa que sus antepasados construyeron con tanto esfuerzo, ahora bien, las personas en el Valle de Aburr\u00e1, espec\u00edficamente la clase trabajadora y las masas populares, padecen las consecuencias del alza en el costo de vida, el encarecimiento de los arriendos producto del turismo y porque sencillamente ante al negocio y al bienestar de unos pocos, el pueblo no tiene espacio para vivir, de esta manera, apoyar la lucha de los habitantes del barrio Jos\u00e9 Antonio Gal\u00e1n, es apoyar la lucha de todo el pueblo oprimido y explotado por vivienda digna.<\/p>\n\n\n\n<div class=\"wp-block-group is-nowrap is-layout-flex wp-container-core-group-is-layout-6c531013 wp-block-group-is-layout-flex\">\n<figure class=\"wp-block-image size-large is-resized\"><img loading=\"lazy\" decoding=\"async\" width=\"1024\" height=\"768\" src=\"https:\/\/nuevademocracia.com.co\/wp-content\/uploads\/2024\/04\/20240406_223037-1024x768.jpg\" alt=\"\" class=\"wp-image-26193\" style=\"width:467px;height:auto\" srcset=\"https:\/\/nuevademocracia.com.co\/wp-content\/uploads\/2024\/04\/20240406_223037-1024x768.jpg 1024w, https:\/\/nuevademocracia.com.co\/wp-content\/uploads\/2024\/04\/20240406_223037-300x225.jpg 300w, https:\/\/nuevademocracia.com.co\/wp-content\/uploads\/2024\/04\/20240406_223037-768x576.jpg 768w, https:\/\/nuevademocracia.com.co\/wp-content\/uploads\/2024\/04\/20240406_223037-1536x1152.jpg 1536w, https:\/\/nuevademocracia.com.co\/wp-content\/uploads\/2024\/04\/20240406_223037.jpg 1600w\" sizes=\"auto, (max-width: 1024px) 100vw, 1024px\" \/><figcaption class=\"wp-element-caption\"><mark style=\"background-color:rgba(0, 0, 0, 0)\" class=\"has-inline-color has-black-color\">Foto: Archivo Propio<\/mark><\/figcaption><\/figure>\n\n\n\n<div class=\"wp-block-group is-vertical is-layout-flex wp-container-core-group-is-layout-fe9cc265 wp-block-group-is-layout-flex\">\n<figure class=\"wp-block-image size-large is-resized\"><img loading=\"lazy\" decoding=\"async\" width=\"1024\" height=\"768\" src=\"https:\/\/nuevademocracia.com.co\/wp-content\/uploads\/2024\/04\/20240406_223042-1024x768.jpg\" alt=\"\" class=\"wp-image-26194\" style=\"width:316px;height:auto\" srcset=\"https:\/\/nuevademocracia.com.co\/wp-content\/uploads\/2024\/04\/20240406_223042-1024x768.jpg 1024w, https:\/\/nuevademocracia.com.co\/wp-content\/uploads\/2024\/04\/20240406_223042-300x225.jpg 300w, https:\/\/nuevademocracia.com.co\/wp-content\/uploads\/2024\/04\/20240406_223042-768x576.jpg 768w, https:\/\/nuevademocracia.com.co\/wp-content\/uploads\/2024\/04\/20240406_223042-1536x1152.jpg 1536w, https:\/\/nuevademocracia.com.co\/wp-content\/uploads\/2024\/04\/20240406_223042.jpg 1600w\" sizes=\"auto, (max-width: 1024px) 100vw, 1024px\" \/><figcaption class=\"wp-element-caption\"><mark style=\"background-color:rgba(0, 0, 0, 0)\" class=\"has-inline-color has-black-color\">Foto: Archivo Propio<\/mark><\/figcaption><\/figure>\n\n\n\n<figure class=\"wp-block-image size-large is-resized\"><img loading=\"lazy\" decoding=\"async\" width=\"768\" height=\"1024\" src=\"https:\/\/nuevademocracia.com.co\/wp-content\/uploads\/2024\/04\/20240406_223016-768x1024.jpg\" alt=\"\" class=\"wp-image-26195\" style=\"width:371px;height:auto\" srcset=\"https:\/\/nuevademocracia.com.co\/wp-content\/uploads\/2024\/04\/20240406_223016-768x1024.jpg 768w, https:\/\/nuevademocracia.com.co\/wp-content\/uploads\/2024\/04\/20240406_223016-225x300.jpg 225w, https:\/\/nuevademocracia.com.co\/wp-content\/uploads\/2024\/04\/20240406_223016-1152x1536.jpg 1152w, https:\/\/nuevademocracia.com.co\/wp-content\/uploads\/2024\/04\/20240406_223016.jpg 1200w\" sizes=\"auto, (max-width: 768px) 100vw, 768px\" \/><figcaption class=\"wp-element-caption\"><mark style=\"background-color:rgba(0, 0, 0, 0)\" class=\"has-inline-color has-black-color\">Foto: Archivo Propio<\/mark><\/figcaption><\/figure>\n<\/div>\n<\/div>\n","protected":false},"excerpt":{"rendered":"<p>En la Comuna 1 de Bello y entre las quebradas La Maruchenga y La Madera, queda Jos\u00e9 Antonio Gal\u00e1n, un barrio popular ubicado al sur de Bello, en el l\u00edmite con Medell\u00edn. Este barrio naci\u00f3 en los a\u00f1os 50 cuando los primeros habitantes pusieron las primeras tablas y levantaron el primer rancho. Desde aquella \u00e9poca [&hellip;]<\/p>\n","protected":false},"author":1,"featured_media":26192,"comment_status":"open","ping_status":"open","sticky":false,"template":"","format":"standard","meta":{"footnotes":""},"categories":[4],"tags":[41],"class_list":["post-26191","post","type-post","status-publish","format-standard","has-post-thumbnail","hentry","category-colombia","tag-represion-estatal"],"blocksy_meta":[],"_links":{"self":[{"href":"https:\/\/nuevademocracia.com.co\/index.php?rest_route=\/wp\/v2\/posts\/26191","targetHints":{"allow":["GET"]}}],"collection":[{"href":"https:\/\/nuevademocracia.com.co\/index.php?rest_route=\/wp\/v2\/posts"}],"about":[{"href":"https:\/\/nuevademocracia.com.co\/index.php?rest_route=\/wp\/v2\/types\/post"}],"author":[{"embeddable":true,"href":"https:\/\/nuevademocracia.com.co\/index.php?rest_route=\/wp\/v2\/users\/1"}],"replies":[{"embeddable":true,"href":"https:\/\/nuevademocracia.com.co\/index.php?rest_route=%2Fwp%2Fv2%2Fcomments&post=26191"}],"version-history":[{"count":1,"href":"https:\/\/nuevademocracia.com.co\/index.php?rest_route=\/wp\/v2\/posts\/26191\/revisions"}],"predecessor-version":[{"id":26196,"href":"https:\/\/nuevademocracia.com.co\/index.php?rest_route=\/wp\/v2\/posts\/26191\/revisions\/26196"}],"wp:featuredmedia":[{"embeddable":true,"href":"https:\/\/nuevademocracia.com.co\/index.php?rest_route=\/wp\/v2\/media\/26192"}],"wp:attachment":[{"href":"https:\/\/nuevademocracia.com.co\/index.php?rest_route=%2Fwp%2Fv2%2Fmedia&parent=26191"}],"wp:term":[{"taxonomy":"category","embeddable":true,"href":"https:\/\/nuevademocracia.com.co\/index.php?rest_route=%2Fwp%2Fv2%2Fcategories&post=26191"},{"taxonomy":"post_tag","embeddable":true,"href":"https:\/\/nuevademocracia.com.co\/index.php?rest_route=%2Fwp%2Fv2%2Ftags&post=26191"}],"curies":[{"name":"wp","href":"https:\/\/api.w.org\/{rel}","templated":true}]}}