{"id":26203,"date":"2024-04-10T13:32:53","date_gmt":"2024-04-10T18:32:53","guid":{"rendered":"https:\/\/nuevademocracia.com.co\/?p=26203"},"modified":"2024-10-23T10:46:07","modified_gmt":"2024-10-23T15:46:07","slug":"and-en-los-6-meses-del-diluvio-de-al-aqsa-israel-retira-tropas-del-sur-de-gaza","status":"publish","type":"post","link":"https:\/\/nuevademocracia.com.co\/?p=26203","title":{"rendered":"En los 6 meses del Diluvio de Al-Aqsa, Israel retira tropas del sur de Gaza"},"content":{"rendered":"\n<p class=\"has-black-color has-text-color has-link-color wp-elements-ebeca22e57d6a88565b987a43cc13a59\">Compartimos esta traducci\u00f3n no oficial de este articulo encontrado en <a href=\"https:\/\/anovademocracia.com.br\/nos-6-meses-do-diluvio-de-al-aqsa-israel-retira-tropas-do-sul-de-gaza\/\">A Nova Democracia<\/a><\/p>\n\n\n\n<p class=\"has-black-color has-text-color has-link-color wp-elements-f5f5d1f3e76134a7a4c30569f4a441d4\">Las Brigadas Al-Qassam, organizaci\u00f3n militar de Ham\u00e1s, afirmaron que la salida de las tropas sionistas fue consecuencia de las firmes acciones de la Resistencia Nacional.\u00a0<\/p>\n\n\n\n<figure class=\"wp-block-image aligncenter size-full\"><img loading=\"lazy\" decoding=\"async\" width=\"770\" height=\"513\" src=\"https:\/\/nuevademocracia.com.co\/wp-content\/uploads\/2024\/04\/image-4.png\" alt=\"\" class=\"wp-image-26204\" srcset=\"https:\/\/nuevademocracia.com.co\/wp-content\/uploads\/2024\/04\/image-4.png 770w, https:\/\/nuevademocracia.com.co\/wp-content\/uploads\/2024\/04\/image-4-300x200.png 300w, https:\/\/nuevademocracia.com.co\/wp-content\/uploads\/2024\/04\/image-4-768x512.png 768w\" sizes=\"auto, (max-width: 770px) 100vw, 770px\" \/><\/figure>\n\n\n\n<p class=\"has-black-color has-text-color has-link-color wp-elements-54561475505b328895e81291926a63db\">Al mismo tiempo que la patri\u00f3tica operaci\u00f3n militar palestina titulada Diluvio de Al-Aqsa cumpli\u00f3 su s\u00e9ptimo mes, el 7 de abril, el Estado sionista de Israel anunci\u00f3 la retirada de sus tropas de la parte sur de la Franja de Gaza. Con excepci\u00f3n de una brigada, todos los soldados invasores abandonaron la regi\u00f3n.\u00a0<\/p>\n\n\n\n<p class=\"has-black-color has-text-color has-link-color wp-elements-0458f295e1168501a441555ac9a64a1d\">\u201cHoy, domingo 7 de abril, la 98.\u00aa divisi\u00f3n de comando de las FDI concluy\u00f3 su misi\u00f3n en Khan Younis. La divisi\u00f3n abandon\u00f3 la Franja de Gaza para recuperarse y prepararse para futuras operaciones\u201d, dijo el ej\u00e9rcito sionista en un comunicado el domingo.<\/p>\n\n\n\n<h4 class=\"wp-block-heading has-black-color has-text-color has-link-color wp-elements-a2a65e46795de161e8df834015bff8d4\">Victoria militar<\/h4>\n\n\n\n<p class=\"has-black-color has-text-color has-link-color wp-elements-8bc34513f0e5d84219db7408d0a4bb4d\">El anuncio corona una nueva victoria militar de la Resistencia Nacional Palestina. El Estado sionista de Israel promete que la salida ser\u00e1 temporal, y algunos analistas se\u00f1alan que puede ser una preparaci\u00f3n para la invasi\u00f3n de Rafah, pero no hay se\u00f1ales concretas de que la nueva ofensiva vaya a producirse. Adem\u00e1s, la salida de las tropas sionistas de Gaza ofrece muchas menos condiciones de recuperaci\u00f3n para los militares sionistas que para las guerrillas palestinas, que pueden reorganizarse sobre el terreno y redistribuir equipos y bienes de una manera facilitada por el conocimiento del terreno y medios como los  t\u00faneles subterr\u00e1neos.<\/p>\n\n\n\n<p class=\"has-black-color has-text-color has-link-color wp-elements-4ebe5a9bacfabdf766276fb85499c19e\">Las Brigadas Al-Qassam, organizaci\u00f3n militar de Ham\u00e1s, afirmaron que la salida de las tropas sionistas fue consecuencia de las firmes acciones de la Resistencia Nacional.&nbsp;<\/p>\n\n\n\n<p class=\"has-black-color has-text-color has-link-color wp-elements-b5d875c9903346b87386e3af441f58bb\">\u201cLa ocupaci\u00f3n entr\u00f3 en la mayor\u00eda de zonas de la Franja de Gaza, destruy\u00e9ndolas por completo, alardeando de haber logrado desmantelar las brigadas de Ham\u00e1s. Cada vez que la ocupaci\u00f3n regresaba a zonas donde supon\u00eda que no encontrar\u00eda resistencia, se ve\u00eda sorprendida por una resistencia feroz y cualitativa. La ocupaci\u00f3n se vio obligada a cesar sus operaciones incluso antes de lograr sus objetivos, con ejemplos como Al-Jawazat, Al-Shifa y Khan Yunis\u201d, afirm\u00f3 la organizaci\u00f3n.&nbsp;<\/p>\n\n\n\n<h4 class=\"wp-block-heading has-black-color has-text-color has-link-color wp-elements-fda9e737f54b37ec518a134f0208d610\">Estado de Israel rodeado<\/h4>\n\n\n\n<p class=\"has-black-color has-text-color has-link-color wp-elements-951db8696e13ff92e5552131cb9770b4\">La victoria militar tiene a\u00fan m\u00e1s peso si se considera en su conjunto la situaci\u00f3n militar en Oriente Medio. Adem\u00e1s de sangrar en Palestina, el Estado sionista sigue sufriendo importantes derrotas en sus fronteras del norte, donde libra batallas con el movimiento antiimperialista Hezbollah.&nbsp;<\/p>\n\n\n\n<p class=\"has-black-color has-text-color has-link-color wp-elements-d336e3844c103b6dbf8f17c2b73e6513\">Tambi\u00e9n existe una tensi\u00f3n constante de que Israel sufrir\u00e1 un poderoso ataque de Ir\u00e1n, como forma de represalia por el ataque sionista llevado a cabo contra la embajada iran\u00ed en Siria. El Estado sionista incluso declar\u00f3 la semana pasada un toque de queda por temor a la respuesta.&nbsp;<\/p>\n\n\n\n<h4 class=\"wp-block-heading has-black-color has-text-color has-link-color wp-elements-cd09d8f96504a2d077325c60bd1304a0\">Los sionistas reconocen la derrota<\/h4>\n\n\n\n<p class=\"has-black-color has-text-color has-link-color wp-elements-be7f05bdfc92ef8550f48aed2084f320\">En los monopolios sionistas de las comunicaciones, todo el mundo reconoce la derrota. El periodista israel\u00ed Amos Harel declar\u00f3 en Haaretz que \u201cno se lograron los objetivos\u201d en Khan Younis. Nadav Eyal, analista de&nbsp;<em>Yedioth Ahronoth,<\/em>&nbsp;declar\u00f3 que Israel \u201cperdi\u00f3 la guerra\u201d. \u201cNo s\u00f3lo [Israel] ha perdido apoyo en la mayor parte de Occidente, sino que est\u00e1 muy cerca de un embargo de armas por parte de Europa\u201d, dijo.&nbsp;<\/p>\n\n\n\n<p class=\"has-black-color has-text-color has-link-color wp-elements-ae6916a52b6c895a1e069600419fea3d\">De hecho, Israel est\u00e1 derrotado. Adem\u00e1s de las derrotas militares, van en aumento las derrotas pol\u00edticas. La semana pasada, la autodenominada Organizaci\u00f3n de las Naciones Unidas (ONU) declar\u00f3 urgente la prohibici\u00f3n del env\u00edo de armas a Israel. Estados Unidos (EE.UU), principal financista de Israel, se ha opuesto al r\u00e9gimen de Netanyahu en cuestiones centrales, como la invasi\u00f3n de Rafah o la lucha contra pa\u00edses enemigos de Israel. Temerosos de la regionalizaci\u00f3n del conflicto en todo Oriente Medio, EE.UU ya ha declarado que la invasi\u00f3n no deber\u00eda producirse y, la semana pasada, el gobierno yanqui declar\u00f3 que no hay soluci\u00f3n militar a la cuesti\u00f3n hut\u00ed en Yemen, y que la cuesti\u00f3n debe manejarse diplom\u00e1ticamente.\u00a0<\/p>\n\n\n\n<h4 class=\"wp-block-heading has-black-color has-text-color has-link-color wp-elements-e5fdd9658e895675917a157f1d4afdde\">Fuerte resistencia&nbsp;<\/h4>\n\n\n\n<p class=\"has-black-color has-text-color has-link-color wp-elements-0c13d2631876a6707cddaa3e3eeec8d1\">Al mismo tiempo, no hay se\u00f1ales de debilitamiento de la Resistencia Nacional ni de la lucha pro Palestina. Las protestas en apoyo del pueblo palestino contin\u00faan en todo el mundo. En Medio Oriente, los pa\u00edses aliados de Palestina refuerzan los ataques a Israel y su compromiso con la guerra, mientras otros pa\u00edses \u00e1rabes lacayos de Estados Unidos revisan acuerdos y acercamientos con el Estado sionista.&nbsp;<\/p>\n\n\n\n<p class=\"has-black-color has-text-color has-link-color wp-elements-1f2e2133e59fa91c0ddd7f822c496044\">Seis meses despu\u00e9s de su inicio, el Diluvio de Al-Aqsa sigue cosechando victorias. Palestina, el Estado de Israel, Medio Oriente y el mundo hoy son casi irreconocibles en comparaci\u00f3n con antes del 7 de octubre. El genocidio de 48 a\u00f1os se enfrenta ahora a una guerra de liberaci\u00f3n nacional palestina sin precedentes. El Estado de Israel est\u00e1 derrotado. El Medio Oriente est\u00e1 nuevamente en llamas, con los intereses yanquis en la regi\u00f3n acosados \u200b\u200bd\u00eda tras d\u00eda. Y todos prestan atenci\u00f3n y se movilizan en torno y a favor de la causa palestina.\u00a0<\/p>\n","protected":false},"excerpt":{"rendered":"<p>Compartimos esta traducci\u00f3n no oficial de este articulo encontrado en A Nova Democracia Las Brigadas Al-Qassam, organizaci\u00f3n militar de Ham\u00e1s, afirmaron que la salida de las tropas sionistas fue consecuencia de las firmes acciones de la Resistencia Nacional.\u00a0 Al mismo tiempo que la patri\u00f3tica operaci\u00f3n militar palestina titulada Diluvio de Al-Aqsa cumpli\u00f3 su s\u00e9ptimo mes, [&hellip;]<\/p>\n","protected":false},"author":1,"featured_media":26204,"comment_status":"open","ping_status":"open","sticky":false,"template":"","format":"standard","meta":{"footnotes":""},"categories":[31,135],"tags":[105],"class_list":["post-26203","post","type-post","status-publish","format-standard","has-post-thumbnail","hentry","category-internacional","category-resistencia-palestina","tag-resistencia-palestina"],"blocksy_meta":[],"_links":{"self":[{"href":"https:\/\/nuevademocracia.com.co\/index.php?rest_route=\/wp\/v2\/posts\/26203","targetHints":{"allow":["GET"]}}],"collection":[{"href":"https:\/\/nuevademocracia.com.co\/index.php?rest_route=\/wp\/v2\/posts"}],"about":[{"href":"https:\/\/nuevademocracia.com.co\/index.php?rest_route=\/wp\/v2\/types\/post"}],"author":[{"embeddable":true,"href":"https:\/\/nuevademocracia.com.co\/index.php?rest_route=\/wp\/v2\/users\/1"}],"replies":[{"embeddable":true,"href":"https:\/\/nuevademocracia.com.co\/index.php?rest_route=%2Fwp%2Fv2%2Fcomments&post=26203"}],"version-history":[{"count":2,"href":"https:\/\/nuevademocracia.com.co\/index.php?rest_route=\/wp\/v2\/posts\/26203\/revisions"}],"predecessor-version":[{"id":26928,"href":"https:\/\/nuevademocracia.com.co\/index.php?rest_route=\/wp\/v2\/posts\/26203\/revisions\/26928"}],"wp:featuredmedia":[{"embeddable":true,"href":"https:\/\/nuevademocracia.com.co\/index.php?rest_route=\/wp\/v2\/media\/26204"}],"wp:attachment":[{"href":"https:\/\/nuevademocracia.com.co\/index.php?rest_route=%2Fwp%2Fv2%2Fmedia&parent=26203"}],"wp:term":[{"taxonomy":"category","embeddable":true,"href":"https:\/\/nuevademocracia.com.co\/index.php?rest_route=%2Fwp%2Fv2%2Fcategories&post=26203"},{"taxonomy":"post_tag","embeddable":true,"href":"https:\/\/nuevademocracia.com.co\/index.php?rest_route=%2Fwp%2Fv2%2Ftags&post=26203"}],"curies":[{"name":"wp","href":"https:\/\/api.w.org\/{rel}","templated":true}]}}