{"id":26212,"date":"2024-04-15T13:48:41","date_gmt":"2024-04-15T18:48:41","guid":{"rendered":"https:\/\/nuevademocracia.com.co\/?p=26212"},"modified":"2024-10-23T10:45:55","modified_gmt":"2024-10-23T15:45:55","slug":"and-respuesta-legitima-de-iran-fortalece-la-causa-palestina-y-lanza-al-sionismo-al-aislamiento","status":"publish","type":"post","link":"https:\/\/nuevademocracia.com.co\/?p=26212","title":{"rendered":"Respuesta legitima de Ir\u00e1n fortalece la Causa Palestina y lanza al sionismo al aislamiento"},"content":{"rendered":"\n<p class=\"has-black-color has-text-color has-link-color wp-elements-5a552a525df5e85afae23ada06aeb1c9\">A continuaci\u00f3n, compartimos una traducci\u00f3n no oficial de este art\u00edculo del Jornal <a href=\"https:\/\/anovademocracia.com.br\/resposta-legitima-do-ira-fortalece-a-causa-palestina-e-lanca-o-sionismo-no-isolamento\/\">A Nova Democracia<\/a><\/p>\n\n\n\n<p class=\"has-black-color has-text-color has-link-color wp-elements-6ea59469a212dd3aecff05eaecdb827e\">El d\u00eda 13 de abril, Ir\u00e1n lanz\u00f3 m\u00e1s de 300 drones y misiles contra blancos militares sionistas, iniciando la operaci\u00f3n \u201cPromesa Verdadera\u201d. Esta ocurri\u00f3 en respuesta al asesinato de dos generales de las \u201cGuardias Revolucionarias Iranies\u201d por acciones del Ejercito Sionista de Israel el 01\/04.<\/p>\n\n\n\n<p class=\"has-black-color has-text-color has-link-color wp-elements-c40367eb9ea4800af5e9ae988cf3813e\">por <a href=\"https:\/\/anovademocracia.com.br\/author\/joaoalves\/\">Jo\u00e3o Alves<\/a><\/p>\n\n\n\n<p class=\"has-black-color has-text-color has-link-color wp-elements-b83e10fd5e2a227336b128a6a459291a\">14 de abril de 2024<\/p>\n\n\n\n<figure class=\"wp-block-image aligncenter size-full\"><img loading=\"lazy\" decoding=\"async\" width=\"800\" height=\"450\" src=\"https:\/\/nuevademocracia.com.co\/wp-content\/uploads\/2024\/04\/image-9.png\" alt=\"\" class=\"wp-image-26213\" srcset=\"https:\/\/nuevademocracia.com.co\/wp-content\/uploads\/2024\/04\/image-9.png 800w, https:\/\/nuevademocracia.com.co\/wp-content\/uploads\/2024\/04\/image-9-300x169.png 300w, https:\/\/nuevademocracia.com.co\/wp-content\/uploads\/2024\/04\/image-9-768x432.png 768w\" sizes=\"auto, (max-width: 800px) 100vw, 800px\" \/><\/figure>\n\n\n\n<p><\/p>\n\n\n\n<p class=\"has-black-color has-text-color has-link-color wp-elements-3fefdcb92ce5fc7b11b447322e49e35a\">El d\u00eda 13 de abril, Ir\u00e1n lanz\u00f3 m\u00e1s de 300 drones y misiles contra blancos militares sionistas, iniciando la operaci\u00f3n \u201cPromesa Verdadera\u201d. Ella ocurri\u00f3 en respuesta al asesinato de dos generales de las \u201cGuardias Revolucionarias Iranies\u201d por acciones del Ejercito Sionista de Israel el 01\/04. La operaci\u00f3n, que dej\u00f3 31 heridos y da\u00f1o por lo menos una base a\u00e9rea sionista, fue clausurada en las horas siguientes con una declaraci\u00f3n oficial de Ir\u00e1n.<\/p>\n\n\n\n<p class=\"has-black-color has-text-color has-link-color wp-elements-eee759a56497c4adacd4ca6a1552c01a\">En la declaraci\u00f3n de clausura, Ir\u00e1n destac\u00f3 que se trato de una respuesta hecha \u201ccon base en art\u00edculo 51 de la Carta de la ONU, relativo a la legitima defensa\u201d. El comunicado termina prometiendo nuevos ataques en caso de que el \u201cr\u00e9gimen israel\u00ed cometa otro error\u201d, destacando que se trata de un conflicto entre Ir\u00e1n y el \u201cr\u00e9gimen sionista deshonesto\u201d, del cual \u201cEstados Unidos debe mantenerse alejado\u201d. Por lo tanto, la acci\u00f3n de Ir\u00e1n es respaldada en la opini\u00f3n p\u00fablica internacional.<\/p>\n\n\n\n<p class=\"has-black-color has-text-color has-link-color wp-elements-48eb8a996471f7aeb5e0247a2381f424\">Fuerzas militares ligadas al imperialismo yanqui, franc\u00e9s y brit\u00e1nico \u2013 ad\u00e9mas del gobierno lacayo pro-sionista de Jordania \u2013 actuaron para derrumbar algunos de los misiles dirigidos contra Israel. Sin presentar pruebas, Israel afirm\u00f3 que el \u201c99% de los misiles\u201d fueron interceptados. Joe Biden, representante de la superpotencia hegem\u00f3nica \u00fanica (Estados Unidos) declar\u00f3 que \u201cIsrael demostr\u00f3 capacidad notable para defenderse\u201d. Pura propaganda, una vez que el propio portavoz del Ejercito Sionista, Daniel Higari, admiti\u00f3 que hubo perdidas significativas en la base a\u00e9rea afectada.<\/p>\n\n\n\n<p class=\"has-black-color has-text-color has-link-color wp-elements-c1e39ee6b2a3b0791e4761c0b7b8018e\"><strong>Desespero y divisi\u00f3n en el gobierno sionista<\/strong><\/p>\n\n\n\n<p class=\"has-black-color has-text-color has-link-color wp-elements-33435445950c19b29840a9168de38d03\">Los resultados inmediatos fueron desastrosos para los sionistas: el p\u00e1nico se apoder\u00f3 de la poblaci\u00f3n israel\u00ed, fue propagado el rumor de que el primer ministro y otros dirigentes pol\u00edticos sionistas estar\u00edan dejando el pa\u00eds a trav\u00e9s del \u201cavi\u00f3n de Sion\u201d. Una orden fue lanzada a los residentes del Norte de Israel para que se dirigieran a los refugios antibombas. Adem\u00e1s de eso, el derrotado Ejercito Sionista orden\u00f3 el cierre del espacio a\u00e9reo, cancel\u00f3 las actividades escolares y lanz\u00f3 una movilizaci\u00f3n de todas las fuerzas reservistas.<\/p>\n\n\n\n<p class=\"has-black-color has-text-color has-link-color wp-elements-7a0eaa5011b23bee57f97c2f1e051c73\">Tambi\u00e9n como resultado inmediato, los representantes pol\u00edticos sionistas se mostraron divididos. Seg\u00fan el monopolio de la prensa sionista \u201cTimes Of Israel\u201d hay consenso que Israel debe responder. Pero est\u00e1 dividido en c\u00f3mo hacerlo. El ministro del Gabinete de Guerra, Benny Gantz, defendi\u00f3 que el Ejercito Sionista debe lanzar un ataque contra Ir\u00e1n a\u00fan cuando la Operaci\u00f3n iran\u00ed estaba en marcha. Netanyahu y el ministro de Defensa, Yoav Gallant, se fueron en contra. Las informaciones fueron desmentidas por los involucrados \u2013 lo que tambi\u00e9n no deja de ser una se\u00f1al de que el sionismo est\u00e1 dividido.<\/p>\n\n\n\n<p class=\"has-black-color has-text-color has-link-color wp-elements-b442702c003ba76677a535c47a3eef64\"><strong>Consejo de la ONU termina sin acuerdos<\/strong><\/p>\n\n\n\n<p class=\"has-black-color has-text-color has-link-color wp-elements-9bd684a19fecade4ed7e372e1630ea9d\">El ataque tambi\u00e9n motiv\u00f3 la convocatoria, por parte del primer ministro sionista, de una reuni\u00f3n del Consejo de Seguridad de la ONU el domingo. La reuni\u00f3n termin\u00f3 sin acuerdo y con ataques de Israel a Ir\u00e1n.<\/p>\n\n\n\n<p class=\"has-black-color has-text-color has-link-color wp-elements-6040c47130b803a83a771083a20047ba\">El representante de Estados Unidos afirm\u00f3 que \u201cel objetivo no es la escalada\u201d, sin embargo, defendi\u00f3 que la mejor forma de evitar esa escalada seria que el Consejo de Seguridad de la ONU condenara el ataque iran\u00ed, apelando a la disminuci\u00f3n de las tensiones.<\/p>\n\n\n\n<p class=\"has-black-color has-text-color has-link-color wp-elements-2901d15744952268648cc323efed9d36\">El embajador de Israel, Guilad Erdan, compar\u00f3 al gobierno iran\u00ed con el Tercer Reich y a Ali Khamenei, l\u00edder de Ir\u00e1n, con Hitler. Sin citar los ataques rutinarios a la soberan\u00eda iran\u00ed, el sionista afirm\u00f3 que Israel tiene derecho legal de lanzar una acci\u00f3n en retaliaci\u00f3n y acus\u00f3 a la propia ONU y a toda la \u201ccomunidad internacional\u201d de no actuar. El periodista Jamil Chade, del monopolio de prensa UOL, relat\u00f3 que los diplom\u00e1ticos llegaron a re\u00edrse cuando el sionista acus\u00f3 a Ir\u00e1n de no cumplir las resoluciones de la ONU.<\/p>\n\n\n\n<p class=\"has-black-color has-text-color has-link-color wp-elements-5faae2f2832ecb2095e0bacd423f452d\">En respuesta, el embajador de Ir\u00e1n defendi\u00f3 que se trat\u00f3 de una operaci\u00f3n de \u201cautodefensa\u201d y afirm\u00f3 que Israel debe tener \u201ccuidado\u201d, adem\u00e1s de criticar a los imperialistas de Francia, Reino Unido y Estados Unidos. \u00c9l afirm\u00f3 que:\u201d Ir\u00e1n no quiere una confrontaci\u00f3n con USA\u201d, sin embargo, tambi\u00e9n alert\u00f3: \u201cSi los (norte)americanos inician una operaci\u00f3n militar, vamos a usar medios proporcionales\u201d.<\/p>\n\n\n\n<p class=\"has-black-color has-text-color has-link-color wp-elements-c208519d9174946b9969c1c6684394b1\">Aqu\u00ed est\u00e1 claro que la acci\u00f3n de Ir\u00e1n tuvo lugar al l\u00edmite. \u00c9l no puede ser condenado diplom\u00e1ticamente, sin embargo, ya profundiz\u00f3 la divisi\u00f3n entre los sionistas y los yanquis (los primeros est\u00e1n sedientos por dar una respuesta, en cuanto a los yanquis ya afirmaron que no van a apoyar militarmente). La tendencia es que la respuesta de Israel, una vez se desate, agrave el cerco regional al que ya est\u00e1 sujeto. Por consecuencia, Ir\u00e1n podr\u00e1 contar con mayor apoyo pol\u00edtico y militar de las fuerzas antiimperialistas de la regi\u00f3n y de los gobiernos que son contrarios al sionismo.<\/p>\n\n\n\n<p class=\"has-black-color has-text-color has-link-color wp-elements-5cc274631d13f156ba34ef01a3b4a7cf\"><strong>Resistencia Palestina sale fortalecida<\/strong><\/p>\n\n\n\n<p class=\"has-black-color has-text-color has-link-color wp-elements-d77d547fead2802bfc5758141c2bf80b\">El principal aspecto del ataque sin precedentes de Ir\u00e1n contra blancos sionistas \u2013 realizada de modo proporcional, colocando una derrota en el cuello del sionismo y oblig\u00e1ndolo a responder, con lo que empeorara a\u00fan m\u00e1s la situaci\u00f3n de divisi\u00f3n y condena internacional \u2013 es que la Causa Palestina sale m\u00e1s fortalecida de la crisis regional.<\/p>\n\n\n\n<p class=\"has-black-color has-text-color has-link-color wp-elements-8a354f898d280e703565cdcb395a2b68\">Las condiciones externas no podr\u00edan ser m\u00e1s favorables para la derrota del Estado Sionista \u2013 que, no obstante, ser\u00e1 fruto de una lucha prolongada, persistente y dolorosa, para lo que, al final, la Resistencia Palestina ya demostr\u00f3 estar preparada.<\/p>\n\n\n\n<p class=\"has-black-color has-text-color has-link-color wp-elements-7b194844bd299a82581ba3e9a6135845\">En pocas palabras: Palestina est\u00e1 dispuesta a persistir en la lucha en torno a los tres blancos fijados por la Operaci\u00f3n Diluvio de Al Aqsa: Liberar a Jerusal\u00e9n, liberar a los presos pol\u00edticos palestinos y colocar la Causa Palestina nuevamente a la orden del d\u00eda.<\/p>\n\n\n\n<figure class=\"wp-block-embed is-type-video is-provider-youtube wp-block-embed-youtube wp-embed-aspect-16-9 wp-has-aspect-ratio\"><div class=\"wp-block-embed__wrapper\">\n<iframe loading=\"lazy\" title=\"Respondendo agress\u00e3o, Ir\u00e3 ataca Israel + Reuni\u00e3o da ONU termina sem acordo - Plant\u00e3o Palestina #152\" width=\"1290\" height=\"726\" src=\"https:\/\/www.youtube.com\/embed\/W6bAh-uDAjc?feature=oembed\" frameborder=\"0\" allow=\"accelerometer; autoplay; clipboard-write; encrypted-media; gyroscope; picture-in-picture; web-share\" referrerpolicy=\"strict-origin-when-cross-origin\" allowfullscreen><\/iframe>\n<\/div><\/figure>\n","protected":false},"excerpt":{"rendered":"<p>A continuaci\u00f3n, compartimos una traducci\u00f3n no oficial de este art\u00edculo del Jornal A Nova Democracia El d\u00eda 13 de abril, Ir\u00e1n lanz\u00f3 m\u00e1s de 300 drones y misiles contra blancos militares sionistas, iniciando la operaci\u00f3n \u201cPromesa Verdadera\u201d. Esta ocurri\u00f3 en respuesta al asesinato de dos generales de las \u201cGuardias Revolucionarias Iranies\u201d por acciones del Ejercito [&hellip;]<\/p>\n","protected":false},"author":1,"featured_media":26213,"comment_status":"open","ping_status":"open","sticky":false,"template":"","format":"standard","meta":{"footnotes":""},"categories":[116,31,135],"tags":[],"class_list":["post-26212","post","type-post","status-publish","format-standard","has-post-thumbnail","hentry","category-imperialismo","category-internacional","category-resistencia-palestina"],"blocksy_meta":[],"_links":{"self":[{"href":"https:\/\/nuevademocracia.com.co\/index.php?rest_route=\/wp\/v2\/posts\/26212","targetHints":{"allow":["GET"]}}],"collection":[{"href":"https:\/\/nuevademocracia.com.co\/index.php?rest_route=\/wp\/v2\/posts"}],"about":[{"href":"https:\/\/nuevademocracia.com.co\/index.php?rest_route=\/wp\/v2\/types\/post"}],"author":[{"embeddable":true,"href":"https:\/\/nuevademocracia.com.co\/index.php?rest_route=\/wp\/v2\/users\/1"}],"replies":[{"embeddable":true,"href":"https:\/\/nuevademocracia.com.co\/index.php?rest_route=%2Fwp%2Fv2%2Fcomments&post=26212"}],"version-history":[{"count":3,"href":"https:\/\/nuevademocracia.com.co\/index.php?rest_route=\/wp\/v2\/posts\/26212\/revisions"}],"predecessor-version":[{"id":26927,"href":"https:\/\/nuevademocracia.com.co\/index.php?rest_route=\/wp\/v2\/posts\/26212\/revisions\/26927"}],"wp:featuredmedia":[{"embeddable":true,"href":"https:\/\/nuevademocracia.com.co\/index.php?rest_route=\/wp\/v2\/media\/26213"}],"wp:attachment":[{"href":"https:\/\/nuevademocracia.com.co\/index.php?rest_route=%2Fwp%2Fv2%2Fmedia&parent=26212"}],"wp:term":[{"taxonomy":"category","embeddable":true,"href":"https:\/\/nuevademocracia.com.co\/index.php?rest_route=%2Fwp%2Fv2%2Fcategories&post=26212"},{"taxonomy":"post_tag","embeddable":true,"href":"https:\/\/nuevademocracia.com.co\/index.php?rest_route=%2Fwp%2Fv2%2Ftags&post=26212"}],"curies":[{"name":"wp","href":"https:\/\/api.w.org\/{rel}","templated":true}]}}