{"id":26226,"date":"2024-04-20T10:59:27","date_gmt":"2024-04-20T15:59:27","guid":{"rendered":"https:\/\/nuevademocracia.com.co\/?p=26226"},"modified":"2024-07-10T13:40:53","modified_gmt":"2024-07-10T18:40:53","slug":"conmemoracion-del-dia-internacional-de-la-lucha-campesina","status":"publish","type":"post","link":"https:\/\/nuevademocracia.com.co\/?p=26226","title":{"rendered":"Conmemoraci\u00f3n del D\u00eda Internacional de la Lucha Campesina"},"content":{"rendered":"\n<figure class=\"wp-block-image aligncenter size-large is-resized\"><img loading=\"lazy\" decoding=\"async\" width=\"1024\" height=\"683\" src=\"https:\/\/nuevademocracia.com.co\/wp-content\/uploads\/2024\/04\/Dia-lucha-campesina-_UdeA-6-1-1024x683.jpg\" alt=\"\" class=\"wp-image-26228\" style=\"width:665px;height:auto\" srcset=\"https:\/\/nuevademocracia.com.co\/wp-content\/uploads\/2024\/04\/Dia-lucha-campesina-_UdeA-6-1-1024x683.jpg 1024w, https:\/\/nuevademocracia.com.co\/wp-content\/uploads\/2024\/04\/Dia-lucha-campesina-_UdeA-6-1-300x200.jpg 300w, https:\/\/nuevademocracia.com.co\/wp-content\/uploads\/2024\/04\/Dia-lucha-campesina-_UdeA-6-1-768x512.jpg 768w, https:\/\/nuevademocracia.com.co\/wp-content\/uploads\/2024\/04\/Dia-lucha-campesina-_UdeA-6-1-1536x1024.jpg 1536w, https:\/\/nuevademocracia.com.co\/wp-content\/uploads\/2024\/04\/Dia-lucha-campesina-_UdeA-6-1-2048x1365.jpg 2048w\" sizes=\"auto, (max-width: 1024px) 100vw, 1024px\" \/><\/figure>\n\n\n\n<p class=\"has-black-color has-text-color has-link-color wp-elements-4c6ef6fd7687d4629c6c36c155e5345f\">El pasado mi\u00e9rcoles 17 y jueves 18 de abril, varias organizaciones campesinas, estudiantiles y populares organizaron un evento en el Polit\u00e9cnico Jaime Isaza Cadavid, la Universidad de Antioquia y el Museo Casa de la Memoria, para conmemorar el D\u00eda Internacional de las Luchas Campesinas (impulsado por movimiento La V\u00eda Campesina), d\u00eda que se conmemora desde 1996 a ra\u00edz de la masacre de 19 trabajadores sin tierra en Eldorado Dos Caraj\u00e1s, Brasil.<\/p>\n\n\n\n<p class=\"has-black-color has-text-color has-link-color wp-elements-f55c05efc149796649a9949985c0b982\"><em>Nueva Democracia<\/em> tuvo la oportunidad de participar en algunos de los espacios y a continuaci\u00f3n compartimos un peque\u00f1o informe de lo vivido en la jornada de la ma\u00f1ana en el Polit\u00e9cnico Jaime Isaza Cadavid.<\/p>\n\n\n\n<p class=\"has-black-color has-text-color has-link-color wp-elements-a18110a30d04e7c466dff6ad55d3bfaf\">En el espacio participaron como ponentes, integrantes de la Asociaci\u00f3n Campesina de Antioquia (ACA), del Coordinador Nacional Agrario (CNA), del proceso de Liberaci\u00f3n de la Madre Tierra en el Norte del Cauca (LMT) y de la Asociaci\u00f3n Campesina Agroecol\u00f3gica de la Regi\u00f3n de Boqueron (ACAB).<\/p>\n\n\n\n<div class=\"wp-block-group is-nowrap is-layout-flex wp-container-core-group-is-layout-6c531013 wp-block-group-is-layout-flex\">\n<figure class=\"wp-block-image size-large\"><img loading=\"lazy\" decoding=\"async\" width=\"1024\" height=\"683\" src=\"https:\/\/nuevademocracia.com.co\/wp-content\/uploads\/2024\/04\/Dia-lucha-campesina-_UdeA-7-1024x683.jpg\" alt=\"\" class=\"wp-image-26229\" srcset=\"https:\/\/nuevademocracia.com.co\/wp-content\/uploads\/2024\/04\/Dia-lucha-campesina-_UdeA-7-1024x683.jpg 1024w, https:\/\/nuevademocracia.com.co\/wp-content\/uploads\/2024\/04\/Dia-lucha-campesina-_UdeA-7-300x200.jpg 300w, https:\/\/nuevademocracia.com.co\/wp-content\/uploads\/2024\/04\/Dia-lucha-campesina-_UdeA-7-768x512.jpg 768w, https:\/\/nuevademocracia.com.co\/wp-content\/uploads\/2024\/04\/Dia-lucha-campesina-_UdeA-7-1536x1024.jpg 1536w, https:\/\/nuevademocracia.com.co\/wp-content\/uploads\/2024\/04\/Dia-lucha-campesina-_UdeA-7-2048x1365.jpg 2048w\" sizes=\"auto, (max-width: 1024px) 100vw, 1024px\" \/><\/figure>\n\n\n\n<figure class=\"wp-block-image size-large\"><img loading=\"lazy\" decoding=\"async\" width=\"1024\" height=\"683\" src=\"https:\/\/nuevademocracia.com.co\/wp-content\/uploads\/2024\/04\/Dia-lucha-campesina-_UdeA-4-1024x683.jpg\" alt=\"\" class=\"wp-image-26230\" srcset=\"https:\/\/nuevademocracia.com.co\/wp-content\/uploads\/2024\/04\/Dia-lucha-campesina-_UdeA-4-1024x683.jpg 1024w, https:\/\/nuevademocracia.com.co\/wp-content\/uploads\/2024\/04\/Dia-lucha-campesina-_UdeA-4-300x200.jpg 300w, https:\/\/nuevademocracia.com.co\/wp-content\/uploads\/2024\/04\/Dia-lucha-campesina-_UdeA-4-768x512.jpg 768w, https:\/\/nuevademocracia.com.co\/wp-content\/uploads\/2024\/04\/Dia-lucha-campesina-_UdeA-4-1536x1024.jpg 1536w, https:\/\/nuevademocracia.com.co\/wp-content\/uploads\/2024\/04\/Dia-lucha-campesina-_UdeA-4-2048x1365.jpg 2048w\" sizes=\"auto, (max-width: 1024px) 100vw, 1024px\" \/><\/figure>\n<\/div>\n\n\n\n<p class=\"has-black-color has-text-color has-link-color wp-elements-8cadfa5c3c6977f0ce85d8aa280df4aa\">Varias de estas organizaciones plantearon que sus or\u00edgenes fueron la Asociaci\u00f3n Nacional de Usuarios Campesinos (ANUC), como el compa\u00f1ero ponente de la LMT quien cont\u00f3 que \u00e9l empez\u00f3 a participar en las tomas de tierras organizadas por la ANUC y posteriormente por el Consejo Regional Ind\u00edgena del Cauca (CRIC) en los a\u00f1os 70. Nos cont\u00f3 que la lucha ha sido dif\u00edcil, desde el 2015 hasta hoy han asesinado 11 compa\u00f1eros que luchan en las tomas de tierras, sin embargo, a pesar de la represi\u00f3n, actualmente han tomado 27 fincas propiedad de latifundistas que las ten\u00edan sembradas con monocultivo de ca\u00f1a, pero que ahora son tierras de la comunidad. Dichas fincas han sido defendidas en duros enfrentamientos contra la polic\u00eda que ha intentado desalojarlos en muchas ocasiones, fuerzas represivas del Estado que tambi\u00e9n han pagado un costo, como en 2007 que murieron dos polic\u00edas en los enfrentamientos.<\/p>\n\n\n\n<p class=\"has-black-color has-text-color has-link-color wp-elements-f774c88c75d6cc18d0a362aa51c3edcc\">Hablando m\u00e1s de la situaci\u00f3n actual, cont\u00f3 que, con la llegada de Petro al gobierno, ha habido una especie de pausa en los procesos de liberaci\u00f3n de tierra, \u201cparamos el proceso, porque Petro prometi\u00f3 reforma agraria [\u2026] la gente dice: que Petro compre las 27 fincas que ya tenemos tomadas\u2026 Hasta el momento Petro ha comprado 2 fincas y ya se encuentran en manos de la comunidad, la finca La Emperatriz y Canaima.\u201d Sin embargo, plante\u00f3 que estas 2 fincas son muy poca tierra.<\/p>\n\n\n\n<p class=\"has-black-color has-text-color has-link-color wp-elements-81d949d44c88ab304ef373c68a0b8617\">La compa\u00f1era ponente de la ACA, realiz\u00f3 un llamado a los estudiantes, plante\u00f3 que el conocimiento que se produce en las universidades debe regresar a las comunidades: \u201ccada uno revise la disciplina en que est\u00e1, piensen \u00bfyo qu\u00e9 estoy estudiando y c\u00f3mo le voy a devolver eso a mi pueblo, a los campesinos?\u201d.&nbsp;<\/p>\n\n\n\n<p class=\"has-black-color has-text-color has-link-color wp-elements-ad277b3c1926e23531cec0e3a5ac2e87\">El compa\u00f1ero del CNA, plante\u00f3 la importancia de la lucha por la soberan\u00eda alimentaria, planteando que actualmente en el pa\u00eds se importa el 55% de los alimentos que consumimos. En cuanto a la reforma agraria, plante\u00f3 que \u201cno hay m\u00e1s reforma agraria que la que hacen los campesinos tomando tierras\u201d. Y hace un cuestionamiento de que el gobierno Petro negocie primero con Fedegan para comprarles tierras a ellos, en vez de sentarse primero con los campesinos que est\u00e1n tomando tierras. Y dijo que se debe seguir apostando a la movilizaci\u00f3n social sin descartar la participaci\u00f3n e incidencia en espacios del Estado.&nbsp;<\/p>\n\n\n\n<p class=\"has-black-color has-text-color has-link-color wp-elements-8043f3ce20ff8e6562bd2f7219e02eea\">Quiz\u00e1s uno de los momentos m\u00e1s emotivos, fue cuando habl\u00f3 una mayora ind\u00edgena del Norte del Cauca, participante del proceso de LMT, quien nos cont\u00f3 de forma muy popular y humilde su experiencia de d\u00e9cadas atr\u00e1s: \u201caunque yo no s\u00e9 leer, he aportado a la lucha\u2026 yo apoyo las recuperaciones de tierra en mi resguardo\u2026. El due\u00f1o de la tierra nos mandaba, en ese entonces, los carabineros, nos golpeaban\u2026 a los maridos se los llevaban a la c\u00e1rcel, 3 a 4 meses\u2026 pero las mujeres no afloj\u00e1bamos la tierra, nos juntamos y mantuvimos la lucha y ganamos esa tierra\u201d. Y resaltando el papel de la mujer en la lucha, nos plante\u00f3: \u201cla lucha de las mujeres es muy importante, acompa\u00f1ar a nuestros compa\u00f1eros, no solo a mi marido, sino a todos los compa\u00f1eros que luchan ah\u00ed\u201d. Ante estas palabras, se escucharon consignas de \u00a1Que viva la mujer ind\u00edgena! \u00a1Que viva la mujer luchadora!<\/p>\n\n\n\n<p class=\"has-black-color has-text-color has-link-color wp-elements-21a1026a7f285a17870884046cbc2dfc\">Finalmente, el compa\u00f1ero de la ACAB, plante\u00f3 la importancia de defender la producci\u00f3n campesina, en particular para los campesinos de Medell\u00edn, la necesidad de que se cree un Distrito Rural Campesino, de forma que proteja la vocaci\u00f3n campesina de las \u00e1reas rurales. Tambi\u00e9n hizo \u00e9nfasis en la necesidad de fortalecer la organizaci\u00f3n para producir, para distribuir los productos y para comprar colectivamente medios de producci\u00f3n.<\/p>\n\n\n\n<p class=\"has-black-color has-text-color has-link-color wp-elements-e21522ce8031da6bf7dfaaffe03d502e\">Ante la pregunta surgida del p\u00fablico, respecto a c\u00f3mo analizan la propuesta de reforma agraria del gobierno Petro, algunos de los ponentes plantearon e insistieron que no se puede esperar que el Estado resuelva el problema, y que la reforma agraria \u201cla tenemos que hacer nosotros los campesinos organizados\u201d \u201cPetro no va a poder\u2026 no van a soltar la tierra\u2026 le toc\u00f3 al pueblo hacer la reforma agraria\u201d.<\/p>\n\n\n\n<p class=\"has-black-color has-text-color has-link-color wp-elements-70f206ac396069bb8693b4f445f3fd3f\">Luego en la jornada de la tarde, en la Universidad de Antioquia, las exposiciones fueron similares, las organizaciones mencionadas anteriormente contaron sus experiencias organizativas y sus reivindicaciones. Un complemento importante, es que el compa\u00f1ero de la LMT plante\u00f3 que la llegada de Petro al gobierno ha generado discusiones al interior del movimiento: \u201calgunos piensan que el gobierno nos va a dar todo, algunos pensamos que eso no es posible. Algunos dicen Petro nos va a comprar las 27 fincas, pero nosotros decimos eso no es posible porque, aunque \u00e9l tenga buenas intenciones, no lo van a permitir\u201d.<\/p>\n\n\n\n<p class=\"has-black-color has-text-color has-link-color wp-elements-6461c6d0937365e81c2cd7ad945075a1\">De parte de <em>Nueva Democracia<\/em> hubo una intervenci\u00f3n donde se salud\u00f3 el espacio, se destac\u00f3 que la prensa est\u00e1 por los derechos del pueblo y a favor de la lucha por la tierra y se salud\u00f3 a los ponentes agradeci\u00e9ndoles por compartir sus experiencias de lucha por la tierra. Acto seguido se plante\u00f3 el debate sobre cu\u00e1l es el camino del pueblo para conquistar la tierra: el camino burocr\u00e1tico, a trav\u00e9s de las v\u00edas e instituciones del viejo Estado, como las supuestas reformas agrarias ofrecidas en d\u00e9cadas pasadas por las clases dominantes (y ahora por Petro), y que no han entregado la tierra a las masas campesinas; o el camino democr\u00e1tico, independiente, popular, a trav\u00e9s del cual las masas campesinas toman las tierras del latifundio, camino en el cual se destaca la experiencia de la ANUC, y las grandes tomas de tierras que fueron impulsadas en los 70 y a trav\u00e9s de las cuales el campesinado s\u00ed obtuvo importantes victorias en la lucha por la tierra.<\/p>\n\n\n\n<figure class=\"wp-block-image aligncenter size-large is-resized\"><img loading=\"lazy\" decoding=\"async\" width=\"1024\" height=\"768\" src=\"https:\/\/nuevademocracia.com.co\/wp-content\/uploads\/2024\/04\/Dia-lucha-campesina-_Poli-3-1024x768.jpg\" alt=\"\" class=\"wp-image-26231\" style=\"width:629px;height:auto\" srcset=\"https:\/\/nuevademocracia.com.co\/wp-content\/uploads\/2024\/04\/Dia-lucha-campesina-_Poli-3-1024x768.jpg 1024w, https:\/\/nuevademocracia.com.co\/wp-content\/uploads\/2024\/04\/Dia-lucha-campesina-_Poli-3-300x225.jpg 300w, https:\/\/nuevademocracia.com.co\/wp-content\/uploads\/2024\/04\/Dia-lucha-campesina-_Poli-3-768x576.jpg 768w, https:\/\/nuevademocracia.com.co\/wp-content\/uploads\/2024\/04\/Dia-lucha-campesina-_Poli-3.jpg 1093w\" sizes=\"auto, (max-width: 1024px) 100vw, 1024px\" \/><\/figure>\n\n\n\n<p class=\"has-black-color has-text-color has-link-color wp-elements-f0ff93326fa5d41b75d956f0d5d04c31\">Las compa\u00f1eras del Movimiento Femenino Popular (MFP) plantearon tomar el ejemplo de las mujeres luchadoras que se presentaron en el espacio. \u201cEllas son nuestro ejemplo y no las mujeres que sirven a los grandes burgueses y terratenientes, como Paloma Valencia o Francia M\u00e1rquez.\u201d Que, a prop\u00f3sito de Francia M\u00e1rquez, el compa\u00f1ero ponente de la LMT, previamente, hab\u00eda recordado c\u00f3mo en los primeros meses del gobierno Petro, la vicepresidenta amenaz\u00f3 las tomas de tierra en el Norte del Cauca, d\u00e1ndoles 15 d\u00edas para desalojar. El compa\u00f1ero de la LMT dec\u00eda: \u201c\u00bfSi ese es un gobierno que se dice amigo del pueblo, entonces qu\u00e9 se puede esperar de los enemigos?\u201d.<\/p>\n\n\n\n<p class=\"has-black-color has-text-color has-link-color wp-elements-5de2f7f4fdc24b1ff784372ef629d941\">Finalmente, destacar que en ambos espacios estuvo siempre presente la bandera del heroico pueblo palestino, y en algunas intervenciones se elevaron saludos a la Resistencia Palestina como ejemplo para los pueblos del mundo. As\u00ed mismo, estuvo presente la cultura nacional y popular, en el Polit\u00e9cnico, hubo una presentaci\u00f3n cultural donde se interpretaron canciones como El Pescador de Tot\u00f3 la Momposina, entre otras obras musicales.<\/p>\n\n\n\n<figure class=\"wp-block-image aligncenter size-large is-resized\"><img loading=\"lazy\" decoding=\"async\" width=\"1024\" height=\"768\" src=\"https:\/\/nuevademocracia.com.co\/wp-content\/uploads\/2024\/04\/Dia-lucha-campesina-_Poli-1-1024x768.jpg\" alt=\"\" class=\"wp-image-26232\" style=\"width:580px;height:auto\" srcset=\"https:\/\/nuevademocracia.com.co\/wp-content\/uploads\/2024\/04\/Dia-lucha-campesina-_Poli-1-1024x768.jpg 1024w, https:\/\/nuevademocracia.com.co\/wp-content\/uploads\/2024\/04\/Dia-lucha-campesina-_Poli-1-300x225.jpg 300w, https:\/\/nuevademocracia.com.co\/wp-content\/uploads\/2024\/04\/Dia-lucha-campesina-_Poli-1-768x576.jpg 768w, https:\/\/nuevademocracia.com.co\/wp-content\/uploads\/2024\/04\/Dia-lucha-campesina-_Poli-1.jpg 1227w\" sizes=\"auto, (max-width: 1024px) 100vw, 1024px\" \/><\/figure>\n","protected":false},"excerpt":{"rendered":"<p>El pasado mi\u00e9rcoles 17 y jueves 18 de abril, varias organizaciones campesinas, estudiantiles y populares organizaron un evento en el Polit\u00e9cnico Jaime Isaza Cadavid, la Universidad de Antioquia y el Museo Casa de la Memoria, para conmemorar el D\u00eda Internacional de las Luchas Campesinas (impulsado por movimiento La V\u00eda Campesina), d\u00eda que se conmemora desde [&hellip;]<\/p>\n","protected":false},"author":1,"featured_media":26227,"comment_status":"open","ping_status":"open","sticky":false,"template":"","format":"standard","meta":{"footnotes":""},"categories":[16,4,144],"tags":[21],"class_list":["post-26226","post","type-post","status-publish","format-standard","has-post-thumbnail","hentry","category-carrusel","category-colombia","category-lucha-por-la-tierra","tag-campesinos"],"blocksy_meta":[],"_links":{"self":[{"href":"https:\/\/nuevademocracia.com.co\/index.php?rest_route=\/wp\/v2\/posts\/26226","targetHints":{"allow":["GET"]}}],"collection":[{"href":"https:\/\/nuevademocracia.com.co\/index.php?rest_route=\/wp\/v2\/posts"}],"about":[{"href":"https:\/\/nuevademocracia.com.co\/index.php?rest_route=\/wp\/v2\/types\/post"}],"author":[{"embeddable":true,"href":"https:\/\/nuevademocracia.com.co\/index.php?rest_route=\/wp\/v2\/users\/1"}],"replies":[{"embeddable":true,"href":"https:\/\/nuevademocracia.com.co\/index.php?rest_route=%2Fwp%2Fv2%2Fcomments&post=26226"}],"version-history":[{"count":1,"href":"https:\/\/nuevademocracia.com.co\/index.php?rest_route=\/wp\/v2\/posts\/26226\/revisions"}],"predecessor-version":[{"id":26233,"href":"https:\/\/nuevademocracia.com.co\/index.php?rest_route=\/wp\/v2\/posts\/26226\/revisions\/26233"}],"wp:featuredmedia":[{"embeddable":true,"href":"https:\/\/nuevademocracia.com.co\/index.php?rest_route=\/wp\/v2\/media\/26227"}],"wp:attachment":[{"href":"https:\/\/nuevademocracia.com.co\/index.php?rest_route=%2Fwp%2Fv2%2Fmedia&parent=26226"}],"wp:term":[{"taxonomy":"category","embeddable":true,"href":"https:\/\/nuevademocracia.com.co\/index.php?rest_route=%2Fwp%2Fv2%2Fcategories&post=26226"},{"taxonomy":"post_tag","embeddable":true,"href":"https:\/\/nuevademocracia.com.co\/index.php?rest_route=%2Fwp%2Fv2%2Ftags&post=26226"}],"curies":[{"name":"wp","href":"https:\/\/api.w.org\/{rel}","templated":true}]}}