{"id":26253,"date":"2024-04-30T14:08:13","date_gmt":"2024-04-30T19:08:13","guid":{"rendered":"https:\/\/nuevademocracia.com.co\/?p=26253"},"modified":"2024-10-23T10:45:43","modified_gmt":"2024-10-23T15:45:43","slug":"and-las-ocupaciones-estudiantiles-pro-palestina-se-extienden-de-estados-unidos-a-europa","status":"publish","type":"post","link":"https:\/\/nuevademocracia.com.co\/?p=26253","title":{"rendered":"Las ocupaciones estudiantiles pro palestina se extienden de Estados Unidos a Europa"},"content":{"rendered":"\n<p class=\"has-black-color has-text-color has-link-color wp-elements-b27cf0687f28739d509cfa0aef85fa48\">Compartimos esta traducci\u00f3n no oficial del art\u00edculo encontrado en <a href=\"https:\/\/anovademocracia-com-br.translate.goog\/ocupacoes-estudantis-pro-palestina-se-espalham-do-usa-a-europa\/?_x_tr_sl=auto&amp;_x_tr_tl=es&amp;_x_tr_hl=es&amp;_x_tr_pto=wapp\">A Nova Democracia<\/a><\/p>\n\n\n\n<p class=\"has-black-color has-text-color has-link-color wp-elements-cac3cbad7fd86c95133f1d1f6d6ccaa3\">A ra\u00edz de las ocupaciones estudiantiles y las protestas pro palestina en los campus universitarios de Estados Unidos, que ya suman 40, los estudiantes franceses ocuparon Science Po Paris.<\/p>\n\n\n\n<p class=\"has-black-color has-text-color has-link-color wp-elements-12afad8d52f249792c7aef0fc69987df\">por <a href=\"https:\/\/anovademocracia-com-br.translate.goog\/author\/enrico-di-gregorio\/?_x_tr_sl=auto&amp;_x_tr_tl=es&amp;_x_tr_hl=es&amp;_x_tr_pto=wapp\">Enrico Di Gregorio<\/a><\/p>\n\n\n\n<figure class=\"wp-block-image size-full\"><img loading=\"lazy\" decoding=\"async\" width=\"975\" height=\"549\" src=\"https:\/\/nuevademocracia.com.co\/wp-content\/uploads\/2024\/04\/image-16.png\" alt=\"\" class=\"wp-image-26254\" srcset=\"https:\/\/nuevademocracia.com.co\/wp-content\/uploads\/2024\/04\/image-16.png 975w, https:\/\/nuevademocracia.com.co\/wp-content\/uploads\/2024\/04\/image-16-300x169.png 300w, https:\/\/nuevademocracia.com.co\/wp-content\/uploads\/2024\/04\/image-16-768x432.png 768w\" sizes=\"auto, (max-width: 975px) 100vw, 975px\" \/><\/figure>\n\n\n\n<p class=\"has-black-color has-text-color has-link-color wp-elements-db526ae045bb75bf5558b1a75d06d8be\">Las ocupaciones estudiantiles pro palestina que comenzaron en abril en Estados Unidos (EE.UU.) contin\u00faan desarroll\u00e1ndose a todo vapor y ahora se extienden a Europa: el 26 de abril, estudiantes franceses ocuparon el centro educativo Science po Paris en protesta contra la agresi\u00f3n sionista en la Franja de Gaza. Tambi\u00e9n denuncian la represi\u00f3n policial contra estudiantes en EE.UU., mientras el n\u00famero de presos en el pa\u00eds supera los 250.<\/p>\n\n\n\n<p class=\"has-black-color has-text-color has-link-color wp-elements-9ac2118aaef7a94caf4970c7fc5df41e\">La entrada a la Facultad de Ciencias Pol\u00edticas de Science Po Paris fue bloqueada con materiales de construcci\u00f3n y contenedores de basura. El Comit\u00e9 Palestino formado en la universidad exige una \u201ccondena expl\u00edcita de las acciones de Israel en Gaza\u201d y el fin de toda colaboraci\u00f3n con instituciones c\u00f3mplices del genocidio del pueblo palestino.&nbsp;<\/p>\n\n\n\n<p class=\"has-black-color has-text-color has-link-color wp-elements-8af25258b3190726b846a46a11bee2b5\">Los estudiantes tambi\u00e9n denunciaron que \u201clas voces pro palestina en el campus\u201d est\u00e1n siendo reprimidas y censuradas bajo la falsa afirmaci\u00f3n de que las movilizaciones pro palestina son antisemitas.&nbsp;<\/p>\n\n\n\n<p class=\"has-black-color has-text-color has-link-color wp-elements-72a81849989f4ad466cdc321ebf70b2c\">V\u00eddeos y fotograf\u00edas de la manifestaci\u00f3n en Science Po Paris muestran a estudiantes con el rostro cubierto y vestidos con pa\u00f1uelos palestinos. Tambi\u00e9n se grabaron carteles con fotograf\u00edas de la represi\u00f3n de la lucha estudiantil en EE.UU. utilizando palabras como \u201cVerg\u00fcenza\u201d.&nbsp;&nbsp;<\/p>\n\n\n\n<p class=\"has-black-color has-text-color has-link-color wp-elements-6ab5052c43f20ac99e2d5956cd0e5be7\"><strong>Represi\u00f3n en Estados Unidos&nbsp;<\/strong><\/p>\n\n\n\n<p class=\"has-black-color has-text-color has-link-color wp-elements-1f00a8662f19c38054a235e889752b32\">El nuevo impulso de la lucha estudiantil pro palestina en Francia se produce al mismo tiempo que la represi\u00f3n en Estados Unidos ya ha arrojado tras las rejas a m\u00e1s de 250 alumnos y estudiantes solidarios con el pueblo palestino, en un intento de frenar el hasta ahora imparable aumento de las ocupaciones estudiantiles y protestas en los campus.&nbsp;<\/p>\n\n\n\n<p class=\"has-black-color has-text-color has-link-color wp-elements-90ed42b868858f00e44ddee3325c2235\">En los \u00faltimos d\u00edas, la represi\u00f3n policial ha afectado a diferentes facultades de ciudades como Atlanta, Nueva York y Boston.&nbsp;<\/p>\n\n\n\n<p class=\"has-black-color has-text-color has-link-color wp-elements-829914b3f6102d18320cba6670898b47\">En Atlanta, al menos dos profesores de la Universidad Emory fueron detenidos durante manifestaciones. Una de ellas era la profesora de Econom\u00eda Caroline Folin, inmovilizada, agredida y detenida por dos agentes de polic\u00eda. En la Universidad de Columbia, en Nueva York, la polic\u00eda volvi\u00f3 a invadir el campus para atacar a los estudiantes. En el Emerson College de Boston, la invasi\u00f3n policial fue enfrentada por estudiantes, y el enfrentamiento acab\u00f3 con 100 estudiantes arrestados y cuatro polic\u00edas heridos.&nbsp;<\/p>\n\n\n\n<figure class=\"wp-block-embed is-type-rich is-provider-twitter wp-block-embed-twitter\"><div class=\"wp-block-embed__wrapper\">\nhttps:\/\/twitter.com\/i\/status\/1783838010272006434\n<\/div><\/figure>\n\n\n\n<p class=\"has-black-color has-text-color has-link-color wp-elements-4862734f70a1f10d14496dee468718c4\">Las ocupaciones estudiantiles pro palestina son una expresi\u00f3n de la creciente centralidad de la causa palestina en el mundo despu\u00e9s de la Operaci\u00f3n Diluvio de Al-Aqsa y los 200 d\u00edas de la guerra de liberaci\u00f3n nacional contra el pueblo palestino.&nbsp;<\/p>\n\n\n\n<p class=\"has-black-color has-text-color has-link-color wp-elements-f2e915152b2c1d4f1e4b23fd9683648b\">En las manifestaciones, los estudiantes exigen el fin de la agresi\u00f3n contra Gaza, pero repetidamente van m\u00e1s all\u00e1 de esta exigencia y tambi\u00e9n piden el fin del Estado de Israel y el apoyo activo a la lucha armada de la Resistencia Nacional Palestina.&nbsp;<\/p>\n\n\n\n<p class=\"has-black-color has-text-color has-link-color wp-elements-776f9fc83739b3d88c6db52729aeb950\">A nivel local, los estudiantes de algunas universidades como Columbia, que tienen asociaciones con instituciones israel\u00edes, tambi\u00e9n exigen la ruptura de v\u00ednculos acad\u00e9micos y financieros. Tras la ola de represi\u00f3n, los estudiantes tambi\u00e9n comenzaron a exigir la ruptura de v\u00ednculos con el Departamento de Polic\u00eda de Nueva York.&nbsp;<\/p>\n\n\n\n<p class=\"has-black-color has-text-color has-link-color wp-elements-80977f3311e64bc2beb10717b0128024\">Actualmente, la lista de universidades ocupadas o que han sido escenario de manifestaciones llega ya a 40. Algunas de ellas son:&nbsp;<\/p>\n\n\n\n<ul class=\"wp-block-list\">\n<li><mark style=\"background-color:rgba(0, 0, 0, 0)\" class=\"has-inline-color has-black-color\"><strong>Universidad de Texas<\/strong> en Austin<\/mark><\/li>\n\n\n\n<li><mark style=\"background-color:rgba(0, 0, 0, 0)\" class=\"has-inline-color has-black-color\"><strong>Universidad Emerson<\/strong> en Boston<\/mark><\/li>\n\n\n\n<li><mark style=\"background-color:rgba(0, 0, 0, 0)\" class=\"has-inline-color has-black-color\"><strong>Universidad del Sur de California<\/strong> y <strong>Universidad de California<\/strong> en Los \u00c1ngeles<\/mark><\/li>\n\n\n\n<li><mark style=\"background-color:rgba(0, 0, 0, 0)\" class=\"has-inline-color has-black-color\"><strong>Universidad Emory<\/strong> en Atlanta\u00a0<\/mark><\/li>\n\n\n\n<li><mark style=\"background-color:rgba(0, 0, 0, 0)\" class=\"has-inline-color has-black-color\"><strong>Universidad de la ciudad<\/strong> de Filadelfia<\/mark><\/li>\n\n\n\n<li><mark style=\"background-color:rgba(0, 0, 0, 0)\" class=\"has-inline-color has-black-color\"><strong>Universidad de Columbus<\/strong> y <strong>Universidad Estatal de Ohio<\/strong> en Ohio\u00a0<\/mark><\/li>\n\n\n\n<li><mark style=\"background-color:rgba(0, 0, 0, 0)\" class=\"has-inline-color has-black-color\"><strong>Universidad del Noroeste<\/strong> en Illinois<\/mark><\/li>\n\n\n\n<li><mark style=\"background-color:rgba(0, 0, 0, 0)\" class=\"has-inline-color has-black-color\"><strong>Universidad de Cornell<\/strong> , <strong>Universidad de la Ciudad de Nueva York<\/strong> y <strong>Universidad de Columbia<\/strong> en Nueva York<\/mark><\/li>\n\n\n\n<li><mark style=\"background-color:rgba(0, 0, 0, 0)\" class=\"has-inline-color has-black-color\"><strong>Universidad George Washington<\/strong> en Washington\u00a0<\/mark><\/li>\n\n\n\n<li><mark style=\"background-color:rgba(0, 0, 0, 0)\" class=\"has-inline-color has-black-color\"><strong>Universidad de Princeton<\/strong> en Nueva Jersey\u00a0<\/mark><\/li>\n\n\n\n<li><mark style=\"background-color:rgba(0, 0, 0, 0)\" class=\"has-inline-color has-black-color\"><strong>Universidad de Harvard<\/strong> en Cambridge<\/mark><\/li>\n<\/ul>\n\n\n\n<p class=\"has-black-color has-text-color has-link-color wp-elements-9fbec762999b8e1c6f80e2b994235ec6\"><strong>Tradici\u00f3n de lucha estudiantil<\/strong><\/p>\n\n\n\n<figure class=\"wp-block-image aligncenter size-full is-resized\"><img loading=\"lazy\" decoding=\"async\" width=\"975\" height=\"649\" src=\"https:\/\/nuevademocracia.com.co\/wp-content\/uploads\/2024\/04\/image-17.png\" alt=\"\" class=\"wp-image-26255\" style=\"width:688px;height:auto\" srcset=\"https:\/\/nuevademocracia.com.co\/wp-content\/uploads\/2024\/04\/image-17.png 975w, https:\/\/nuevademocracia.com.co\/wp-content\/uploads\/2024\/04\/image-17-300x200.png 300w, https:\/\/nuevademocracia.com.co\/wp-content\/uploads\/2024\/04\/image-17-768x511.png 768w\" sizes=\"auto, (max-width: 975px) 100vw, 975px\" \/><figcaption class=\"wp-element-caption\"><mark style=\"background-color:rgba(0, 0, 0, 0)\" class=\"has-inline-color has-black-color\"><em>Guardia Nacional dej\u00f3 4 muertos en la Universidad de Kent en 1970. Foto: Reproducci\u00f3n<\/em><\/mark><\/figcaption><\/figure>\n\n\n\n<figure class=\"wp-block-image aligncenter size-full is-resized\"><img loading=\"lazy\" decoding=\"async\" width=\"975\" height=\"548\" src=\"https:\/\/nuevademocracia.com.co\/wp-content\/uploads\/2024\/04\/image-18.png\" alt=\"\" class=\"wp-image-26256\" style=\"width:725px;height:auto\" srcset=\"https:\/\/nuevademocracia.com.co\/wp-content\/uploads\/2024\/04\/image-18.png 975w, https:\/\/nuevademocracia.com.co\/wp-content\/uploads\/2024\/04\/image-18-300x169.png 300w, https:\/\/nuevademocracia.com.co\/wp-content\/uploads\/2024\/04\/image-18-768x432.png 768w\" sizes=\"auto, (max-width: 975px) 100vw, 975px\" \/><figcaption class=\"wp-element-caption\"><mark style=\"background-color:rgba(0, 0, 0, 0)\" class=\"has-inline-color has-black-color\"><em>Los estudiantes se enfrentaron a guardias armados. Foto: Reproducci\u00f3n<\/em><\/mark><\/figcaption><\/figure>\n\n\n\n<p class=\"has-black-color has-text-color has-link-color wp-elements-ea875861bca17ca480634a98fc8f2efd\">El movimiento estudiantil norteamericano se ha movilizado hist\u00f3ricamente contra guerras de agresi\u00f3n y reg\u00edmenes coloniales o racistas. La Universidad de Columbia fue un epicentro importante de las movilizaciones contra el apartheid sudafricano en la d\u00e9cada de 1980, y en ese momento lograron desinvertir el r\u00e9gimen.&nbsp;<\/p>\n\n\n\n<p class=\"has-black-color has-text-color has-link-color wp-elements-f83f778fd6642c9fa8e63e1c3a26a564\">Diez a\u00f1os antes, la guerra de Vietnam tambi\u00e9n fue ampliamente rechazada en las universidades estadounidenses. En su momento, la respuesta del estado yanqui fue tambi\u00e9n la represi\u00f3n, en casos emblem\u00e1ticos como el de la Universidad Estatal de Kent, en Ohio, donde la invasi\u00f3n de la Guardia Nacional, enfrentada por estudiantes, dej\u00f3 cuatro estudiantes muertos. En ese momento continuaron las manifestaciones, llevando adelante el legado de los ca\u00eddos.<\/p>\n","protected":false},"excerpt":{"rendered":"<p>Compartimos esta traducci\u00f3n no oficial del art\u00edculo encontrado en A Nova Democracia A ra\u00edz de las ocupaciones estudiantiles y las protestas pro palestina en los campus universitarios de Estados Unidos, que ya suman 40, los estudiantes franceses ocuparon Science Po Paris. por Enrico Di Gregorio Las ocupaciones estudiantiles pro palestina que comenzaron en abril en [&hellip;]<\/p>\n","protected":false},"author":1,"featured_media":26254,"comment_status":"open","ping_status":"open","sticky":false,"template":"","format":"standard","meta":{"footnotes":""},"categories":[16,116,31,135],"tags":[],"class_list":["post-26253","post","type-post","status-publish","format-standard","has-post-thumbnail","hentry","category-carrusel","category-imperialismo","category-internacional","category-resistencia-palestina"],"blocksy_meta":[],"_links":{"self":[{"href":"https:\/\/nuevademocracia.com.co\/index.php?rest_route=\/wp\/v2\/posts\/26253","targetHints":{"allow":["GET"]}}],"collection":[{"href":"https:\/\/nuevademocracia.com.co\/index.php?rest_route=\/wp\/v2\/posts"}],"about":[{"href":"https:\/\/nuevademocracia.com.co\/index.php?rest_route=\/wp\/v2\/types\/post"}],"author":[{"embeddable":true,"href":"https:\/\/nuevademocracia.com.co\/index.php?rest_route=\/wp\/v2\/users\/1"}],"replies":[{"embeddable":true,"href":"https:\/\/nuevademocracia.com.co\/index.php?rest_route=%2Fwp%2Fv2%2Fcomments&post=26253"}],"version-history":[{"count":3,"href":"https:\/\/nuevademocracia.com.co\/index.php?rest_route=\/wp\/v2\/posts\/26253\/revisions"}],"predecessor-version":[{"id":26926,"href":"https:\/\/nuevademocracia.com.co\/index.php?rest_route=\/wp\/v2\/posts\/26253\/revisions\/26926"}],"wp:featuredmedia":[{"embeddable":true,"href":"https:\/\/nuevademocracia.com.co\/index.php?rest_route=\/wp\/v2\/media\/26254"}],"wp:attachment":[{"href":"https:\/\/nuevademocracia.com.co\/index.php?rest_route=%2Fwp%2Fv2%2Fmedia&parent=26253"}],"wp:term":[{"taxonomy":"category","embeddable":true,"href":"https:\/\/nuevademocracia.com.co\/index.php?rest_route=%2Fwp%2Fv2%2Fcategories&post=26253"},{"taxonomy":"post_tag","embeddable":true,"href":"https:\/\/nuevademocracia.com.co\/index.php?rest_route=%2Fwp%2Fv2%2Ftags&post=26253"}],"curies":[{"name":"wp","href":"https:\/\/api.w.org\/{rel}","templated":true}]}}