{"id":26262,"date":"2024-05-06T12:32:06","date_gmt":"2024-05-06T17:32:06","guid":{"rendered":"https:\/\/nuevademocracia.com.co\/?p=26262"},"modified":"2024-05-06T12:32:06","modified_gmt":"2024-05-06T17:32:06","slug":"1-de-mayo-clasista-e-internacionalista-en-medellin","status":"publish","type":"post","link":"https:\/\/nuevademocracia.com.co\/?p=26262","title":{"rendered":"1\u00b0 de mayo clasista e internacionalista en Medell\u00edn"},"content":{"rendered":"\n<figure class=\"wp-block-image aligncenter size-full is-resized\"><img loading=\"lazy\" decoding=\"async\" width=\"976\" height=\"495\" src=\"https:\/\/nuevademocracia.com.co\/wp-content\/uploads\/2024\/05\/image.png\" alt=\"\" class=\"wp-image-26264\" style=\"width:749px;height:auto\" srcset=\"https:\/\/nuevademocracia.com.co\/wp-content\/uploads\/2024\/05\/image.png 976w, https:\/\/nuevademocracia.com.co\/wp-content\/uploads\/2024\/05\/image-300x152.png 300w, https:\/\/nuevademocracia.com.co\/wp-content\/uploads\/2024\/05\/image-768x390.png 768w\" sizes=\"auto, (max-width: 976px) 100vw, 976px\" \/><\/figure>\n\n\n\n<p><\/p>\n\n\n\n<p class=\"has-black-color has-text-color has-link-color wp-elements-bc39509d709d4dfb5b1107a1d293bfd7\">Este primero de mayo en Colombia el gobierno de Gustavo Petro, de manera oportunista y como parte de su plan de instrumentalizar al movimiento popular, convoc\u00f3 a marchar en apoyo a su gobierno y a las reformas que este est\u00e1 impulsando en el congreso.<\/p>\n\n\n\n<p class=\"has-black-color has-text-color has-link-color wp-elements-255c425bc7a000b27bfb37dd26f6fb63\">En Medell\u00edn la marcha fue masiva y la dirigencia burocr\u00e1tica de los sindicatos m\u00e1s grandes del pa\u00eds se alinearon a la convocatoria del Gobierno, sacaron a las calles sus carros con sonidos donde gritaban consignas en apoyo a las reformas del gobierno y tambi\u00e9n grandes carteles y pancartas con mensajes a favor de Gustavo Petro.<\/p>\n\n\n\n<p class=\"has-black-color has-text-color has-link-color wp-elements-1f9d151625cb3010bb9e7ab4f2545a19\">Las reivindicaciones propias de los trabajadores de los sindicatos m\u00e1s peque\u00f1os, como las del sindicato del Metro que saco los carteles con los trabajadores que murieron por razones ligadas al trabajo o como las de uno de los sindicatos de la Universidad de Antioquia que expresaron que no estaban de acuerdo con que el Gobierno instrumentalizara el d\u00eda del proletariado, que aunque tienen cierta ilusi\u00f3n en Petro y apoyan sus reformas, fueron silenciadas por toda esa ola gobiernista impulsada por la burocracia sindical y respaldada por los trabajadores de base que tienen ilusi\u00f3n en el Gobierno.<\/p>\n\n\n\n<p class=\"has-black-color has-text-color has-link-color wp-elements-5ed778c80e2988e71cc2e80ab4c5c4d5\">A pesar de que la posici\u00f3n petrista era hegem\u00f3nica durante la marcha, un sector del movimiento popular que se declara independiente del gobierno, del Estado y de cualquier partido politiquero se moviliz\u00f3 y sali\u00f3 a reivindicar y poner en el alto el d\u00eda de la clase obrera.<\/p>\n\n\n\n<p class=\"has-black-color has-text-color has-link-color wp-elements-0037d4d5338de5fe654c1f7c8885c25d\">Una parte del sector independiente se agrup\u00f3 en un bloque que ten\u00eda por nombre Bloque Clasista e Internacionalista, all\u00ed participaron distintas organizaciones y personas democr\u00e1ticas, revolucionarias y comunistas. Este Bloque llev\u00f3 una pol\u00edtica clasista que reivindic\u00f3 la lucha por los derechos del pueblo y rechaz\u00f3 la conciliaci\u00f3n con las clases dominantes, tambi\u00e9n, llev\u00f3 una pol\u00edtica internacionalista que reivindic\u00f3 la lucha de los pueblos del mundo especialmente la lucha del pueblo palestino. Se cantaron consignas como \u201cNo al desalojo\u201d, pues algunas de las personas que participaron en el bloque eran vecinos del barrio <a href=\"https:\/\/nuevademocracia.com.co\/?p=26191\">Jos\u00e9 Antonio Gal\u00e1n<\/a> que est\u00e1n bajo amenaza de desalojo. La tela que marcaba la conformaci\u00f3n del Bloque dec\u00eda: \u201cGobierne quien gobierne los derechos del pueblo se defienden\u201d<\/p>\n\n\n\n<figure class=\"wp-block-image aligncenter size-full is-resized\"><img loading=\"lazy\" decoding=\"async\" width=\"933\" height=\"460\" src=\"https:\/\/nuevademocracia.com.co\/wp-content\/uploads\/2024\/05\/image-3.png\" alt=\"\" class=\"wp-image-26269\" style=\"width:714px;height:auto\" srcset=\"https:\/\/nuevademocracia.com.co\/wp-content\/uploads\/2024\/05\/image-3.png 933w, https:\/\/nuevademocracia.com.co\/wp-content\/uploads\/2024\/05\/image-3-300x148.png 300w, https:\/\/nuevademocracia.com.co\/wp-content\/uploads\/2024\/05\/image-3-768x379.png 768w\" sizes=\"auto, (max-width: 933px) 100vw, 933px\" \/><\/figure>\n\n\n\n<p><\/p>\n\n\n\n<p class=\"has-black-color has-text-color has-link-color wp-elements-1a37603cd352609c9d5ac9d7ecaca415\">El Bloque Clasista e Internacionalista dio apertura a la marcha con un acto en conmemoraci\u00f3n a algunos jefes del proletariado, como K. Marx, F. Engels, Mao Tse Tung, Lenin, Clara Zetkin, Maria Cano, entre otros. Tambi\u00e9n fue un acto en solidaridad con el pueblo palestino. En el acto varias organizaciones dieron discursos sobre la importancia del primero de mayo y apoyo a la resistencia palestina, tambi\u00e9n, cantaron la Internacional y junto a la comunidad musulmana cantaron la canci\u00f3n Leve Palestina.<\/p>\n\n\n\n<figure class=\"wp-block-image aligncenter size-full is-resized\"><img loading=\"lazy\" decoding=\"async\" width=\"984\" height=\"483\" src=\"https:\/\/nuevademocracia.com.co\/wp-content\/uploads\/2024\/05\/image-1.png\" alt=\"\" class=\"wp-image-26265\" style=\"width:752px;height:auto\" srcset=\"https:\/\/nuevademocracia.com.co\/wp-content\/uploads\/2024\/05\/image-1.png 984w, https:\/\/nuevademocracia.com.co\/wp-content\/uploads\/2024\/05\/image-1-300x147.png 300w, https:\/\/nuevademocracia.com.co\/wp-content\/uploads\/2024\/05\/image-1-768x377.png 768w\" sizes=\"auto, (max-width: 984px) 100vw, 984px\" \/><\/figure>\n\n\n\n<p><\/p>\n\n\n\n<p class=\"has-black-color has-text-color has-link-color wp-elements-368db29b10c4b6d9bcdea59dff2d1078\">En el transcurso de la marcha varios grupos fueron pegando carteles donde se mostraba la lucha de la mujer y la necesidad de la organizaci\u00f3n del Pueblo. Fueron haciendo pintas llamando a organizar la revoluci\u00f3n, luchar contra los explotadores y el latifundio y denunciando al gobierno de Petro, una de esas dec\u00eda: \u201cLos yanquis quieren hacer de Colombia su fort\u00edn y Petro les ayuda a que sea el bot\u00edn. Muerte al Imperialismo\u201d. Fueron repartiendo volantes que explicaban la importancia del primero de mayo, que resaltaban la necesidad de la organizaci\u00f3n revolucionaria de las mujeres, que reivindicaban los derechos de los trabajadores, entre otros. Colgaron una tela en honor al Ej\u00e9rcito Guerrillero Popular de Liberaci\u00f3n de India. Uno de esos grupos estuvo colgando banderas de Palestina y de la Liga Comunista Internacional-LCI.<\/p>\n\n\n\n<div class=\"wp-block-group is-nowrap is-layout-flex wp-container-core-group-is-layout-6c531013 wp-block-group-is-layout-flex\">\n<figure class=\"wp-block-image aligncenter size-full is-resized\"><img loading=\"lazy\" decoding=\"async\" width=\"973\" height=\"465\" src=\"https:\/\/nuevademocracia.com.co\/wp-content\/uploads\/2024\/05\/image-4.png\" alt=\"\" class=\"wp-image-26270\" style=\"width:634px;height:auto\" srcset=\"https:\/\/nuevademocracia.com.co\/wp-content\/uploads\/2024\/05\/image-4.png 973w, https:\/\/nuevademocracia.com.co\/wp-content\/uploads\/2024\/05\/image-4-300x143.png 300w, https:\/\/nuevademocracia.com.co\/wp-content\/uploads\/2024\/05\/image-4-768x367.png 768w\" sizes=\"auto, (max-width: 973px) 100vw, 973px\" \/><\/figure>\n\n\n\n<figure class=\"wp-block-image aligncenter size-full is-resized\"><img loading=\"lazy\" decoding=\"async\" width=\"808\" height=\"453\" src=\"https:\/\/nuevademocracia.com.co\/wp-content\/uploads\/2024\/05\/image-5.png\" alt=\"\" class=\"wp-image-26271\" style=\"width:631px;height:auto\" srcset=\"https:\/\/nuevademocracia.com.co\/wp-content\/uploads\/2024\/05\/image-5.png 808w, https:\/\/nuevademocracia.com.co\/wp-content\/uploads\/2024\/05\/image-5-300x168.png 300w, https:\/\/nuevademocracia.com.co\/wp-content\/uploads\/2024\/05\/image-5-768x431.png 768w\" sizes=\"auto, (max-width: 808px) 100vw, 808px\" \/><\/figure>\n\n\n<\/div>\n\n\n\n<p><\/p>\n\n\n\n<p class=\"has-black-color has-text-color has-link-color wp-elements-a232d78b0837695b6ccea30aef1be21a\">Tambi\u00e9n en medio de la movilizaci\u00f3n hubo varios choques entre, por un lado, sectores independientes (dentro de los cuales hab\u00eda personas haciendo pintas), y, por otro lado, algunos manifestantes pertenecientes al sector que m\u00e1s defend\u00eda a Petro. Vemos estos incidentes como fen\u00f3menos que son consecuencia directa de un gobierno que plantea ideas de \u201cacuerdo nacional\u201d o de \u201cpaz total\u201d, para llevar a las masas a conciliar con las clases dominantes. El gobierno de Petro y el petrismo rechaza abiertamente la acci\u00f3n combativa del movimiento popular e impide la independencia de clase en nuestras luchas.<\/p>\n\n\n\n<p class=\"has-black-color has-text-color has-link-color wp-elements-f93e4ff16002cf522b16bf0b63ba7040\">Manifestantes incluso, llegaron a sabotear actos culturales del bloque clasista e internacionalista, que llamaban a la independencia del movimiento popular en la lucha por sus derechos bajo gritos como: \u201cViva Petro\u201d o \u201cEl pueblo est\u00e1 con Petro\u201d. En otras ocasiones manifestantes pro Petro golpearon e intentaron sacar a los grupos que estaban haciendo pintas grit\u00e1ndoles \u201cInfiltrados\u201d o \u201cUribistas\u201d. Sin embargo, el sector independiente, a pesar de ser minoritario, tuvo la fuerza suficiente para defender las manifestaciones de luchas combativas que se presentaron en la marcha.<\/p>\n\n\n\n<p class=\"has-black-color has-text-color has-link-color wp-elements-a77e438a7355af99da1505dd86e1ba3e\"><em>Nueva Democracia <\/em>tambi\u00e9n particip\u00f3 de esta jornada y reparti\u00f3 alrededor de 2000 ejemplares de la edici\u00f3n especial que sac\u00f3 en ocasi\u00f3n del primero de mayo y a tres a\u00f1os del Gran Levantamiento Popular de 2021, <a href=\"https:\/\/nuevademocracia.com.co\/?p=26259\">el Editorial<\/a> de este ejemplar hace un llamado al pueblo a desechar las ilusiones que ofrece el gobierno oportunista de Petro y a retomar la lucha popular como \u00fanico camino para conquistar los derechos.<\/p>\n\n\n\n<figure class=\"wp-block-image aligncenter size-full is-resized\"><img loading=\"lazy\" decoding=\"async\" width=\"964\" height=\"455\" src=\"https:\/\/nuevademocracia.com.co\/wp-content\/uploads\/2024\/05\/image-2.png\" alt=\"\" class=\"wp-image-26266\" style=\"width:628px;height:auto\" srcset=\"https:\/\/nuevademocracia.com.co\/wp-content\/uploads\/2024\/05\/image-2.png 964w, https:\/\/nuevademocracia.com.co\/wp-content\/uploads\/2024\/05\/image-2-300x142.png 300w, https:\/\/nuevademocracia.com.co\/wp-content\/uploads\/2024\/05\/image-2-768x362.png 768w\" sizes=\"auto, (max-width: 964px) 100vw, 964px\" \/><\/figure>\n\n\n\n<p><\/p>\n\n\n\n<p class=\"has-black-color has-text-color has-link-color wp-elements-ebe5b2b68ef6e7d26bb87cd6dad45071\">La solidaridad y apoyo a la resistencia del pueblo palestino y el rechazo al genocidio del Estado sionista de Israel estuvo presente en toda la movilizaci\u00f3n, hab\u00eda carteles que dec\u00edan: \u201cPalestina Resiste, Palestina Triunfara\u201d, colocaron una tela que dec\u00eda: \u201cViva la lucha armada del pueblo palestino, \u00a1Los pueblos del mundo aplastaran al ya d\u00e9bil imperialismo!\u201d, hab\u00eda varias pintas que reflejaban la lucha palestina y hab\u00eda decenas de banderas de Palestina. Otra acci\u00f3n destacada dentro de la movilizaci\u00f3n fue la quema de una bandera de Estados Unidos e Israel y de un mu\u00f1eco que representaba al genocida y fascista Netanyahu acompa\u00f1ada de un discurso que denunciaba los cr\u00edmenes cometidos por el Estado sionista de Israel y resaltaba la heroica resistencia del pueblo palestino.<\/p>\n\n\n\n<div class=\"wp-block-group is-nowrap is-layout-flex wp-container-core-group-is-layout-6c531013 wp-block-group-is-layout-flex\">\n<figure class=\"wp-block-image aligncenter size-full is-resized\"><img loading=\"lazy\" decoding=\"async\" width=\"643\" height=\"340\" src=\"https:\/\/nuevademocracia.com.co\/wp-content\/uploads\/2024\/05\/image-6.png\" alt=\"\" class=\"wp-image-26273\" style=\"width:579px;height:auto\" srcset=\"https:\/\/nuevademocracia.com.co\/wp-content\/uploads\/2024\/05\/image-6.png 643w, https:\/\/nuevademocracia.com.co\/wp-content\/uploads\/2024\/05\/image-6-300x159.png 300w\" sizes=\"auto, (max-width: 643px) 100vw, 643px\" \/><\/figure>\n\n\n\n<figure class=\"wp-block-image aligncenter size-full is-resized\"><img loading=\"lazy\" decoding=\"async\" width=\"824\" height=\"454\" src=\"https:\/\/nuevademocracia.com.co\/wp-content\/uploads\/2024\/05\/image-7.png\" alt=\"\" class=\"wp-image-26274\" style=\"width:582px;height:auto\" srcset=\"https:\/\/nuevademocracia.com.co\/wp-content\/uploads\/2024\/05\/image-7.png 824w, https:\/\/nuevademocracia.com.co\/wp-content\/uploads\/2024\/05\/image-7-300x165.png 300w, https:\/\/nuevademocracia.com.co\/wp-content\/uploads\/2024\/05\/image-7-768x423.png 768w\" sizes=\"auto, (max-width: 824px) 100vw, 824px\" \/><\/figure>\n<\/div>\n\n\n\n<p><\/p>\n\n\n\n<p class=\"has-black-color has-text-color has-link-color wp-elements-63d8938e4e31ad7ecc50d385f838103f\">En este primero de mayo el Bloque Clasista e internacionalista y todos los sectores independientes le dieron a la movilizaci\u00f3n un sello independiente, un sello popular, un sello clasista e internacionalista. El bloque y otros sectores tambi\u00e9n independientes cumplieron un papel importante pues mostraron su car\u00e1cter cr\u00edtico ante el gobierno y salieron con combatividad a levantar bien alto el d\u00eda internacional del proletariado.<\/p>\n\n\n\n<p class=\"has-black-color has-text-color has-link-color wp-elements-2a40eb77f3d6f9494b2e33166f522855\">A continuaci\u00f3n compartimos un video de la jornada:<\/p>\n\n\n\n<figure class=\"wp-block-embed is-type-video is-provider-youtube wp-block-embed-youtube wp-embed-aspect-16-9 wp-has-aspect-ratio\"><div class=\"wp-block-embed__wrapper\">\n<iframe loading=\"lazy\" title=\"Medell\u00edn | Reportaje de la movilizaci\u00f3n Primero de Mayo 2024\" width=\"1290\" height=\"726\" src=\"https:\/\/www.youtube.com\/embed\/oaLe1YSQeQU?feature=oembed\" frameborder=\"0\" allow=\"accelerometer; autoplay; clipboard-write; encrypted-media; gyroscope; picture-in-picture; web-share\" referrerpolicy=\"strict-origin-when-cross-origin\" allowfullscreen><\/iframe>\n<\/div><\/figure>\n","protected":false},"excerpt":{"rendered":"<p>Este primero de mayo en Colombia el gobierno de Gustavo Petro, de manera oportunista y como parte de su plan de instrumentalizar al movimiento popular, convoc\u00f3 a marchar en apoyo a su gobierno y a las reformas que este est\u00e1 impulsando en el congreso. En Medell\u00edn la marcha fue masiva y la dirigencia burocr\u00e1tica de [&hellip;]<\/p>\n","protected":false},"author":1,"featured_media":26264,"comment_status":"open","ping_status":"open","sticky":false,"template":"","format":"standard","meta":{"footnotes":""},"categories":[16,31],"tags":[62],"class_list":["post-26262","post","type-post","status-publish","format-standard","has-post-thumbnail","hentry","category-carrusel","category-internacional","tag-conmemoracion"],"blocksy_meta":[],"_links":{"self":[{"href":"https:\/\/nuevademocracia.com.co\/index.php?rest_route=\/wp\/v2\/posts\/26262","targetHints":{"allow":["GET"]}}],"collection":[{"href":"https:\/\/nuevademocracia.com.co\/index.php?rest_route=\/wp\/v2\/posts"}],"about":[{"href":"https:\/\/nuevademocracia.com.co\/index.php?rest_route=\/wp\/v2\/types\/post"}],"author":[{"embeddable":true,"href":"https:\/\/nuevademocracia.com.co\/index.php?rest_route=\/wp\/v2\/users\/1"}],"replies":[{"embeddable":true,"href":"https:\/\/nuevademocracia.com.co\/index.php?rest_route=%2Fwp%2Fv2%2Fcomments&post=26262"}],"version-history":[{"count":6,"href":"https:\/\/nuevademocracia.com.co\/index.php?rest_route=\/wp\/v2\/posts\/26262\/revisions"}],"predecessor-version":[{"id":26276,"href":"https:\/\/nuevademocracia.com.co\/index.php?rest_route=\/wp\/v2\/posts\/26262\/revisions\/26276"}],"wp:featuredmedia":[{"embeddable":true,"href":"https:\/\/nuevademocracia.com.co\/index.php?rest_route=\/wp\/v2\/media\/26264"}],"wp:attachment":[{"href":"https:\/\/nuevademocracia.com.co\/index.php?rest_route=%2Fwp%2Fv2%2Fmedia&parent=26262"}],"wp:term":[{"taxonomy":"category","embeddable":true,"href":"https:\/\/nuevademocracia.com.co\/index.php?rest_route=%2Fwp%2Fv2%2Fcategories&post=26262"},{"taxonomy":"post_tag","embeddable":true,"href":"https:\/\/nuevademocracia.com.co\/index.php?rest_route=%2Fwp%2Fv2%2Ftags&post=26262"}],"curies":[{"name":"wp","href":"https:\/\/api.w.org\/{rel}","templated":true}]}}