{"id":26277,"date":"2024-05-07T08:00:00","date_gmt":"2024-05-07T13:00:00","guid":{"rendered":"https:\/\/nuevademocracia.com.co\/?p=26277"},"modified":"2024-05-06T12:37:40","modified_gmt":"2024-05-06T17:37:40","slug":"guerra-nacional-por-la-liberacion-palestina","status":"publish","type":"post","link":"https:\/\/nuevademocracia.com.co\/?p=26277","title":{"rendered":"Guerra Nacional por la Liberaci\u00f3n Palestina"},"content":{"rendered":"\n<p class=\"has-black-color has-text-color has-link-color wp-elements-1819bd1e43f6be1534a48ffaf66cc692\">A continuaci\u00f3n compartimos extractos de noticias de las prensas democr\u00e1ticas y populares: <strong>Heraldo Rojo <\/strong>y <strong>A Nova Democracia <\/strong>de Brasil.<\/p>\n\n\n\n<figure class=\"wp-block-image aligncenter size-full is-resized\"><img loading=\"lazy\" decoding=\"async\" width=\"1017\" height=\"673\" src=\"https:\/\/nuevademocracia.com.co\/wp-content\/uploads\/2024\/05\/Imagen1.png\" alt=\"\" class=\"wp-image-26278\" style=\"width:660px;height:auto\" srcset=\"https:\/\/nuevademocracia.com.co\/wp-content\/uploads\/2024\/05\/Imagen1.png 1017w, https:\/\/nuevademocracia.com.co\/wp-content\/uploads\/2024\/05\/Imagen1-300x199.png 300w, https:\/\/nuevademocracia.com.co\/wp-content\/uploads\/2024\/05\/Imagen1-768x508.png 768w\" sizes=\"auto, (max-width: 1017px) 100vw, 1017px\" \/><figcaption class=\"wp-element-caption\"><em><mark style=\"background-color:rgba(0, 0, 0, 0)\" class=\"has-inline-color has-black-color\">Fuente: Yeni Demokrasi<\/mark><\/em><\/figcaption><\/figure>\n\n\n\n<p><\/p>\n\n\n\n<p class=\"has-black-color has-text-color has-link-color wp-elements-251f769956ef8686e4faa0fcd2f1c13e\"><strong>Cr\u00edmenes sionistas<\/strong><\/p>\n\n\n\n<p class=\"has-black-color has-text-color has-link-color wp-elements-83fce5dcc1af94ce7203a76b623d07ef\">Han pasado m\u00e1s de 200 d\u00edas desde la contraofensiva del Frente de Resistencia Nacional de Palestina y el inicio de la operaci\u00f3n genocida de Israel contra Gaza. Despu\u00e9s de la retirada de las IDF del Complejo M\u00e9dico Nasser en Khan Younis, se han descubierto <a href=\"https:\/\/www.aljazeera.com\/news\/2024\/4\/24\/uncovering-of-mass-grave-at-gazas-nasser-hospital-what-you-need-to-know\">fosas comunes<\/a> con cientos de personas, entre ellas ni\u00f1os, personal m\u00e9dico y pacientes del hospital. Algunas de las personas fueron asesinados y enterrados desnudos con sus manos atadas. El coronel Yamen Abu Suleiman, director de Defensa Civil en Khan Younis, <a href=\"https:\/\/www.msn.com\/en-us\/news\/world\/un-demands-investigation-after-mass-graves-found-at-gaza-hospitals-raided-by-israel\/ar-AA1nA1Mc\">declar\u00f3<\/a> que \u201chab\u00eda se\u00f1ales de ejecuciones sumarias. No sabemos si fueron enterrados vivos o ejecutados\u201d.<\/p>\n\n\n\n<p class=\"has-black-color has-text-color has-link-color wp-elements-dd3b6a042d3293047644fb9d381a29ca\"><strong>Crecen las acciones de lucha y solidaridad<\/strong><\/p>\n\n\n\n<p class=\"has-black-color has-text-color has-link-color wp-elements-f6d10e8eb34600a085d5a7eaa5cafd39\">En Cisjordania ocupada, est\u00e1 creciendo el n\u00famero de acciones de la resistencia nacional. El domingo 21 de abril las IDF informaron que <a href=\"https:\/\/www.msn.com\/en-gb\/news\/other\/two-palestinians-attack-israeli-soldiers-in-west-bank-army-says\/ar-AA1nnDY0\">dos palestinos atacaron a sus soldados<\/a> cerca de Hebr\u00f3n.<\/p>\n\n\n\n<p class=\"has-black-color has-text-color has-link-color wp-elements-a5d8b2868d97d0be5e781cb16f3e4440\">En la Universidad de Columbia en EE.UU., los estudiantes mantienen su campamento protesta en solidaridad con el pueblo de Palestina a pesar de la represi\u00f3n. La protesta se est\u00e1 <a href=\"https:\/\/www.msn.com\/en-gb\/news\/world\/protests-roiling-us-colleges-escalate-with-arrests-new-encampments-and-closures\/ar-AA1nvXgG\">extendiendo<\/a> a otros campus del pa\u00eds, con estudiantes ocupando edificios y montando campamentos protesta. Adem\u00e1s, m\u00e1s de 200 personas fueron detenidas en una <a href=\"https:\/\/www.nbcnews.com\/news\/us-news\/live-blog\/columbia-protests-live-update-encampment-continue-college-negotiates-p-rcna149111\">protesta<\/a> organizada por grupos jud\u00edos propalestinos cerca de la casa del senador Chuck Schumer en Nueva York.<\/p>\n\n\n\n<p class=\"has-black-color has-text-color has-link-color wp-elements-4c70dc5d07a5d5fd822f3d31a65e4ac0\"><strong>Importante victoria militar de la Resistencia Nacional Palestina: Se retiran las tropas sionistas del Sur de Gaza<\/strong><\/p>\n\n\n\n<p class=\"has-black-color has-text-color has-link-color wp-elements-ef79e3912c93b15000039bee187d3901\">Las Brigadas Al-Qassam, organizaci\u00f3n militar de Ham\u00e1s, afirmaron que la salida de las tropas sionistas fue consecuencia de las firmes acciones de la Resistencia Nacional: \u201cLa ocupaci\u00f3n entr\u00f3 en la mayor\u00eda de zonas de la Franja de Gaza, destruy\u00e9ndolas por completo, alardeando de haber logrado desmantelar las brigadas de Ham\u00e1s. Cada vez que la ocupaci\u00f3n regresaba a zonas donde supon\u00eda que no encontrar\u00eda resistencia, se ve\u00eda sorprendida por una resistencia feroz y cualitativa. La ocupaci\u00f3n se vio obligada a cesar sus operaciones incluso antes de lograr sus objetivos, con ejemplos como Al-Jawazat, Al-Shifa y Khan Yunis\u201d, afirm\u00f3 la organizaci\u00f3n.\u00a0<\/p>\n\n\n\n<figure class=\"wp-block-image aligncenter size-full is-resized\"><img loading=\"lazy\" decoding=\"async\" width=\"975\" height=\"649\" src=\"https:\/\/nuevademocracia.com.co\/wp-content\/uploads\/2024\/05\/image-8.png\" alt=\"\" class=\"wp-image-26279\" style=\"width:652px;height:auto\" srcset=\"https:\/\/nuevademocracia.com.co\/wp-content\/uploads\/2024\/05\/image-8.png 975w, https:\/\/nuevademocracia.com.co\/wp-content\/uploads\/2024\/05\/image-8-300x200.png 300w, https:\/\/nuevademocracia.com.co\/wp-content\/uploads\/2024\/05\/image-8-768x511.png 768w\" sizes=\"auto, (max-width: 975px) 100vw, 975px\" \/><\/figure>\n\n\n\n<p><\/p>\n\n\n\n<p class=\"has-black-color has-text-color has-link-color wp-elements-e91a6ca632544aeae6851e2e539aaa9b\"><strong>Fuerte resistencia&nbsp;<\/strong><\/p>\n\n\n\n<p class=\"has-black-color has-text-color has-link-color wp-elements-216a383451692755a25835a072f82c24\">No hay se\u00f1ales de debilitamiento de la Resistencia Nacional ni de la lucha pro Palestina. Las protestas en apoyo del pueblo palestino contin\u00faan en todo el mundo. En Medio Oriente, los pa\u00edses aliados de Palestina refuerzan los ataques a Israel y su compromiso con la guerra, mientras otros pa\u00edses \u00e1rabes lacayos de Estados Unidos revisan acuerdos y acercamientos con el Estado sionista.&nbsp;<\/p>\n\n\n\n<p class=\"has-black-color has-text-color has-link-color wp-elements-11664a0b216541ec28d0a556bffa39df\">Seis meses despu\u00e9s de su inicio, el Diluvio de Al-Aqsa sigue cosechando victorias. Palestina, el Estado de Israel, Medio Oriente y el mundo hoy son casi irreconocibles en comparaci\u00f3n con antes del 7 de octubre. El genocidio de 48 a\u00f1os se enfrenta ahora a una guerra de liberaci\u00f3n nacional palestina sin precedentes. El Estado de Israel est\u00e1 derrotado. El Medio Oriente est\u00e1 nuevamente en llamas, con los intereses yanquis en la regi\u00f3n acosados \u200b\u200bd\u00eda tras d\u00eda. Y todos prestan atenci\u00f3n y se movilizan en torno y a favor de la causa palestina.<\/p>\n","protected":false},"excerpt":{"rendered":"<p>A continuaci\u00f3n compartimos extractos de noticias de las prensas democr\u00e1ticas y populares: Heraldo Rojo y A Nova Democracia de Brasil. Cr\u00edmenes sionistas Han pasado m\u00e1s de 200 d\u00edas desde la contraofensiva del Frente de Resistencia Nacional de Palestina y el inicio de la operaci\u00f3n genocida de Israel contra Gaza. Despu\u00e9s de la retirada de las [&hellip;]<\/p>\n","protected":false},"author":1,"featured_media":26278,"comment_status":"open","ping_status":"open","sticky":false,"template":"","format":"standard","meta":{"footnotes":""},"categories":[116,31,135],"tags":[],"class_list":["post-26277","post","type-post","status-publish","format-standard","has-post-thumbnail","hentry","category-imperialismo","category-internacional","category-resistencia-palestina"],"blocksy_meta":[],"_links":{"self":[{"href":"https:\/\/nuevademocracia.com.co\/index.php?rest_route=\/wp\/v2\/posts\/26277","targetHints":{"allow":["GET"]}}],"collection":[{"href":"https:\/\/nuevademocracia.com.co\/index.php?rest_route=\/wp\/v2\/posts"}],"about":[{"href":"https:\/\/nuevademocracia.com.co\/index.php?rest_route=\/wp\/v2\/types\/post"}],"author":[{"embeddable":true,"href":"https:\/\/nuevademocracia.com.co\/index.php?rest_route=\/wp\/v2\/users\/1"}],"replies":[{"embeddable":true,"href":"https:\/\/nuevademocracia.com.co\/index.php?rest_route=%2Fwp%2Fv2%2Fcomments&post=26277"}],"version-history":[{"count":2,"href":"https:\/\/nuevademocracia.com.co\/index.php?rest_route=\/wp\/v2\/posts\/26277\/revisions"}],"predecessor-version":[{"id":26281,"href":"https:\/\/nuevademocracia.com.co\/index.php?rest_route=\/wp\/v2\/posts\/26277\/revisions\/26281"}],"wp:featuredmedia":[{"embeddable":true,"href":"https:\/\/nuevademocracia.com.co\/index.php?rest_route=\/wp\/v2\/media\/26278"}],"wp:attachment":[{"href":"https:\/\/nuevademocracia.com.co\/index.php?rest_route=%2Fwp%2Fv2%2Fmedia&parent=26277"}],"wp:term":[{"taxonomy":"category","embeddable":true,"href":"https:\/\/nuevademocracia.com.co\/index.php?rest_route=%2Fwp%2Fv2%2Fcategories&post=26277"},{"taxonomy":"post_tag","embeddable":true,"href":"https:\/\/nuevademocracia.com.co\/index.php?rest_route=%2Fwp%2Fv2%2Ftags&post=26277"}],"curies":[{"name":"wp","href":"https:\/\/api.w.org\/{rel}","templated":true}]}}