{"id":26282,"date":"2024-05-07T16:00:00","date_gmt":"2024-05-07T21:00:00","guid":{"rendered":"https:\/\/nuevademocracia.com.co\/?p=26282"},"modified":"2024-05-06T12:43:28","modified_gmt":"2024-05-06T17:43:28","slug":"proletarios-y-pueblos-del-mundo-unidos-contra-el-imperialismo","status":"publish","type":"post","link":"https:\/\/nuevademocracia.com.co\/?p=26282","title":{"rendered":"Proletarios y pueblos del mundo unidos contra el imperialismo"},"content":{"rendered":"\n<figure class=\"wp-block-image aligncenter size-full is-resized\"><img loading=\"lazy\" decoding=\"async\" width=\"656\" height=\"362\" src=\"https:\/\/nuevademocracia.com.co\/wp-content\/uploads\/2024\/05\/Imagen2.png\" alt=\"\" class=\"wp-image-26283\" style=\"width:794px;height:auto\" srcset=\"https:\/\/nuevademocracia.com.co\/wp-content\/uploads\/2024\/05\/Imagen2.png 656w, https:\/\/nuevademocracia.com.co\/wp-content\/uploads\/2024\/05\/Imagen2-300x166.png 300w\" sizes=\"auto, (max-width: 656px) 100vw, 656px\" \/><\/figure>\n\n\n\n<p><\/p>\n\n\n\n<p class=\"has-black-color has-text-color has-link-color wp-elements-fa48cd5bf15f776065b09ef62bcd4516\">Un sistema decadente, agonizante y en descomposici\u00f3n impera en todo el mundo. El imperialismo en poco m\u00e1s de 100 a\u00f1os de existencia ha causado los m\u00e1s grandes desastres para las masas; guerras de rapi\u00f1a, genocidios, agudizaci\u00f3n de la opresi\u00f3n nacional, grandes despojos de tierras, hambre, imposici\u00f3n de gobiernos lacayos, saqueos y miseria. Sin embargo, no todo es oscuro, la perspectiva para el proletariado y los pueblos del mundo es brillante.<\/p>\n\n\n\n<p class=\"has-black-color has-text-color has-link-color wp-elements-1633985fe7b91994b469b6502262e466\">Frente a este moribundo sistema y toda su decadente ideolog\u00eda los pueblos del mundo responden de distintas formas con lucha y organizaci\u00f3n. En Palestina la heroica Resistencia Nacional desde el Diluvio de Al Aqsa ha infringido grandes derrotas militares y pol\u00edticas al Estado sionista de Israel y mostrado la valent\u00eda y persistencia para liberar la naci\u00f3n desplegando gran heroicidad. En Colombia las familias se organizan y resisten desalojos en los barrios, las mujeres salen a las calles a denunciar la explotaci\u00f3n sexual y los campesinos bloquean v\u00edas exigiendo tierras. En M\u00e9xico los campesinos se movilizan en contra de los cr\u00edmenes del latifundio, impulsan una campa\u00f1a de boicot a la farsa electoral y luchan contra los megaproyectos imperialistas. En Brasil los campesinos resisten los ataques de los terratenientes y se organizan para tomar las tierras del latifundio. En Hait\u00ed las masas y varios grupos armados luchan contra la dominaci\u00f3n extranjera. En Ucrania las masas siguen luchando contra la invasi\u00f3n del imperialismo ruso y en Europa los campesinos protestan contra los altos costos de producci\u00f3n. En el Congo las masas luchan contra el saqueo imperialista y queman banderas yanquis y belgas en la puerta de los parlamentos imperialistas y en oficinas de la ONU. En la India los campesinos luchan contra el bajo precio de sus productos y contra la represi\u00f3n del viejo Estado indio. Y en Per\u00fa, Turqu\u00eda, India y Filipinas se desarrollan Guerras Populares contra el latifundio, el imperialismo y el capitalismo burocr\u00e1tico.<\/p>\n\n\n\n<p class=\"has-black-color has-text-color has-link-color wp-elements-a3c40e180187819323a2c4d058eb9655\">En este primero de mayo, d\u00eda internacional de la clase obrera, como plante\u00f3 Engels, el proletariado y los pueblos del mundo se movilizan en <em>un solo<\/em> ej\u00e9rcito, bajo <em>la misma <\/em>bandera y para <em>un mismo<\/em> objetivo: barrer de la faz de la tierra al imperialismo. Y demostrar\u00e1n a los capitalistas y a los terratenientes de todos los pa\u00edses que, en efecto, no pueden seguir gobernando como lo vienen haciendo y que los proletarios de todos los pa\u00edses est\u00e1n unidos y no pueden seguir viviendo bajo este sistema.<\/p>\n","protected":false},"excerpt":{"rendered":"<p>Un sistema decadente, agonizante y en descomposici\u00f3n impera en todo el mundo. El imperialismo en poco m\u00e1s de 100 a\u00f1os de existencia ha causado los m\u00e1s grandes desastres para las masas; guerras de rapi\u00f1a, genocidios, agudizaci\u00f3n de la opresi\u00f3n nacional, grandes despojos de tierras, hambre, imposici\u00f3n de gobiernos lacayos, saqueos y miseria. Sin embargo, no [&hellip;]<\/p>\n","protected":false},"author":1,"featured_media":26283,"comment_status":"open","ping_status":"open","sticky":false,"template":"","format":"standard","meta":{"footnotes":""},"categories":[116,31],"tags":[39],"class_list":["post-26282","post","type-post","status-publish","format-standard","has-post-thumbnail","hentry","category-imperialismo","category-internacional","tag-internacionalismo"],"blocksy_meta":[],"_links":{"self":[{"href":"https:\/\/nuevademocracia.com.co\/index.php?rest_route=\/wp\/v2\/posts\/26282","targetHints":{"allow":["GET"]}}],"collection":[{"href":"https:\/\/nuevademocracia.com.co\/index.php?rest_route=\/wp\/v2\/posts"}],"about":[{"href":"https:\/\/nuevademocracia.com.co\/index.php?rest_route=\/wp\/v2\/types\/post"}],"author":[{"embeddable":true,"href":"https:\/\/nuevademocracia.com.co\/index.php?rest_route=\/wp\/v2\/users\/1"}],"replies":[{"embeddable":true,"href":"https:\/\/nuevademocracia.com.co\/index.php?rest_route=%2Fwp%2Fv2%2Fcomments&post=26282"}],"version-history":[{"count":1,"href":"https:\/\/nuevademocracia.com.co\/index.php?rest_route=\/wp\/v2\/posts\/26282\/revisions"}],"predecessor-version":[{"id":26284,"href":"https:\/\/nuevademocracia.com.co\/index.php?rest_route=\/wp\/v2\/posts\/26282\/revisions\/26284"}],"wp:featuredmedia":[{"embeddable":true,"href":"https:\/\/nuevademocracia.com.co\/index.php?rest_route=\/wp\/v2\/media\/26283"}],"wp:attachment":[{"href":"https:\/\/nuevademocracia.com.co\/index.php?rest_route=%2Fwp%2Fv2%2Fmedia&parent=26282"}],"wp:term":[{"taxonomy":"category","embeddable":true,"href":"https:\/\/nuevademocracia.com.co\/index.php?rest_route=%2Fwp%2Fv2%2Fcategories&post=26282"},{"taxonomy":"post_tag","embeddable":true,"href":"https:\/\/nuevademocracia.com.co\/index.php?rest_route=%2Fwp%2Fv2%2Ftags&post=26282"}],"curies":[{"name":"wp","href":"https:\/\/api.w.org\/{rel}","templated":true}]}}