{"id":26286,"date":"2024-05-07T12:00:00","date_gmt":"2024-05-07T17:00:00","guid":{"rendered":"https:\/\/nuevademocracia.com.co\/?p=26286"},"modified":"2024-05-06T12:43:03","modified_gmt":"2024-05-06T17:43:03","slug":"en-conmemoracion-al-gran-levantamiento-popular","status":"publish","type":"post","link":"https:\/\/nuevademocracia.com.co\/?p=26286","title":{"rendered":"En conmemoraci\u00f3n al Gran Levantamiento Popular"},"content":{"rendered":"\n<figure class=\"wp-block-image size-full is-resized\"><img loading=\"lazy\" decoding=\"async\" width=\"1006\" height=\"590\" src=\"https:\/\/nuevademocracia.com.co\/wp-content\/uploads\/2024\/05\/Imagen3.png\" alt=\"\" class=\"wp-image-26287\" style=\"width:827px;height:auto\" srcset=\"https:\/\/nuevademocracia.com.co\/wp-content\/uploads\/2024\/05\/Imagen3.png 1006w, https:\/\/nuevademocracia.com.co\/wp-content\/uploads\/2024\/05\/Imagen3-300x176.png 300w, https:\/\/nuevademocracia.com.co\/wp-content\/uploads\/2024\/05\/Imagen3-768x450.png 768w\" sizes=\"auto, (max-width: 1006px) 100vw, 1006px\" \/><\/figure>\n\n\n\n<p><\/p>\n\n\n\n<p class=\"has-black-color has-text-color has-link-color wp-elements-04c57fb4e7365268e4c9cc9fe9c76360\">Hace tres a\u00f1os, el 28 de abril del 2021, cientos de miles de personas se preparaban para salir de sus casas con la indignaci\u00f3n a flor de piel. Se agruparon en plazas y calles de varias ciudades y municipios de Colombia para alzar la voz contra una reforma tributaria, que el imperialismo principalmente yanqui impulsaba por medio de sus organismos internacionales para intentar exprimir m\u00e1s y m\u00e1s al pueblo con impuestos, dinero que va a dar a sus bolsillos por medio de una impagable y parasitaria deuda externa. Esta reforma demostraba que este Estado al servicio de grandes burgueses y terratenientes se recuesta en los hombros de millones de hombres y mujeres que trabajan fuertemente a diario para buscar el pan que han de poner en su mesa. Este d\u00eda no fue un d\u00eda cualquiera, el pueblo colombiano estableci\u00f3 un gran hito en su historia de lucha.<\/p>\n\n\n\n<p class=\"has-black-color has-text-color has-link-color wp-elements-cd9a124482d26b93bc98053523ecfb75\">Durante dos meses la juventud m\u00e1s pobre, aquella que vive con la rabia de no encontrar un lugar dentro de esta sociedad, pues su realidad es el desempleo o la imposibilidad de estudiar, fue la protagonista de heroicas batallas callejeras. Estas miles de marchas, bloqueos y confrontaciones con la polic\u00eda demostraban que despu\u00e9s de la crisis econ\u00f3mica que trajo la pandemia del covid-19 las clases populares de nuestro pa\u00eds no estaban dispuestas a seguir viviendo de la misma manera.&nbsp;<\/p>\n\n\n\n<p class=\"has-black-color has-text-color has-link-color wp-elements-8262fee5a698ca9113a6cde2f8e43cee\">Ante esto, el viejo Estado utiliz\u00f3 sus dos t\u00e1cticas: garrote y pan. Por un lado, desde el primer d\u00eda us\u00f3 sus aparatos represivos del Esmad para intentar impedir las marchas y las tomas de las ciudades, asesinando, durante los varios meses de protestas, a m\u00e1s de ochenta personas, hiriendo a centenares, violando a decenas de mujeres y encarcelando a cientos de luchadores. Y, por otro lado, la falsa izquierda con palabras pacifistas invitaba a la gente a confiar en la burocracia y a depositar su indignaci\u00f3n en las elecciones, como cuando Petro, entonces candidato a presidencia, el 31 de mayo, en pleno auge del levantamiento popular, invitaba a la juventud a que continuara la lucha en las urnas y twitteaba: \u201cla m\u00e1s grande marcha deber\u00eda ser a las registradur\u00edas, a inscribir las c\u00e9dulas\u201d. Estas acciones ten\u00edan como objetivo desmovilizar la lucha de la gente y permitir que el Estado siga sus medidas antipopulares, unos infundiendo el miedo a la lucha y otros la confianza en que los bur\u00f3cratas son los que van a conceder los derechos.<\/p>\n\n\n\n<p class=\"has-black-color has-text-color has-link-color wp-elements-6eba6b994e2e40f82bb3f252a787229c\">Pero el pueblo demostr\u00f3 a los de arriba, en estos meses de lucha, su capacidad de combate, indignaci\u00f3n, perseverancia, rebeld\u00eda y sobre todo, ganas de transformar esta sociedad, que es profundamente injusta. En tan solo los primeros cinco d\u00edas se conquist\u00f3 la ca\u00edda de la reforma tributaria, y en el primer mes se logr\u00f3 tambi\u00e9n tumbar la reforma a la salud y conquistar matricula cero en las universidades p\u00fablicas. Estas jornadas fueron una avanzada del pueblo en lucha, organizaci\u00f3n y conquista de reivindicaciones. Se demostr\u00f3 la fortaleza que tienen las masas populares cuando se levantan, capaces de hacer temblar la&nbsp;&nbsp; tierra.<\/p>\n","protected":false},"excerpt":{"rendered":"<p>Hace tres a\u00f1os, el 28 de abril del 2021, cientos de miles de personas se preparaban para salir de sus casas con la indignaci\u00f3n a flor de piel. Se agruparon en plazas y calles de varias ciudades y municipios de Colombia para alzar la voz contra una reforma tributaria, que el imperialismo principalmente yanqui impulsaba [&hellip;]<\/p>\n","protected":false},"author":1,"featured_media":26287,"comment_status":"open","ping_status":"open","sticky":false,"template":"","format":"standard","meta":{"footnotes":""},"categories":[4],"tags":[],"class_list":["post-26286","post","type-post","status-publish","format-standard","has-post-thumbnail","hentry","category-colombia"],"blocksy_meta":[],"_links":{"self":[{"href":"https:\/\/nuevademocracia.com.co\/index.php?rest_route=\/wp\/v2\/posts\/26286","targetHints":{"allow":["GET"]}}],"collection":[{"href":"https:\/\/nuevademocracia.com.co\/index.php?rest_route=\/wp\/v2\/posts"}],"about":[{"href":"https:\/\/nuevademocracia.com.co\/index.php?rest_route=\/wp\/v2\/types\/post"}],"author":[{"embeddable":true,"href":"https:\/\/nuevademocracia.com.co\/index.php?rest_route=\/wp\/v2\/users\/1"}],"replies":[{"embeddable":true,"href":"https:\/\/nuevademocracia.com.co\/index.php?rest_route=%2Fwp%2Fv2%2Fcomments&post=26286"}],"version-history":[{"count":1,"href":"https:\/\/nuevademocracia.com.co\/index.php?rest_route=\/wp\/v2\/posts\/26286\/revisions"}],"predecessor-version":[{"id":26288,"href":"https:\/\/nuevademocracia.com.co\/index.php?rest_route=\/wp\/v2\/posts\/26286\/revisions\/26288"}],"wp:featuredmedia":[{"embeddable":true,"href":"https:\/\/nuevademocracia.com.co\/index.php?rest_route=\/wp\/v2\/media\/26287"}],"wp:attachment":[{"href":"https:\/\/nuevademocracia.com.co\/index.php?rest_route=%2Fwp%2Fv2%2Fmedia&parent=26286"}],"wp:term":[{"taxonomy":"category","embeddable":true,"href":"https:\/\/nuevademocracia.com.co\/index.php?rest_route=%2Fwp%2Fv2%2Fcategories&post=26286"},{"taxonomy":"post_tag","embeddable":true,"href":"https:\/\/nuevademocracia.com.co\/index.php?rest_route=%2Fwp%2Fv2%2Ftags&post=26286"}],"curies":[{"name":"wp","href":"https:\/\/api.w.org\/{rel}","templated":true}]}}