{"id":26289,"date":"2024-05-07T12:00:00","date_gmt":"2024-05-07T17:00:00","guid":{"rendered":"https:\/\/nuevademocracia.com.co\/?p=26289"},"modified":"2024-07-10T13:41:49","modified_gmt":"2024-07-10T18:41:49","slug":"cultura-popular-en-el-gran-levantamiento-popular","status":"publish","type":"post","link":"https:\/\/nuevademocracia.com.co\/?p=26289","title":{"rendered":"Cultura popular en el Gran Levantamiento Popular"},"content":{"rendered":"\n<p class=\"has-black-color has-text-color has-link-color wp-elements-45fd869af70f567b1a04577c1f344706\">El Gran Levantamiento Popular mostro el arte del pueblo, que con distintas expresiones art\u00edsticas mostraron su apoyo a la resistencia en las calles, la indignaci\u00f3n con la situaci\u00f3n de vida y la esperanza de transformar la sociedad.<\/p>\n\n\n\n<figure class=\"wp-block-image aligncenter size-full is-resized\"><img loading=\"lazy\" decoding=\"async\" width=\"772\" height=\"871\" src=\"https:\/\/nuevademocracia.com.co\/wp-content\/uploads\/2024\/05\/Imagen4.png\" alt=\"\" class=\"wp-image-26290\" style=\"width:537px;height:auto\" srcset=\"https:\/\/nuevademocracia.com.co\/wp-content\/uploads\/2024\/05\/Imagen4.png 772w, https:\/\/nuevademocracia.com.co\/wp-content\/uploads\/2024\/05\/Imagen4-266x300.png 266w, https:\/\/nuevademocracia.com.co\/wp-content\/uploads\/2024\/05\/Imagen4-768x866.png 768w\" sizes=\"auto, (max-width: 772px) 100vw, 772px\" \/><figcaption class=\"wp-element-caption\"><em><mark style=\"background-color:rgba(0, 0, 0, 0)\" class=\"has-inline-color has-black-color\">Monumento de la Resistencia en Cali. Foto: Semana<\/mark><\/em><\/figcaption><\/figure>\n\n\n\n<p><\/p>\n\n\n\n<figure class=\"wp-block-image aligncenter size-full is-resized\"><img loading=\"lazy\" decoding=\"async\" width=\"522\" height=\"348\" src=\"https:\/\/nuevademocracia.com.co\/wp-content\/uploads\/2024\/05\/Imagen5.png\" alt=\"\" class=\"wp-image-26291\" style=\"width:620px;height:auto\" srcset=\"https:\/\/nuevademocracia.com.co\/wp-content\/uploads\/2024\/05\/Imagen5.png 522w, https:\/\/nuevademocracia.com.co\/wp-content\/uploads\/2024\/05\/Imagen5-300x200.png 300w\" sizes=\"auto, (max-width: 522px) 100vw, 522px\" \/><figcaption class=\"wp-element-caption\"><em><mark style=\"background-color:rgba(0, 0, 0, 0)\" class=\"has-inline-color has-black-color\">Pintura al \u00f3leo \u201cPrimera L\u00ednea\u201d de Dar\u00edo Ortiz Robledo<\/mark><\/em><br>\u00a0<\/figcaption><\/figure>\n\n\n\n<figure class=\"wp-block-embed aligncenter is-type-video is-provider-youtube wp-block-embed-youtube wp-embed-aspect-16-9 wp-has-aspect-ratio\"><div class=\"wp-block-embed__wrapper\">\n<iframe loading=\"lazy\" title=\"FCC - Es justo rebelarse\" width=\"1290\" height=\"726\" src=\"https:\/\/www.youtube.com\/embed\/m_PFzm8vzJI?list=PLrQmOaLcG_1nlgqf7efyGnRVCGGckNRel\" frameborder=\"0\" allow=\"accelerometer; autoplay; clipboard-write; encrypted-media; gyroscope; picture-in-picture; web-share\" referrerpolicy=\"strict-origin-when-cross-origin\" allowfullscreen><\/iframe>\n<\/div><figcaption class=\"wp-element-caption\"><em><mark style=\"background-color:rgba(0, 0, 0, 0)\" class=\"has-inline-color has-black-color\">Playlist con canciones populares que surgieron por el Gran Levantamiento Popular<\/mark><\/em><\/figcaption><\/figure>\n\n\n\n<p><\/p>\n","protected":false},"excerpt":{"rendered":"<p>El Gran Levantamiento Popular mostro el arte del pueblo, que con distintas expresiones art\u00edsticas mostraron su apoyo a la resistencia en las calles, la indignaci\u00f3n con la situaci\u00f3n de vida y la esperanza de transformar la sociedad.<\/p>\n","protected":false},"author":1,"featured_media":26291,"comment_status":"open","ping_status":"open","sticky":false,"template":"","format":"standard","meta":{"footnotes":""},"categories":[4,134],"tags":[62],"class_list":["post-26289","post","type-post","status-publish","format-standard","has-post-thumbnail","hentry","category-colombia","category-nueva-cultura","tag-conmemoracion"],"blocksy_meta":[],"_links":{"self":[{"href":"https:\/\/nuevademocracia.com.co\/index.php?rest_route=\/wp\/v2\/posts\/26289","targetHints":{"allow":["GET"]}}],"collection":[{"href":"https:\/\/nuevademocracia.com.co\/index.php?rest_route=\/wp\/v2\/posts"}],"about":[{"href":"https:\/\/nuevademocracia.com.co\/index.php?rest_route=\/wp\/v2\/types\/post"}],"author":[{"embeddable":true,"href":"https:\/\/nuevademocracia.com.co\/index.php?rest_route=\/wp\/v2\/users\/1"}],"replies":[{"embeddable":true,"href":"https:\/\/nuevademocracia.com.co\/index.php?rest_route=%2Fwp%2Fv2%2Fcomments&post=26289"}],"version-history":[{"count":1,"href":"https:\/\/nuevademocracia.com.co\/index.php?rest_route=\/wp\/v2\/posts\/26289\/revisions"}],"predecessor-version":[{"id":26292,"href":"https:\/\/nuevademocracia.com.co\/index.php?rest_route=\/wp\/v2\/posts\/26289\/revisions\/26292"}],"wp:featuredmedia":[{"embeddable":true,"href":"https:\/\/nuevademocracia.com.co\/index.php?rest_route=\/wp\/v2\/media\/26291"}],"wp:attachment":[{"href":"https:\/\/nuevademocracia.com.co\/index.php?rest_route=%2Fwp%2Fv2%2Fmedia&parent=26289"}],"wp:term":[{"taxonomy":"category","embeddable":true,"href":"https:\/\/nuevademocracia.com.co\/index.php?rest_route=%2Fwp%2Fv2%2Fcategories&post=26289"},{"taxonomy":"post_tag","embeddable":true,"href":"https:\/\/nuevademocracia.com.co\/index.php?rest_route=%2Fwp%2Fv2%2Ftags&post=26289"}],"curies":[{"name":"wp","href":"https:\/\/api.w.org\/{rel}","templated":true}]}}