{"id":26295,"date":"2024-05-15T11:42:21","date_gmt":"2024-05-15T16:42:21","guid":{"rendered":"https:\/\/nuevademocracia.com.co\/?p=26295"},"modified":"2024-05-15T11:44:46","modified_gmt":"2024-05-15T16:44:46","slug":"embajador-rauf-al-malki-hace-un-llamado-a-la-accion-por-palestina","status":"publish","type":"post","link":"https:\/\/nuevademocracia.com.co\/?p=26295","title":{"rendered":"Embajador Rauf Al Malki hace un llamado a la acci\u00f3n por Palestina"},"content":{"rendered":"\n<figure class=\"wp-block-image size-large\"><img loading=\"lazy\" decoding=\"async\" width=\"1024\" height=\"576\" src=\"https:\/\/nuevademocracia.com.co\/wp-content\/uploads\/2024\/05\/Rauf-Al-Malki-en-la-UdeA-5-1024x576.jpg\" alt=\"\" class=\"wp-image-26296\" srcset=\"https:\/\/nuevademocracia.com.co\/wp-content\/uploads\/2024\/05\/Rauf-Al-Malki-en-la-UdeA-5-1024x576.jpg 1024w, https:\/\/nuevademocracia.com.co\/wp-content\/uploads\/2024\/05\/Rauf-Al-Malki-en-la-UdeA-5-300x169.jpg 300w, https:\/\/nuevademocracia.com.co\/wp-content\/uploads\/2024\/05\/Rauf-Al-Malki-en-la-UdeA-5-768x432.jpg 768w, https:\/\/nuevademocracia.com.co\/wp-content\/uploads\/2024\/05\/Rauf-Al-Malki-en-la-UdeA-5-1536x864.jpg 1536w, https:\/\/nuevademocracia.com.co\/wp-content\/uploads\/2024\/05\/Rauf-Al-Malki-en-la-UdeA-5.jpg 1920w\" sizes=\"auto, (max-width: 1024px) 100vw, 1024px\" \/><\/figure>\n\n\n\n<p class=\"has-black-color has-text-color has-link-color wp-elements-9bb6e7b9928142a241de933aa7c93b8d\">El pasado martes 14 de mayo, fue realizado un importante evento en solidaridad con la Heroica Guerra de Resistencia Palestina. En el espacio titulado <em>La mirada palestina del genocidio en Gaza. Conmemoraci\u00f3n de los 76 a\u00f1os de la \u00abNakba\u201d<\/em>, el embajador de Palestina en Colombia, Rauf Al Malki, realiz\u00f3 una explicaci\u00f3n de la situaci\u00f3n actual del pueblo palestino y la justeza de la guerra de resistencia. Adem\u00e1s, dio respuesta a algunas preguntas surgidas desde el p\u00fablico. El evento fue organizado por el Cine Club Utop\u00eda, Grupo de Investigaci\u00f3n en Estudios Internacionales, Semillero de Estudios Asi\u00e1ticos y el Pregrado de Ciencia Pol\u00edtica de la Universidad de Antioquia.&nbsp;<\/p>\n\n\n\n<figure class=\"wp-block-gallery has-nested-images columns-default is-cropped wp-block-gallery-1 is-layout-flex wp-block-gallery-is-layout-flex\">\n<figure class=\"wp-block-image size-medium is-style-default\"><img loading=\"lazy\" decoding=\"async\" width=\"300\" height=\"300\" data-id=\"26308\" src=\"https:\/\/nuevademocracia.com.co\/wp-content\/uploads\/2024\/05\/GNdqh5pXIAER70P-300x300.jpeg\" alt=\"\" class=\"wp-image-26308\" srcset=\"https:\/\/nuevademocracia.com.co\/wp-content\/uploads\/2024\/05\/GNdqh5pXIAER70P-300x300.jpeg 300w, https:\/\/nuevademocracia.com.co\/wp-content\/uploads\/2024\/05\/GNdqh5pXIAER70P-150x150.jpeg 150w, https:\/\/nuevademocracia.com.co\/wp-content\/uploads\/2024\/05\/GNdqh5pXIAER70P-768x768.jpeg 768w, https:\/\/nuevademocracia.com.co\/wp-content\/uploads\/2024\/05\/GNdqh5pXIAER70P.jpeg 800w\" sizes=\"auto, (max-width: 300px) 100vw, 300px\" \/><\/figure>\n\n\n\n<figure class=\"wp-block-image size-large\"><img loading=\"lazy\" decoding=\"async\" width=\"1024\" height=\"576\" data-id=\"26298\" src=\"https:\/\/nuevademocracia.com.co\/wp-content\/uploads\/2024\/05\/Rauf-Al-Malki-en-la-UdeA-1-1024x576.jpg\" alt=\"\" class=\"wp-image-26298\" srcset=\"https:\/\/nuevademocracia.com.co\/wp-content\/uploads\/2024\/05\/Rauf-Al-Malki-en-la-UdeA-1-1024x576.jpg 1024w, https:\/\/nuevademocracia.com.co\/wp-content\/uploads\/2024\/05\/Rauf-Al-Malki-en-la-UdeA-1-300x169.jpg 300w, https:\/\/nuevademocracia.com.co\/wp-content\/uploads\/2024\/05\/Rauf-Al-Malki-en-la-UdeA-1-768x432.jpg 768w, https:\/\/nuevademocracia.com.co\/wp-content\/uploads\/2024\/05\/Rauf-Al-Malki-en-la-UdeA-1-1536x864.jpg 1536w, https:\/\/nuevademocracia.com.co\/wp-content\/uploads\/2024\/05\/Rauf-Al-Malki-en-la-UdeA-1.jpg 1920w\" sizes=\"auto, (max-width: 1024px) 100vw, 1024px\" \/><\/figure>\n<\/figure>\n\n\n\n<p class=\"has-black-color has-text-color has-link-color wp-elements-6ddee7f596cbc6a1ba5807c1b3e70376\">Desde el inicio, el auditorio estuvo lleno completamente, las sillas no alcanzaron y mucha gente tuvo que sentarse en las escaleras. La jornada comenz\u00f3 con una presentaci\u00f3n musical y luego la lectura de un poema, para luego dar la palabra al embajador Rauf Al Malki, quien comenz\u00f3 expresando lo conmovido que se sent\u00eda, al ver tanta gente en el recinto manifestando su solidaridad con Palestina.<\/p>\n\n\n\n<figure class=\"wp-block-gallery has-nested-images columns-default is-cropped wp-block-gallery-2 is-layout-flex wp-block-gallery-is-layout-flex\">\n<figure class=\"wp-block-image size-large\"><img loading=\"lazy\" decoding=\"async\" width=\"1024\" height=\"576\" data-id=\"26300\" src=\"https:\/\/nuevademocracia.com.co\/wp-content\/uploads\/2024\/05\/Rauf-Al-Malki-en-la-UdeA-6-1024x576.jpg\" alt=\"\" class=\"wp-image-26300\" srcset=\"https:\/\/nuevademocracia.com.co\/wp-content\/uploads\/2024\/05\/Rauf-Al-Malki-en-la-UdeA-6-1024x576.jpg 1024w, https:\/\/nuevademocracia.com.co\/wp-content\/uploads\/2024\/05\/Rauf-Al-Malki-en-la-UdeA-6-300x169.jpg 300w, https:\/\/nuevademocracia.com.co\/wp-content\/uploads\/2024\/05\/Rauf-Al-Malki-en-la-UdeA-6-768x432.jpg 768w, https:\/\/nuevademocracia.com.co\/wp-content\/uploads\/2024\/05\/Rauf-Al-Malki-en-la-UdeA-6-1536x864.jpg 1536w, https:\/\/nuevademocracia.com.co\/wp-content\/uploads\/2024\/05\/Rauf-Al-Malki-en-la-UdeA-6.jpg 1920w\" sizes=\"auto, (max-width: 1024px) 100vw, 1024px\" \/><\/figure>\n\n\n\n<figure class=\"wp-block-image size-large\"><img loading=\"lazy\" decoding=\"async\" width=\"1024\" height=\"576\" data-id=\"26299\" src=\"https:\/\/nuevademocracia.com.co\/wp-content\/uploads\/2024\/05\/Rauf-Al-Malki-en-la-UdeA-7-1024x576.jpg\" alt=\"\" class=\"wp-image-26299\" srcset=\"https:\/\/nuevademocracia.com.co\/wp-content\/uploads\/2024\/05\/Rauf-Al-Malki-en-la-UdeA-7-1024x576.jpg 1024w, https:\/\/nuevademocracia.com.co\/wp-content\/uploads\/2024\/05\/Rauf-Al-Malki-en-la-UdeA-7-300x169.jpg 300w, https:\/\/nuevademocracia.com.co\/wp-content\/uploads\/2024\/05\/Rauf-Al-Malki-en-la-UdeA-7-768x432.jpg 768w, https:\/\/nuevademocracia.com.co\/wp-content\/uploads\/2024\/05\/Rauf-Al-Malki-en-la-UdeA-7-1536x864.jpg 1536w, https:\/\/nuevademocracia.com.co\/wp-content\/uploads\/2024\/05\/Rauf-Al-Malki-en-la-UdeA-7.jpg 1920w\" sizes=\"auto, (max-width: 1024px) 100vw, 1024px\" \/><\/figure>\n<\/figure>\n\n\n\n<p class=\"has-black-color has-text-color has-link-color wp-elements-b85b980056433e72b15d86f9374c3d5e\">Algunas cifras que expuso el embajador y que representan la magnitud de la tragedia que vive el pueblo palestino fueron: \u201c35 mil v\u00edctimas en su mayor\u00eda ni\u00f1os, mujeres, ancianos, todos civiles indefensos\u2026 10 mil est\u00e1n debajo de los escombros desde hace meses, sin poder rescatar sus cuerpos, y m\u00e1s de 75 mil personas heridas en esta peque\u00f1a Franja de Gaza. El 5% de la poblaci\u00f3n de la Franja de Gaza ha sido, o asesinado, o desaparecido, o herido, toda la franja de Gaza ha sido destruida totalmente\u2026 de 36 hospitales que hay en la Franja de Gaza, 32 han sido destruidos totalmente y solo 4 quedan funcionando como centros m\u00e9dicos apenas con algo de combustible para lograr recuperar algunos heridos, algo de electricidad para poner a funcionar su equipamiento, algo de comida para alimentar a sus pacientes y heridos y algo de medicamentos\u2026 muchos de los ni\u00f1os que llegan, y sus extremidades son amputadas sin siquiera tener anestesia, muchos de ellos terminan muertos\u201d. &nbsp;Sin embargo, frente a semejante agresi\u00f3n por parte del Estado genocida de Israel, vivida por las masas del pueblo palestino, la bandera de la Heroica Guerra de Resistencia Palestina ondea fuertemente en todo el mundo como una bandera que se\u00f1ala el camino para las luchas de liberaci\u00f3n nacional: \u201cesta sangre palestina derramada, est\u00e1 revolucionando el mundo\u2026 esto que est\u00e1 pasando en las universidades de EE.UU., Europa, Asia, \u00c1frica, Nueva Zelanda, Australia, esto no es cualquier cosa\u201d.<\/p>\n\n\n\n<figure class=\"wp-block-image size-large\"><img loading=\"lazy\" decoding=\"async\" width=\"1024\" height=\"576\" src=\"https:\/\/nuevademocracia.com.co\/wp-content\/uploads\/2024\/05\/Rauf-Al-Malki-en-la-UdeA-2-1024x576.jpg\" alt=\"\" class=\"wp-image-26301\" srcset=\"https:\/\/nuevademocracia.com.co\/wp-content\/uploads\/2024\/05\/Rauf-Al-Malki-en-la-UdeA-2-1024x576.jpg 1024w, https:\/\/nuevademocracia.com.co\/wp-content\/uploads\/2024\/05\/Rauf-Al-Malki-en-la-UdeA-2-300x169.jpg 300w, https:\/\/nuevademocracia.com.co\/wp-content\/uploads\/2024\/05\/Rauf-Al-Malki-en-la-UdeA-2-768x432.jpg 768w, https:\/\/nuevademocracia.com.co\/wp-content\/uploads\/2024\/05\/Rauf-Al-Malki-en-la-UdeA-2-1536x864.jpg 1536w, https:\/\/nuevademocracia.com.co\/wp-content\/uploads\/2024\/05\/Rauf-Al-Malki-en-la-UdeA-2.jpg 1920w\" sizes=\"auto, (max-width: 1024px) 100vw, 1024px\" \/><\/figure>\n\n\n\n<p class=\"has-black-color has-text-color has-link-color wp-elements-4f822a45209db52ea77cf0c9ea2d8154\">Considerando que la Resistencia Palestina, no es un problema solamente del pueblo palestino, ya que el trasfondo de dicha lucha es el problema de opresi\u00f3n y saqueo que sufren los pa\u00edses del tercer mundo por parte de las potencias imperialistas, es de gran importancia la invitaci\u00f3n que realiz\u00f3 el embajador \u00aba trabajar todos juntos, no por Palestina por ser Palestina, sino por lo que representa Palestina para el mundo entero, para la humanidad, estos colores ya no son los colores del pueblo palestino, de la lucha palestina, sino de la lucha mundial por la libertad, por la paz, por la justicia.\u201d<\/p>\n\n\n\n<p class=\"has-black-color has-text-color has-link-color wp-elements-2d0b86f8337c1dfdb145f12d4158c862\">Adem\u00e1s, el embajador realiz\u00f3 un importante llamado a los asistentes al evento, \u201clas cosas hay que hacerlas bien\u2026 o sea, est\u00e1 bien que condenemos, que saquemos comunicados, que gritemos entre nosotros \u201cViva Palestina\u201d, pero tambi\u00e9n hay que ir a la acci\u00f3n y los invito a todos ustedes a tomar acciones, ninguna universidad en Colombia deber\u00eda tener relaci\u00f3n con el Estado genocida de Israel, ninguna, ni p\u00fablica ni privada\u201d. Mensaje que fue recibido con emoci\u00f3n por el p\u00fablico, quienes con aplausos expresaron su apoyo, y m\u00e1s adelante, en la secci\u00f3n de preguntas e intervenciones, algunos estudiantes plantearon la necesidad de generar iniciativas para materializar acciones en apoyo al pueblo palestino.<\/p>\n\n\n\n<figure class=\"wp-block-gallery has-nested-images columns-default is-cropped wp-block-gallery-3 is-layout-flex wp-block-gallery-is-layout-flex\">\n<figure class=\"wp-block-image size-large\"><img loading=\"lazy\" decoding=\"async\" width=\"1024\" height=\"576\" data-id=\"26302\" src=\"https:\/\/nuevademocracia.com.co\/wp-content\/uploads\/2024\/05\/Rauf-Al-Malki-en-la-UdeA-3-1024x576.jpg\" alt=\"\" class=\"wp-image-26302\" srcset=\"https:\/\/nuevademocracia.com.co\/wp-content\/uploads\/2024\/05\/Rauf-Al-Malki-en-la-UdeA-3-1024x576.jpg 1024w, https:\/\/nuevademocracia.com.co\/wp-content\/uploads\/2024\/05\/Rauf-Al-Malki-en-la-UdeA-3-300x169.jpg 300w, https:\/\/nuevademocracia.com.co\/wp-content\/uploads\/2024\/05\/Rauf-Al-Malki-en-la-UdeA-3-768x432.jpg 768w, https:\/\/nuevademocracia.com.co\/wp-content\/uploads\/2024\/05\/Rauf-Al-Malki-en-la-UdeA-3-1536x864.jpg 1536w, https:\/\/nuevademocracia.com.co\/wp-content\/uploads\/2024\/05\/Rauf-Al-Malki-en-la-UdeA-3.jpg 1920w\" sizes=\"auto, (max-width: 1024px) 100vw, 1024px\" \/><\/figure>\n<\/figure>\n\n\n\n<p class=\"has-black-color has-text-color has-link-color wp-elements-218cab766310d75e767d341b5bb69f0b\">M\u00e1s concretamente, el embajador palestino invit\u00f3 a un boicot contra el Estado genocida de Israel, materializado a nivel individual en no consumir ning\u00fan producto de las multinacionales que est\u00e1n apoyando el genocidio; y a nivel colectivo en un boicot a las instituciones y empresas que tengan v\u00ednculos con el estado genocida de Israel o que sean propiamente israel\u00edes, \u201ccualquier compa\u00f1\u00eda israel\u00ed no puede tener terreno aqu\u00ed en Colombia\u2026 queremos una Colombia libre del apartheid, libre del sionismo, libre del Estado de Israel, eso es lo que buscamos\u201d. Adem\u00e1s, denunci\u00f3 que durante el gobierno Duque, el Estado colombiano firm\u00f3 un Tratado de Libre Comercio (TLC) con Israel, \u201cdonde se permite que productos elaborados en territorio palestino ocupado, con materias primas robadas al pueblo palestino, lleguen aqu\u00ed a Colombia con trato preferencial, y ese tratado todav\u00eda est\u00e1 vigente\u201d. Tambi\u00e9n propuso un boicot cultural y acad\u00e9mico, para que ning\u00fan acad\u00e9mico israel\u00ed pueda pisar una universidad colombiana hasta que caiga el r\u00e9gimen sionista.<\/p>\n\n\n\n<p class=\"has-black-color has-text-color has-link-color wp-elements-9193b55890cd5a90f7f1303e4ea23cef\">Considerando que este evento fue realizado en la Facultad de Derecho y Ciencias Pol\u00edticas de la Universidad de Antioquia, resaltamos tambi\u00e9n el llamado que hizo el embajador palestino a los acad\u00e9micos del derecho: \u201cHacemos un llamado, no solo a los estudiantes, sino a los acad\u00e9micos, \u00bfD\u00f3nde est\u00e1n los acad\u00e9micos? \u00bfD\u00f3nde est\u00e1n los que nos han estado ense\u00f1ando leyes sobre el derecho internacional humanitario, sobre el respeto a la legalidad internacional? \u00bfPor qu\u00e9 no se expresan? \u00bfA qu\u00e9 tienen miedo? \u00bfA perder su puesto? A lo mejor, lo comprendemos, pero por lo menos tienen que expresar algo, aunque sea lo m\u00ednimo, por respeto a los diplomas que tienen\u201d.<\/p>\n\n\n\n<figure class=\"wp-block-gallery has-nested-images columns-default is-cropped wp-block-gallery-4 is-layout-flex wp-block-gallery-is-layout-flex\">\n<figure class=\"wp-block-image size-large\"><img loading=\"lazy\" decoding=\"async\" width=\"1024\" height=\"576\" data-id=\"26303\" src=\"https:\/\/nuevademocracia.com.co\/wp-content\/uploads\/2024\/05\/Rauf-Al-Malki-en-la-UdeA-4-1024x576.jpg\" alt=\"\" class=\"wp-image-26303\" srcset=\"https:\/\/nuevademocracia.com.co\/wp-content\/uploads\/2024\/05\/Rauf-Al-Malki-en-la-UdeA-4-1024x576.jpg 1024w, https:\/\/nuevademocracia.com.co\/wp-content\/uploads\/2024\/05\/Rauf-Al-Malki-en-la-UdeA-4-300x169.jpg 300w, https:\/\/nuevademocracia.com.co\/wp-content\/uploads\/2024\/05\/Rauf-Al-Malki-en-la-UdeA-4-768x432.jpg 768w, https:\/\/nuevademocracia.com.co\/wp-content\/uploads\/2024\/05\/Rauf-Al-Malki-en-la-UdeA-4-1536x864.jpg 1536w, https:\/\/nuevademocracia.com.co\/wp-content\/uploads\/2024\/05\/Rauf-Al-Malki-en-la-UdeA-4.jpg 1920w\" sizes=\"auto, (max-width: 1024px) 100vw, 1024px\" \/><\/figure>\n<\/figure>\n\n\n\n<p class=\"has-black-color has-text-color has-link-color wp-elements-f0d8a71dd479e24a777c853f64946e43\">Tambi\u00e9n fue recibido con gran emoci\u00f3n, por parte del p\u00fablico, la defensa firme del embajador acerca de la justeza de la lucha armada para resistir a un invasor extranjero: \u201clos pueblos tienen derecho a usar la resistencia armada\u201d, lo cual explic\u00f3 de forma ilustrativa cuando argument\u00f3 que, \u201csi ma\u00f1ana Colombia fuera ocupada por unos extraterrestres, todo el pueblo colombiano se armar\u00eda, y tambi\u00e9n coger\u00eda la armas y luchar\u00eda por su libertad, por su independencia y por su tierra, y eso es lo que est\u00e1 haciendo el pueblo palestino\u201d, ante lo cual se escucharon fuertes aplausos del p\u00fablico y un sector del auditorio cant\u00f3 la consigna \u201c\u00a1La acci\u00f3n violenta no es toda igual, es justa la del pueblo buscando libertad!\u201d.<\/p>\n\n\n\n<p class=\"has-black-color has-text-color has-link-color wp-elements-7f0e6e2467fe352373d79f4574376d69\">Para finalizar la jornada, se ley\u00f3 otro poema y algunos participantes se quedaron un poco m\u00e1s de tiempo para grabar un mensaje de apoyo, tanto al pueblo palestino, como a los j\u00f3venes estudiantes que han levantado campamentos en muchas universidades alrededor del mundo.<\/p>\n\n\n\n<p class=\"has-black-color has-text-color has-link-color wp-elements-573c27f45b91016e68a12018b35d8d3b\">Lo anteriormente descrito son algunos momentos que destacamos, sin embargo, puedes consultar, en el video que compartimos a continuaci\u00f3n, las intervenciones completas del embajador de Palestina Rauf Al Malki, as\u00ed como peque\u00f1os fragmentos de las presentaciones culturales y el mensaje final enviado por los asistentes al pueblo palestino. <\/p>\n\n\n\n<figure class=\"wp-block-embed is-type-video is-provider-youtube wp-block-embed-youtube wp-embed-aspect-16-9 wp-has-aspect-ratio\"><div class=\"wp-block-embed__wrapper\">\n<iframe loading=\"lazy\" title=\"Embajador Rauf Al Malki hace un llamado a la acci\u00f3n por Palestina en la UdeA\" width=\"1290\" height=\"726\" src=\"https:\/\/www.youtube.com\/embed\/q9j0a_iSPO4?feature=oembed\" frameborder=\"0\" allow=\"accelerometer; autoplay; clipboard-write; encrypted-media; gyroscope; picture-in-picture; web-share\" referrerpolicy=\"strict-origin-when-cross-origin\" allowfullscreen><\/iframe>\n<\/div><\/figure>\n","protected":false},"excerpt":{"rendered":"<p>El pasado martes 14 de mayo, fue realizado un importante evento en solidaridad con la Heroica Guerra de Resistencia Palestina. En el espacio titulado La mirada palestina del genocidio en Gaza. Conmemoraci\u00f3n de los 76 a\u00f1os de la \u00abNakba\u201d, el embajador de Palestina en Colombia, Rauf Al Malki, realiz\u00f3 una explicaci\u00f3n de la situaci\u00f3n actual del pueblo palestino y la justeza de la guerra de resistencia.<\/p>\n","protected":false},"author":1,"featured_media":26296,"comment_status":"open","ping_status":"open","sticky":false,"template":"","format":"standard","meta":{"footnotes":""},"categories":[16,4,31,135],"tags":[143,142,132,136,107,51,139,105,137,141,140],"class_list":["post-26295","post","type-post","status-publish","format-standard","has-post-thumbnail","hentry","category-carrusel","category-colombia","category-internacional","category-resistencia-palestina","tag-embajador-palestina-en-la-udea","tag-facultad-de-derecho-udea","tag-genocidio","tag-guerra-palestina","tag-israel","tag-palestina","tag-rauf-al-malki-2","tag-resistencia-palestina","tag-sionismo","tag-udea","tag-universidad-de-antioquia"],"blocksy_meta":[],"_links":{"self":[{"href":"https:\/\/nuevademocracia.com.co\/index.php?rest_route=\/wp\/v2\/posts\/26295","targetHints":{"allow":["GET"]}}],"collection":[{"href":"https:\/\/nuevademocracia.com.co\/index.php?rest_route=\/wp\/v2\/posts"}],"about":[{"href":"https:\/\/nuevademocracia.com.co\/index.php?rest_route=\/wp\/v2\/types\/post"}],"author":[{"embeddable":true,"href":"https:\/\/nuevademocracia.com.co\/index.php?rest_route=\/wp\/v2\/users\/1"}],"replies":[{"embeddable":true,"href":"https:\/\/nuevademocracia.com.co\/index.php?rest_route=%2Fwp%2Fv2%2Fcomments&post=26295"}],"version-history":[{"count":5,"href":"https:\/\/nuevademocracia.com.co\/index.php?rest_route=\/wp\/v2\/posts\/26295\/revisions"}],"predecessor-version":[{"id":26310,"href":"https:\/\/nuevademocracia.com.co\/index.php?rest_route=\/wp\/v2\/posts\/26295\/revisions\/26310"}],"wp:featuredmedia":[{"embeddable":true,"href":"https:\/\/nuevademocracia.com.co\/index.php?rest_route=\/wp\/v2\/media\/26296"}],"wp:attachment":[{"href":"https:\/\/nuevademocracia.com.co\/index.php?rest_route=%2Fwp%2Fv2%2Fmedia&parent=26295"}],"wp:term":[{"taxonomy":"category","embeddable":true,"href":"https:\/\/nuevademocracia.com.co\/index.php?rest_route=%2Fwp%2Fv2%2Fcategories&post=26295"},{"taxonomy":"post_tag","embeddable":true,"href":"https:\/\/nuevademocracia.com.co\/index.php?rest_route=%2Fwp%2Fv2%2Ftags&post=26295"}],"curies":[{"name":"wp","href":"https:\/\/api.w.org\/{rel}","templated":true}]}}