{"id":26311,"date":"2024-05-16T15:47:31","date_gmt":"2024-05-16T20:47:31","guid":{"rendered":"https:\/\/nuevademocracia.com.co\/?p=26311"},"modified":"2024-05-16T15:48:27","modified_gmt":"2024-05-16T20:48:27","slug":"conmemoracion-del-dia-de-la-clase-obrera-en-bogota","status":"publish","type":"post","link":"https:\/\/nuevademocracia.com.co\/?p=26311","title":{"rendered":"Conmemoraci\u00f3n del d\u00eda de la clase obrera en Bogot\u00e1"},"content":{"rendered":"\n<p class=\"has-black-color has-text-color has-link-color wp-elements-4f4c1f8cbdf9d0f523005e97efd9d044\">En el d\u00eda de la clase obrera, en Bogot\u00e1, Colombia, se agruparon diferentes organizaciones de comunistas, revolucionarios, sindicatos, colectivos estudiantiles y masas populares en la embajada de Palestina, como una forma de reafirmar en esta fecha el apoyo a la heroica resistencia del pueblo Palestino. Desde all\u00ed, con banderas rojas con la hoz y el martillo, con pancartas y banderas de las diferentes organizaciones, avanzaron hacia el centro de la capital, con \u00edmpetu revolucionario realizaron acciones de agitaci\u00f3n, como pintas y pega de carteles en apoyo a la lucha del pueblo Palestino.<\/p>\n\n\n\n<p class=\"has-black-color has-text-color has-link-color wp-elements-9a2d0735e0d66d3146309115ae4369e1\">En medio de la marcha tambi\u00e9n realizaron una agitaci\u00f3n de los motivos para salir a las calles en este d\u00eda, el cual transcribimos a continuaci\u00f3n:<\/p>\n\n\n\n<p class=\"has-black-color has-text-color has-link-color wp-elements-01bfd39fabb8e8523aacf6a9a4a60a95\"><em>\u201cCompa\u00f1eras y compa\u00f1eros, aprovechamos este momento para enviar un saludo a todos los pueblos del mundo que hoy salen a conmemorar el primero de mayo, porque el primero de mayo no es el d\u00eda del trabajo en abstracto, el primero de mayo es el d\u00eda de la clase obrera, es el d\u00eda en que los explotados de todo el mundo salimos a las calles a decir, que hace m\u00e1s de 100 a\u00f1os estaban los m\u00e1rtires de Chicago luchando por las 8 horas, pero hoy estamos luchando por una sociedad totalmente diferente, una sociedad sin explotadores ni explotados, por eso nos unimos en las calles, y hoy primero de mayo de 2024&nbsp; salimos desde la embajada&nbsp; de Palestina, y por qu\u00e9 nos concentramos en la embajada? Porque hoy Palestina es un ejemplo, es la punta de lanza en la resistencia contra el imperialismo, contra el sionismo, hoy ellos nos est\u00e1n dando un ejemplo a todos los pueblos del mundo de coraje, de valent\u00eda, y est\u00e1n desarrollando toda la solidaridad a lo largo y ancho del mundo.<\/em><\/p>\n\n\n\n<p class=\"has-black-color has-text-color has-link-color wp-elements-ee04da5074ed2332c27e0f41522a8651\"><em>El imperialismo en m\u00e1s de 200 d\u00edas ha desatado toda su furia, que ha asesinado cerca de 40.000 personas, que ha acabado con las universidades en Palestina, cree que siembra terror en el resto del mundo, pero le decimos que no es as\u00ed, porque hoy, m\u00e1s que nunca se est\u00e1n levantando en diferentes partes del mundo en apoyo del pueblo Palestino. Hay 40 universidades tomadas en EEUU que es la cuna del propio imperialismo, en Francia, en Inglaterra, ac\u00e1 en Colombia, nos levantamos y decimos que somos hermanos de clase, y que defendemos tambi\u00e9n la justa y heroica resistencia del pueblo Palestino.<\/em><\/p>\n\n\n\n<p class=\"has-black-color has-text-color has-link-color wp-elements-e645582cf55501ba5bd382eedcb7d710\"><em>Porque como lo dijeron Marx y Engels cuando escribieron el Manifiesto del Partido Comunista: La burgues\u00eda crea su propio sepulturero, as\u00ed hoy el imperialismo est\u00e1 creando su propio sepulturero que son los pueblos oprimidos del mundo.<\/em><\/p>\n\n\n\n<p class=\"has-black-color has-text-color has-link-color wp-elements-1a757bb5535d3047afa4cbbe7d13b2d6\"><em>No olvidemos tampoco que ac\u00e1 en Colombia, todos los gobiernos incluyendo el actual, han sido y son lacayos del imperialismo. Que en este momento est\u00e1n permitiendo que haya una base militar m\u00e1s, porque ya ten\u00edamos 7 bases militares del imperialismo Yankee, y ahora Gorgona la est\u00e1n convirtiendo en una base militar m\u00e1s del imperialismo, p\u00f3ngale el escudo que le ponga, de investigaci\u00f3n o de turismo pero Gorgona en este momento la arrebat\u00f3 el imperialismo porque es estrat\u00e9gico, porque es clave para ellos mantener el control de la regi\u00f3n.<\/em><\/p>\n\n\n\n<p class=\"has-black-color has-text-color has-link-color wp-elements-624bfefbfccb43e9859a88d4208daefa\"><em>As\u00ed como defendemos nuestro territorio, defendemos tambi\u00e9n el \u00faltimo basti\u00f3n de la resistencia Palestina que es Rafha, donde en este momento se concentran m\u00e1s de 1\u2019500.000 personas, por eso decimos:<\/em><\/p>\n\n\n\n<p class=\"has-black-color has-text-color has-link-color wp-elements-87322b91589d87eb9aadce9737414bb4\"><em>&nbsp;\u00a1\u00a1Palestina resiste, Palestina Triunfar\u00e1!!<\/em><\/p>\n\n\n\n<p class=\"has-black-color has-text-color has-link-color wp-elements-b8fd3b8f266772b580b145cd47d035f5\"><em>\u00a1\u00a1Pueblos de Irak, Siria y Palestina, su lucha contin\u00faa en Am\u00e9rica Latina!!\u201d<\/em><\/p>\n\n\n\n<p class=\"has-black-color has-text-color has-link-color wp-elements-1440fd8be3bce5c7922924700d87e51c\">La marcha del bloque internacionalista y revolucionario se dirigi\u00f3 por la zona comercial del centro de Bogot\u00e1, atravesando las calles donde hay comercio de inmigrantes Palestinos, finalizando en la Plaza del Bol\u00edvar, donde tambi\u00e9n los revolucionarios expresaron su deslinde con el gobierno que se hace llamar \u201cdel cambio\u201d, dejando claro que salir a marchar el primero de mayo no significa estar de acuerdo con las reformas que plantea el gobierno de Gustavo Petro como quieren hacer ver en los medios de desinformaci\u00f3n, y que gobierne quien gobierne los derechos del pueblo se defienden, porque ni el estado ni los politiqueros, solo el pueblo salva al pueblo. As\u00ed mismo, en diferentes momentos de la marcha expresaron un llamado a no olvidar las y los compa\u00f1eros y compa\u00f1eras desaparecidos, asesinados, violadas y detenidos durante el Gran estallido Social del 2021, ya que han sido 3 a\u00f1os de promesas incumplidas y por ellos tambi\u00e9n contin\u00faa la lucha.<\/p>\n\n\n\n<p class=\"has-black-color has-text-color has-link-color wp-elements-a35081a9f95e62ef6e3627ffb2371576\">Finalizaron esta importante conmemoraci\u00f3n entonando el himno de la clase obrera, La Internacional.<\/p>\n\n\n\n<figure class=\"wp-block-gallery has-nested-images columns-default is-cropped wp-block-gallery-1 is-layout-flex wp-block-gallery-is-layout-flex\">\n<figure class=\"wp-block-image size-large\"><img loading=\"lazy\" decoding=\"async\" width=\"1024\" height=\"770\" data-id=\"26312\" src=\"https:\/\/nuevademocracia.com.co\/wp-content\/uploads\/2024\/05\/1m-bog-1024x770.jpg\" alt=\"\" class=\"wp-image-26312\" srcset=\"https:\/\/nuevademocracia.com.co\/wp-content\/uploads\/2024\/05\/1m-bog-1024x770.jpg 1024w, https:\/\/nuevademocracia.com.co\/wp-content\/uploads\/2024\/05\/1m-bog-300x226.jpg 300w, https:\/\/nuevademocracia.com.co\/wp-content\/uploads\/2024\/05\/1m-bog-768x578.jpg 768w, https:\/\/nuevademocracia.com.co\/wp-content\/uploads\/2024\/05\/1m-bog.jpg 1280w\" sizes=\"auto, (max-width: 1024px) 100vw, 1024px\" \/><\/figure>\n\n\n\n<figure class=\"wp-block-image size-large\"><img loading=\"lazy\" decoding=\"async\" width=\"822\" height=\"1024\" data-id=\"26314\" src=\"https:\/\/nuevademocracia.com.co\/wp-content\/uploads\/2024\/05\/M-822x1024.jpg\" alt=\"\" class=\"wp-image-26314\" srcset=\"https:\/\/nuevademocracia.com.co\/wp-content\/uploads\/2024\/05\/M-822x1024.jpg 822w, https:\/\/nuevademocracia.com.co\/wp-content\/uploads\/2024\/05\/M-241x300.jpg 241w, https:\/\/nuevademocracia.com.co\/wp-content\/uploads\/2024\/05\/M-768x957.jpg 768w, https:\/\/nuevademocracia.com.co\/wp-content\/uploads\/2024\/05\/M-1233x1536.jpg 1233w, https:\/\/nuevademocracia.com.co\/wp-content\/uploads\/2024\/05\/M.jpg 1284w\" sizes=\"auto, (max-width: 822px) 100vw, 822px\" \/><\/figure>\n\n\n\n<figure class=\"wp-block-image size-large\"><img loading=\"lazy\" decoding=\"async\" width=\"1024\" height=\"576\" data-id=\"26313\" src=\"https:\/\/nuevademocracia.com.co\/wp-content\/uploads\/2024\/05\/1-m-bog-3-1024x576.jpg\" alt=\"\" class=\"wp-image-26313\" srcset=\"https:\/\/nuevademocracia.com.co\/wp-content\/uploads\/2024\/05\/1-m-bog-3-1024x576.jpg 1024w, https:\/\/nuevademocracia.com.co\/wp-content\/uploads\/2024\/05\/1-m-bog-3-300x169.jpg 300w, https:\/\/nuevademocracia.com.co\/wp-content\/uploads\/2024\/05\/1-m-bog-3-768x432.jpg 768w, https:\/\/nuevademocracia.com.co\/wp-content\/uploads\/2024\/05\/1-m-bog-3-1536x864.jpg 1536w, https:\/\/nuevademocracia.com.co\/wp-content\/uploads\/2024\/05\/1-m-bog-3.jpg 1599w\" sizes=\"auto, (max-width: 1024px) 100vw, 1024px\" \/><\/figure>\n\n\n\n<figure class=\"wp-block-image size-large\"><img loading=\"lazy\" decoding=\"async\" width=\"1024\" height=\"512\" data-id=\"26315\" src=\"https:\/\/nuevademocracia.com.co\/wp-content\/uploads\/2024\/05\/1m-bog-4-1024x512.png\" alt=\"\" class=\"wp-image-26315\" srcset=\"https:\/\/nuevademocracia.com.co\/wp-content\/uploads\/2024\/05\/1m-bog-4-1024x512.png 1024w, https:\/\/nuevademocracia.com.co\/wp-content\/uploads\/2024\/05\/1m-bog-4-300x150.png 300w, https:\/\/nuevademocracia.com.co\/wp-content\/uploads\/2024\/05\/1m-bog-4-768x384.png 768w, https:\/\/nuevademocracia.com.co\/wp-content\/uploads\/2024\/05\/1m-bog-4.png 1173w\" sizes=\"auto, (max-width: 1024px) 100vw, 1024px\" \/><\/figure>\n<\/figure>\n","protected":false},"excerpt":{"rendered":"<p>En el d\u00eda de la clase obrera, en Bogot\u00e1, Colombia, se agruparon diferentes organizaciones de comunistas, revolucionarios, sindicatos, colectivos estudiantiles y masas populares en la embajada de Palestina, como una forma de reafirmar en esta fecha el apoyo a la heroica resistencia del pueblo Palestino. Desde all\u00ed, con banderas rojas con la hoz y el [&hellip;]<\/p>\n","protected":false},"author":1,"featured_media":26315,"comment_status":"open","ping_status":"open","sticky":false,"template":"","format":"standard","meta":{"footnotes":""},"categories":[16,4],"tags":[],"class_list":["post-26311","post","type-post","status-publish","format-standard","has-post-thumbnail","hentry","category-carrusel","category-colombia"],"blocksy_meta":[],"_links":{"self":[{"href":"https:\/\/nuevademocracia.com.co\/index.php?rest_route=\/wp\/v2\/posts\/26311","targetHints":{"allow":["GET"]}}],"collection":[{"href":"https:\/\/nuevademocracia.com.co\/index.php?rest_route=\/wp\/v2\/posts"}],"about":[{"href":"https:\/\/nuevademocracia.com.co\/index.php?rest_route=\/wp\/v2\/types\/post"}],"author":[{"embeddable":true,"href":"https:\/\/nuevademocracia.com.co\/index.php?rest_route=\/wp\/v2\/users\/1"}],"replies":[{"embeddable":true,"href":"https:\/\/nuevademocracia.com.co\/index.php?rest_route=%2Fwp%2Fv2%2Fcomments&post=26311"}],"version-history":[{"count":1,"href":"https:\/\/nuevademocracia.com.co\/index.php?rest_route=\/wp\/v2\/posts\/26311\/revisions"}],"predecessor-version":[{"id":26316,"href":"https:\/\/nuevademocracia.com.co\/index.php?rest_route=\/wp\/v2\/posts\/26311\/revisions\/26316"}],"wp:featuredmedia":[{"embeddable":true,"href":"https:\/\/nuevademocracia.com.co\/index.php?rest_route=\/wp\/v2\/media\/26315"}],"wp:attachment":[{"href":"https:\/\/nuevademocracia.com.co\/index.php?rest_route=%2Fwp%2Fv2%2Fmedia&parent=26311"}],"wp:term":[{"taxonomy":"category","embeddable":true,"href":"https:\/\/nuevademocracia.com.co\/index.php?rest_route=%2Fwp%2Fv2%2Fcategories&post=26311"},{"taxonomy":"post_tag","embeddable":true,"href":"https:\/\/nuevademocracia.com.co\/index.php?rest_route=%2Fwp%2Fv2%2Ftags&post=26311"}],"curies":[{"name":"wp","href":"https:\/\/api.w.org\/{rel}","templated":true}]}}