{"id":26317,"date":"2024-05-17T19:54:53","date_gmt":"2024-05-18T00:54:53","guid":{"rendered":"https:\/\/nuevademocracia.com.co\/?p=26317"},"modified":"2024-05-20T12:28:17","modified_gmt":"2024-05-20T17:28:17","slug":"urgente-desalojo-de-la-toma-17-de-mayo-chile","status":"publish","type":"post","link":"https:\/\/nuevademocracia.com.co\/?p=26317","title":{"rendered":"URGENTE: Desalojo de la Toma 17 de Mayo, Chile"},"content":{"rendered":"\n<figure class=\"wp-block-image aligncenter size-large is-resized\"><img loading=\"lazy\" decoding=\"async\" width=\"1024\" height=\"590\" src=\"https:\/\/nuevademocracia.com.co\/wp-content\/uploads\/2024\/05\/image-10-1024x590.png\" alt=\"\" class=\"wp-image-26319\" style=\"width:700px;height:auto\" srcset=\"https:\/\/nuevademocracia.com.co\/wp-content\/uploads\/2024\/05\/image-10-1024x590.png 1024w, https:\/\/nuevademocracia.com.co\/wp-content\/uploads\/2024\/05\/image-10-300x173.png 300w, https:\/\/nuevademocracia.com.co\/wp-content\/uploads\/2024\/05\/image-10-768x443.png 768w, https:\/\/nuevademocracia.com.co\/wp-content\/uploads\/2024\/05\/image-10.png 1246w\" sizes=\"auto, (max-width: 1024px) 100vw, 1024px\" \/><figcaption class=\"wp-element-caption\"><em><mark style=\"background-color:rgba(0, 0, 0, 0)\" class=\"has-inline-color has-black-color\">Foto: Peri\u00f3dico El Pueblo<\/mark><\/em><\/figcaption><\/figure>\n\n\n\n<p class=\"has-black-color has-text-color has-link-color wp-elements-7b9552155a21c4b5a5e358997f8bae12\">La \u201cToma 17 de Mayo\u201d, ubicada en Cerro Navia, en Santiago de Chile, capital de Chile, fue brutalmente desalojada el d\u00eda de ayer. M\u00e1s de 180 familias pobres reclaman entre l\u00e1grimas, que quedaron sin un lugar para vivir.<\/p>\n\n\n\n<p class=\"has-black-color has-text-color has-link-color wp-elements-5ffeaeed18fdccdae85e854d6ff89806\">En la diligencia de desalojo se incendiaron las casas, escuelas, calles y restaurantes populares del asentamiento.<\/p>\n\n\n\n<p class=\"has-black-color has-text-color has-link-color wp-elements-3ea651429c8fa033a54efc3220d45bb4\">Las fuerzas represivas desplegaron un gran operativo policial para desalojar de manera violenta a las familias que hace m\u00e1s de cinco a\u00f1os habitan en el terreno. La familia Guzm\u00e1n, que es la familia que m\u00e1s acumula tierras de engorde en el \u00e1rea metropolitana de Santiago de Chile, reclama la propiedad de este terreno.<\/p>\n\n\n\n<p class=\"has-black-color has-text-color has-link-color wp-elements-23ee8f91efc7c6d268668bb40d701a79\">Este terreno hacer parte de un proyecto llamado: \u201cproyecto log\u00edstico ENEA ciudad de negocios\u201d, El viejo Estado chileno se ampara en este hecho para utilizar sus fuerzas represivas contra las masas pobres que necesitan un lugar donde vivir y a favor de los intereses de la familia Guzm\u00e1n, una de las m\u00e1s ricas de Chile.<\/p>\n\n\n\n<p class=\"has-black-color has-text-color has-link-color wp-elements-98769564361c7d799f52d6b680ade8b5\">La \u201cToma 17 de Mayo\u201d ha enfrentado varias \u00f3rdenes de desalojo, sin embargo la resistencia de sus habitantes y la solidaridad popular han retrasado la diligencia. La \u00faltima orden de desalojo ten\u00eda como fecha l\u00edmite el 24 de abril.<\/p>\n\n\n\n<p class=\"has-black-color has-text-color has-link-color wp-elements-f37d2ddc10a53369c05ccd1e1bfea20e\">Finalmente, ayer 16 de mayo, en presencia de hombres, mujeres y ni\u00f1os y pese a la resistencia ofrecida por los pobladores, las fuerzas policiales han desarrollado el desalojo con suma violencia, usando gases lacrim\u00f3genos incluso contra los menores de edad. La zona termin\u00f3 envuelta en un incendio que destruy\u00f3 buena parte de las estructuras. &nbsp;<\/p>\n\n\n\n<p class=\"has-black-color has-text-color has-link-color wp-elements-6e09fe0c2454b0fbff78f73054752427\">En todo caso la resistencia no termina y la solidaridad con la Toma contin\u00faa. Diversas organizaciones realizan protestas bajo la consigna: \u00a1NO AL DESALOJO!\u00a1SOLIDARIDAD CON LA TOMA 17 DE MAYO!<\/p>\n\n\n\n<p class=\"has-black-color has-text-color has-link-color wp-elements-2b313a46e8c44e588eb8873052a25c85\">Como en Colombia, en Chile la vivienda es una problem\u00e1tica nacional. Desde el 2019 la cifra de asentamientos irregulares en dicho pa\u00eds se ha multiplicado. Hoy, hay aproximadamente 120 mil familias pobres habitando en asentamientos \u201cilegales\u201d.<\/p>\n\n\n\n<p class=\"has-black-color has-text-color has-link-color wp-elements-f4643b511956005e5e99f69c453ddcf9\">Recientemente se ha aprobado la Ley de Usurpaciones, m\u00e1s conocida como la ley antitomas. Con ella se pasa de penar con multas a penar con c\u00e1rcel a aquel que sea acusado y hallado culpable de participar en tomas de terrenos. Es decir, se profundiza la criminalizaci\u00f3n de la pobreza.<\/p>\n\n\n\n<p class=\"has-black-color has-text-color has-link-color wp-elements-11ee98c5af56e33be85330e273476e9d\">La \u201cToma 17 de Mayo\u201d existe desde 2019. Antes de ser el hogar de las 187 familias, la regi\u00f3n era un terreno bald\u00edo que a menudo serv\u00eda como vertedero irregular de basura. Las familias han transformado un basural en un barrio transitable y habitable, que presta verdaderos beneficios a la poblaci\u00f3n.<\/p>\n\n\n\n<p class=\"has-black-color has-text-color has-link-color wp-elements-359f357203e1f918f1da63af68a9013a\">Los vecinos de la toma dividieron el terreno de manera equitativa y ten\u00edan construidas sus casas, algunos con cemento y ladrillos, otros con materiales m\u00e1s sencillos. Hab\u00eda adem\u00e1s escuelas, comedores populares y zonas de juego. Ese era el hogar que hab\u00edan habitado por cinco a\u00f1os y como denuncian los desalojados, hoy no tienen otro lugar donde ir. En medio del desalojo, no les fue permitido recuperar ninguna de sus pertenencias.<\/p>\n\n\n\n<p class=\"has-black-color has-text-color has-link-color wp-elements-c28b1acd90c81cd2f5e84f52e91738e0\">Actualmente existe una demanda contra el desalojo ante la Corte Interamericana de Derechos Humanos. Su fundamento es que el Estado de Chile debe garantizar los derechos de vivienda digna y protecci\u00f3n a la ni\u00f1ez. En diligencias legales, los vecinos de las tomas han sido acosados por las fuerzas policiales.<\/p>\n\n\n\n<p class=\"has-black-color has-text-color has-link-color wp-elements-77f5c5515fa427a12d0921380eca3d36\">La respuesta que hab\u00edan recibido hasta ahora frente a su problem\u00e1tica, es una respuesta que los habitantes de barrios populares en Colombia ya conocen: promesas de subsidios de arriendo durante un a\u00f1o. Los pobladores argumentan que dicha propuesta no cubre a la totalidad de familias y no es suficiente para la supervivencia. Lo que exigen es poder contar con una vivienda permanente en la cual no tengan que pagar arriendo:<\/p>\n\n\n\n<p class=\"has-black-color has-text-color has-link-color wp-elements-deedb66603b5b1dacd65906d44f930f8\"><em>\u201cEst\u00e1n aqu\u00ed ofreciendo m\u00e1s de 500 millones de pesos para pagar un arrendamiento para que estas personas sin derecho a tener una vivienda puedan recibirla por un m\u00e1ximo de un a\u00f1o.<\/em><em> <\/em><em>\u00bfY despu\u00e9s?<\/em><em> <\/em><em>\u00bfA donde van ellos?<\/em><em> <\/em><em>\u00bfVas a vivir en la calle?<\/em><em> <\/em><em>\u00bfEn la avenida?<\/em><em> <\/em><em>\u00bfO tomar\u00e1n otras tierras?<\/em><em> <\/em><em>\u00bfPor qu\u00e9 el Estado no se responsabiliza en serio y con esos 500 millones compra un terreno?<\/em><em> <\/em><em>Porque hay muchos, incluidos los que deber\u00edan ser expropiados por el Estado, porque deben impuestos.<\/em><em> <\/em><em>Perfectamente podr\u00edan comprar terrenos y alojar a familias\u201d<\/em>, Mar\u00eda Rivera prensa popular y democr\u00e1tica chilena <em>Peri\u00f3dico El Pueblo.<\/em><\/p>\n\n\n\n<p class=\"has-black-color has-text-color has-link-color wp-elements-c1f3b4f141f1625a54fd62a143d53cc0\">Ante el desarrollo de los hechos, desde la \u201cToma 17 de Mayo\u201d se hace un llamado a la solidaridad popular con sus pobladores y un llamado a condenar al viejo Estado Chileno que lejos de proteger a los ciudadanos de a pie, utiliza sus fuerzas armadas para proteger los intereses de los m\u00e1s ricos de su naci\u00f3n.<\/p>\n\n\n\n<figure class=\"wp-block-embed is-type-video is-provider-youtube wp-block-embed-youtube wp-embed-aspect-16-9 wp-has-aspect-ratio\"><div class=\"wp-block-embed__wrapper\">\n<iframe loading=\"lazy\" title=\"Toma 17 de Mayo (cortometraje)\" width=\"1290\" height=\"726\" src=\"https:\/\/www.youtube.com\/embed\/VD--exZymL4?feature=oembed\" frameborder=\"0\" allow=\"accelerometer; autoplay; clipboard-write; encrypted-media; gyroscope; picture-in-picture; web-share\" referrerpolicy=\"strict-origin-when-cross-origin\" allowfullscreen><\/iframe>\n<\/div><\/figure>\n","protected":false},"excerpt":{"rendered":"<p>La \u201cToma 17 de Mayo\u201d, ubicada en Cerro Navia, en Santiago de Chile, capital de Chile, fue brutalmente desalojada el d\u00eda de ayer. M\u00e1s de 180 familias pobres reclaman entre l\u00e1grimas, que quedaron sin un lugar para vivir. En la diligencia de desalojo se incendiaron las casas, escuelas, calles y restaurantes populares del asentamiento. Las [&hellip;]<\/p>\n","protected":false},"author":1,"featured_media":26319,"comment_status":"open","ping_status":"open","sticky":false,"template":"","format":"standard","meta":{"footnotes":""},"categories":[16,31],"tags":[41],"class_list":["post-26317","post","type-post","status-publish","format-standard","has-post-thumbnail","hentry","category-carrusel","category-internacional","tag-represion-estatal"],"blocksy_meta":[],"_links":{"self":[{"href":"https:\/\/nuevademocracia.com.co\/index.php?rest_route=\/wp\/v2\/posts\/26317","targetHints":{"allow":["GET"]}}],"collection":[{"href":"https:\/\/nuevademocracia.com.co\/index.php?rest_route=\/wp\/v2\/posts"}],"about":[{"href":"https:\/\/nuevademocracia.com.co\/index.php?rest_route=\/wp\/v2\/types\/post"}],"author":[{"embeddable":true,"href":"https:\/\/nuevademocracia.com.co\/index.php?rest_route=\/wp\/v2\/users\/1"}],"replies":[{"embeddable":true,"href":"https:\/\/nuevademocracia.com.co\/index.php?rest_route=%2Fwp%2Fv2%2Fcomments&post=26317"}],"version-history":[{"count":1,"href":"https:\/\/nuevademocracia.com.co\/index.php?rest_route=\/wp\/v2\/posts\/26317\/revisions"}],"predecessor-version":[{"id":26320,"href":"https:\/\/nuevademocracia.com.co\/index.php?rest_route=\/wp\/v2\/posts\/26317\/revisions\/26320"}],"wp:featuredmedia":[{"embeddable":true,"href":"https:\/\/nuevademocracia.com.co\/index.php?rest_route=\/wp\/v2\/media\/26319"}],"wp:attachment":[{"href":"https:\/\/nuevademocracia.com.co\/index.php?rest_route=%2Fwp%2Fv2%2Fmedia&parent=26317"}],"wp:term":[{"taxonomy":"category","embeddable":true,"href":"https:\/\/nuevademocracia.com.co\/index.php?rest_route=%2Fwp%2Fv2%2Fcategories&post=26317"},{"taxonomy":"post_tag","embeddable":true,"href":"https:\/\/nuevademocracia.com.co\/index.php?rest_route=%2Fwp%2Fv2%2Ftags&post=26317"}],"curies":[{"name":"wp","href":"https:\/\/api.w.org\/{rel}","templated":true}]}}