{"id":26322,"date":"2024-05-18T10:00:00","date_gmt":"2024-05-18T15:00:00","guid":{"rendered":"https:\/\/nuevademocracia.com.co\/?p=26322"},"modified":"2024-05-20T12:31:05","modified_gmt":"2024-05-20T17:31:05","slug":"consejeros-de-juventud-exigen-al-presidente-petro-que-los-escuche","status":"publish","type":"post","link":"https:\/\/nuevademocracia.com.co\/?p=26322","title":{"rendered":"Consejeros de juventud exigen al presidente Petro que los escuche"},"content":{"rendered":"\n<figure class=\"wp-block-image aligncenter size-large is-resized\"><img loading=\"lazy\" decoding=\"async\" width=\"1024\" height=\"512\" src=\"https:\/\/nuevademocracia.com.co\/wp-content\/uploads\/2024\/05\/consejeros-de-juventud-1024x512.jpeg\" alt=\"\" class=\"wp-image-26323\" style=\"width:697px;height:auto\" srcset=\"https:\/\/nuevademocracia.com.co\/wp-content\/uploads\/2024\/05\/consejeros-de-juventud-1024x512.jpeg 1024w, https:\/\/nuevademocracia.com.co\/wp-content\/uploads\/2024\/05\/consejeros-de-juventud-300x150.jpeg 300w, https:\/\/nuevademocracia.com.co\/wp-content\/uploads\/2024\/05\/consejeros-de-juventud-768x384.jpeg 768w, https:\/\/nuevademocracia.com.co\/wp-content\/uploads\/2024\/05\/consejeros-de-juventud.jpeg 1200w\" sizes=\"auto, (max-width: 1024px) 100vw, 1024px\" \/><figcaption class=\"wp-element-caption\"><em><mark style=\"background-color:rgba(0, 0, 0, 0)\" class=\"has-inline-color has-black-color\">Foto: El Tiempo<\/mark><\/em><\/figcaption><\/figure>\n\n\n\n<p class=\"has-black-color has-text-color has-link-color wp-elements-4ea4b6a36506856839de5adc43ff50ba\">El 15 de mayo pasado en la ciudad de Bogot\u00e1 fue convocada una sesi\u00f3n conjunta del subsistema de participaci\u00f3n juvenil por parte del gobierno en la cual estuvieron presentes Gustavo Petro y Francia M\u00e1rquez. En este espacio fueron convocados 500 j\u00f3venes de 49 regiones del pa\u00eds.<\/p>\n\n\n\n<p class=\"has-black-color has-text-color has-link-color wp-elements-73b425eb91556da3dc153dea819d4cce\">Los seis j\u00f3venes que pudieron hablar expresaron en sus intervenciones algunas peticiones respecto a la necesidad de una asamblea de juventud amplia que ha sido una promesa que se ha postergado durante dos a\u00f1os; sobre la necesidad de acci\u00f3n para la protecci\u00f3n de la vida de j\u00f3venes en los distintos territorios debido a que est\u00e1n siendo amenazados y asesinados; por la necesidad democracia para tomar decisiones respecto a su futuro; entre otras. Posteriormente Petro hace una intervenci\u00f3n en defensa de la igualdad, de la importancia de la juventud, y denunciando la exclusi\u00f3n de su gobierno de parte de los medios de comunicaci\u00f3n y de la oposici\u00f3n, sin responder a las exigencias concretas que anteriormente se hab\u00edan hecho.<\/p>\n\n\n\n<p class=\"has-black-color has-text-color has-link-color wp-elements-0967c52eb444e229713f0a04138aa650\">La intenci\u00f3n de quien moderaba el espacio era terminarlo despu\u00e9s de la intervenci\u00f3n de Petro, por lo cual varios de los j\u00f3venes que eran participes del espacio, inconformes, exigen a gritos ser escuchados y que Petro respondiera a sus requerimientos. Las intervenciones que se sucedieron planteaban diversas cr\u00edticas al gobierno, entre las cuales se encuentra la denuncia de no haber cumplido sus compromisos con la juventud y el pa\u00eds, y acusarlo de populismo. Las respuestas del gobierno fueron defensivas, pidiendo por favor: \u201cno irrespetar al presidente\u201d.<\/p>\n\n\n\n<p class=\"has-black-color has-text-color has-link-color wp-elements-79f98f7b22fa035146afa3b949df4f89\">Los consejos de juventud seg\u00fan la ley burguesa, son un mecanismo de participaci\u00f3n, vigilancia y control de los j\u00f3venes a las entidades territoriales. Se crearon en el 1997, y en el a\u00f1o 2021 se les dio un impulso por medio de elecciones municipales y locales, como un intento de canalizar la rebeld\u00eda de la juventud despu\u00e9s del Gran Levantamiento Popular, principal protagonista en esta lucha.<\/p>\n\n\n\n<p class=\"has-black-color has-text-color has-link-color wp-elements-e01f0dba1da32a0591b24936a6bcba17\">Como lo denuncian los j\u00f3venes de los consejos de juventud, el viceministerio de la juventud y las propias pol\u00edticas del gobierno no han dado respuesta a las banderas que se levantaron en el Gran Levantamiento Popular, el hambre y desempleo se han profundizado, la inflaci\u00f3n est\u00e1 por las nubes y la juventud sigue sin encontrar oportunidades para otro futuro.<\/p>\n\n\n\n<p class=\"has-black-color has-text-color has-link-color wp-elements-645a63b7edd9a34edb9070c4adb36794\">Que los propios consejeros de juventud sean quienes hayan puesto sobre la mesa esta situaci\u00f3n es un signo de que el gobierno no ha respondido a las promesas que hizo a sectores que logro cooptar en su campa\u00f1a electoral. Adem\u00e1s, de que la juventud est\u00e1 perdiendo la esperanza del camino que propone Petro para transformar sus vidas y la sociedad.<\/p>\n","protected":false},"excerpt":{"rendered":"<p>El 15 de mayo pasado en la ciudad de Bogot\u00e1 fue convocada una sesi\u00f3n conjunta del subsistema de participaci\u00f3n juvenil por parte del gobierno en la cual estuvieron presentes Gustavo Petro y Francia M\u00e1rquez. En este espacio fueron convocados 500 j\u00f3venes de 49 regiones del pa\u00eds. Los seis j\u00f3venes que pudieron hablar expresaron en sus [&hellip;]<\/p>\n","protected":false},"author":1,"featured_media":26323,"comment_status":"open","ping_status":"open","sticky":false,"template":"","format":"standard","meta":{"footnotes":""},"categories":[4],"tags":[],"class_list":["post-26322","post","type-post","status-publish","format-standard","has-post-thumbnail","hentry","category-colombia"],"blocksy_meta":[],"_links":{"self":[{"href":"https:\/\/nuevademocracia.com.co\/index.php?rest_route=\/wp\/v2\/posts\/26322","targetHints":{"allow":["GET"]}}],"collection":[{"href":"https:\/\/nuevademocracia.com.co\/index.php?rest_route=\/wp\/v2\/posts"}],"about":[{"href":"https:\/\/nuevademocracia.com.co\/index.php?rest_route=\/wp\/v2\/types\/post"}],"author":[{"embeddable":true,"href":"https:\/\/nuevademocracia.com.co\/index.php?rest_route=\/wp\/v2\/users\/1"}],"replies":[{"embeddable":true,"href":"https:\/\/nuevademocracia.com.co\/index.php?rest_route=%2Fwp%2Fv2%2Fcomments&post=26322"}],"version-history":[{"count":2,"href":"https:\/\/nuevademocracia.com.co\/index.php?rest_route=\/wp\/v2\/posts\/26322\/revisions"}],"predecessor-version":[{"id":26338,"href":"https:\/\/nuevademocracia.com.co\/index.php?rest_route=\/wp\/v2\/posts\/26322\/revisions\/26338"}],"wp:featuredmedia":[{"embeddable":true,"href":"https:\/\/nuevademocracia.com.co\/index.php?rest_route=\/wp\/v2\/media\/26323"}],"wp:attachment":[{"href":"https:\/\/nuevademocracia.com.co\/index.php?rest_route=%2Fwp%2Fv2%2Fmedia&parent=26322"}],"wp:term":[{"taxonomy":"category","embeddable":true,"href":"https:\/\/nuevademocracia.com.co\/index.php?rest_route=%2Fwp%2Fv2%2Fcategories&post=26322"},{"taxonomy":"post_tag","embeddable":true,"href":"https:\/\/nuevademocracia.com.co\/index.php?rest_route=%2Fwp%2Fv2%2Ftags&post=26322"}],"curies":[{"name":"wp","href":"https:\/\/api.w.org\/{rel}","templated":true}]}}