{"id":26325,"date":"2024-05-18T11:00:00","date_gmt":"2024-05-18T16:00:00","guid":{"rendered":"https:\/\/nuevademocracia.com.co\/?p=26325"},"modified":"2024-05-20T12:29:55","modified_gmt":"2024-05-20T17:29:55","slug":"policia-asesina-a-hombre-en-la-ciudad-de-cucuta","status":"publish","type":"post","link":"https:\/\/nuevademocracia.com.co\/?p=26325","title":{"rendered":"Polic\u00eda asesina a hombre en la ciudad de C\u00facuta"},"content":{"rendered":"\n<figure class=\"wp-block-image aligncenter size-full is-resized\"><img loading=\"lazy\" decoding=\"async\" width=\"747\" height=\"420\" src=\"https:\/\/nuevademocracia.com.co\/wp-content\/uploads\/2024\/05\/Policia-taser.jpg\" alt=\"\" class=\"wp-image-26326\" style=\"width:640px;height:auto\" srcset=\"https:\/\/nuevademocracia.com.co\/wp-content\/uploads\/2024\/05\/Policia-taser.jpg 747w, https:\/\/nuevademocracia.com.co\/wp-content\/uploads\/2024\/05\/Policia-taser-300x169.jpg 300w\" sizes=\"auto, (max-width: 747px) 100vw, 747px\" \/><figcaption class=\"wp-element-caption\"><em><mark style=\"background-color:rgba(0, 0, 0, 0)\" class=\"has-inline-color has-black-color\">Foto: La Opini\u00f3n<\/mark><\/em><\/figcaption><\/figure>\n\n\n\n<p class=\"has-black-color has-text-color has-link-color wp-elements-73d5868d0916414b5a69eda4e8eff9aa\">Yeferson Alberto Barajas era un hombre de 29 a\u00f1os, padre de dos hijos, trabajador de la construcci\u00f3n, conductor y ayudante de busetas. Fue detenido por la polic\u00eda, y como se evidencia en el video se ve c\u00f3mo m\u00e1s de 5 polic\u00edas atacan al hombre. Recibi\u00f3 ocho descargas el\u00e9ctricas estando esposado y seg\u00fan declaraciones de la hermana, cuando hacen entrega del cuerpo de Yeferson ten\u00eda una pantaloneta que no le pertenec\u00eda, y registros fotogr\u00e1ficos muestran que ten\u00eda golpes en las piernas, las costillas y mucha sangre, asegurando que \u201cse lo hab\u00edan matado\u201d. Recordemos que en el a\u00f1o 2020 en la ciudad de Bogot\u00e1 fue asesinado de la misma forma Javier Ordo\u00f1ez, lo cual ocasiono grandes movilizaciones en la ciudad en contra de la represi\u00f3n policial.<\/p>\n\n\n\n<figure class=\"wp-block-embed is-type-video is-provider-youtube wp-block-embed-youtube wp-embed-aspect-16-9 wp-has-aspect-ratio\"><div class=\"wp-block-embed__wrapper\">\n<iframe loading=\"lazy\" title=\"Investigan si el uso del taser habr\u00eda provocado la muerte de un hombre en Villa del Rosario\" width=\"1290\" height=\"726\" src=\"https:\/\/www.youtube.com\/embed\/05TrkQqq9Ag?feature=oembed\" frameborder=\"0\" allow=\"accelerometer; autoplay; clipboard-write; encrypted-media; gyroscope; picture-in-picture; web-share\" referrerpolicy=\"strict-origin-when-cross-origin\" allowfullscreen><\/iframe>\n<\/div><\/figure>\n","protected":false},"excerpt":{"rendered":"<p>Yeferson Alberto Barajas era un hombre de 29 a\u00f1os, padre de dos hijos, trabajador de la construcci\u00f3n, conductor y ayudante de busetas. Fue detenido por la polic\u00eda, y como se evidencia en el video se ve c\u00f3mo m\u00e1s de 5 polic\u00edas atacan al hombre. Recibi\u00f3 ocho descargas el\u00e9ctricas estando esposado y seg\u00fan declaraciones de la [&hellip;]<\/p>\n","protected":false},"author":1,"featured_media":26326,"comment_status":"open","ping_status":"open","sticky":false,"template":"","format":"standard","meta":{"footnotes":""},"categories":[4],"tags":[],"class_list":["post-26325","post","type-post","status-publish","format-standard","has-post-thumbnail","hentry","category-colombia"],"blocksy_meta":[],"_links":{"self":[{"href":"https:\/\/nuevademocracia.com.co\/index.php?rest_route=\/wp\/v2\/posts\/26325","targetHints":{"allow":["GET"]}}],"collection":[{"href":"https:\/\/nuevademocracia.com.co\/index.php?rest_route=\/wp\/v2\/posts"}],"about":[{"href":"https:\/\/nuevademocracia.com.co\/index.php?rest_route=\/wp\/v2\/types\/post"}],"author":[{"embeddable":true,"href":"https:\/\/nuevademocracia.com.co\/index.php?rest_route=\/wp\/v2\/users\/1"}],"replies":[{"embeddable":true,"href":"https:\/\/nuevademocracia.com.co\/index.php?rest_route=%2Fwp%2Fv2%2Fcomments&post=26325"}],"version-history":[{"count":2,"href":"https:\/\/nuevademocracia.com.co\/index.php?rest_route=\/wp\/v2\/posts\/26325\/revisions"}],"predecessor-version":[{"id":26337,"href":"https:\/\/nuevademocracia.com.co\/index.php?rest_route=\/wp\/v2\/posts\/26325\/revisions\/26337"}],"wp:featuredmedia":[{"embeddable":true,"href":"https:\/\/nuevademocracia.com.co\/index.php?rest_route=\/wp\/v2\/media\/26326"}],"wp:attachment":[{"href":"https:\/\/nuevademocracia.com.co\/index.php?rest_route=%2Fwp%2Fv2%2Fmedia&parent=26325"}],"wp:term":[{"taxonomy":"category","embeddable":true,"href":"https:\/\/nuevademocracia.com.co\/index.php?rest_route=%2Fwp%2Fv2%2Fcategories&post=26325"},{"taxonomy":"post_tag","embeddable":true,"href":"https:\/\/nuevademocracia.com.co\/index.php?rest_route=%2Fwp%2Fv2%2Ftags&post=26325"}],"curies":[{"name":"wp","href":"https:\/\/api.w.org\/{rel}","templated":true}]}}