{"id":26330,"date":"2024-05-20T12:27:37","date_gmt":"2024-05-20T17:27:37","guid":{"rendered":"https:\/\/nuevademocracia.com.co\/?p=26330"},"modified":"2024-05-20T12:27:37","modified_gmt":"2024-05-20T17:27:37","slug":"manifestaciones-en-conmemoracion-de-los-estudiantes-asesinados-en-la-universidad-nacional-de-colombia-el-16-de-mayo-de-1984","status":"publish","type":"post","link":"https:\/\/nuevademocracia.com.co\/?p=26330","title":{"rendered":"Manifestaciones en conmemoraci\u00f3n de los estudiantes asesinados en la Universidad Nacional de Colombia el 16 de mayo de 1984"},"content":{"rendered":"\n<figure class=\"wp-block-image aligncenter size-large is-resized\"><img loading=\"lazy\" decoding=\"async\" width=\"1024\" height=\"681\" src=\"https:\/\/nuevademocracia.com.co\/wp-content\/uploads\/2024\/05\/UN1-1024x681.jpg\" alt=\"\" class=\"wp-image-26331\" style=\"width:772px;height:auto\" srcset=\"https:\/\/nuevademocracia.com.co\/wp-content\/uploads\/2024\/05\/UN1-1024x681.jpg 1024w, https:\/\/nuevademocracia.com.co\/wp-content\/uploads\/2024\/05\/UN1-300x199.jpg 300w, https:\/\/nuevademocracia.com.co\/wp-content\/uploads\/2024\/05\/UN1-768x511.jpg 768w, https:\/\/nuevademocracia.com.co\/wp-content\/uploads\/2024\/05\/UN1.jpg 1319w\" sizes=\"auto, (max-width: 1024px) 100vw, 1024px\" \/><figcaption class=\"wp-element-caption\"><em><mark style=\"background-color:rgba(0, 0, 0, 0)\" class=\"has-inline-color has-black-color\">Foto del a\u00f1o 1984. Fuente: El Pa\u00eds<\/mark><\/em><\/figcaption><\/figure>\n\n\n\n<p class=\"has-black-color has-text-color has-link-color wp-elements-c1a8a17660695ce4c512cba5d9aa8f6b\">En 1984, en medio de luchas estudiantiles por garant\u00edas de bienestar enfocadas en vivienda, el movimiento estudiantil inici\u00f3 una lucha exigiendo la reapertura de residencias estudiantiles que garantizaban la permanencia de cientos de j\u00f3venes para lograr la culminaci\u00f3n de sus estudios. Esta lucha victoriosa logr\u00f3 la recuperaci\u00f3n y reapertura de las residencias.<\/p>\n\n\n\n<p class=\"has-black-color has-text-color has-link-color wp-elements-1f2497873939aeeef33b5a8d92d5f9c4\">Durante ese a\u00f1o con el incremento de la represi\u00f3n asesinaron a Humberto Le\u00f3n Pati\u00f1o, estudiante de sexto semestre de odontolog\u00eda, el cual fue secuestrado, torturado y asesinado; cinco d\u00edas despu\u00e9s, fue secuestrado y asesinado el profesor y m\u00e9dico Luis Armando Mu\u00f1oz, ambos negociadores de esta lucha.<\/p>\n\n\n\n<p class=\"has-black-color has-text-color has-link-color wp-elements-d4864dc4dd07b0813c59b60aa7a0f007\">A ra\u00edz de estos asesinatos, el 16 de mayo de dicho a\u00f1o fue convocado un homenaje, donde estudiantes se tomaron la calle 26. En la puerta principal se le\u00eda una tela que dec\u00eda \u00abJes\u00fas Le\u00f3n. Tendr\u00e1n que matarnos a todos para callar nuestra voz.\u00bb En medio de las manifestaciones, la polic\u00eda dispar\u00f3 a la comunidad universitaria, ingresando a la Universidad y atacando a los habitantes de las residencias, capturando ilegalmente, asesinando y desapareciendo a varios estudiantes.<\/p>\n\n\n\n<p class=\"has-black-color has-text-color has-link-color wp-elements-5704d69824fcc47a3b22cbd6e5888c08\">En el contexto actual de lucha de la Universidad Nacional de Colombia, donde estudiantes se han tomado el edificio administrativo en rechazo de la elecci\u00f3n de Ismael Pe\u00f1a como rector, j\u00f3venes estudiantes se tomaron las calles el pasado 16 de mayo en rechazo de la represi\u00f3n policial y en conmemoraci\u00f3n de los estudiantes que fueron asesinados, desaparecidos y torturados 40 a\u00f1os atr\u00e1s dentro del campus universitario.<\/p>\n\n\n\n<div class=\"wp-block-group is-nowrap is-layout-flex wp-container-core-group-is-layout-6c531013 wp-block-group-is-layout-flex\">\n<figure class=\"wp-block-image size-large is-resized\"><img loading=\"lazy\" decoding=\"async\" width=\"1024\" height=\"675\" src=\"https:\/\/nuevademocracia.com.co\/wp-content\/uploads\/2024\/05\/UN2-1024x675.jpg\" alt=\"\" class=\"wp-image-26332\" style=\"width:605px;height:auto\" srcset=\"https:\/\/nuevademocracia.com.co\/wp-content\/uploads\/2024\/05\/UN2-1024x675.jpg 1024w, https:\/\/nuevademocracia.com.co\/wp-content\/uploads\/2024\/05\/UN2-300x198.jpg 300w, https:\/\/nuevademocracia.com.co\/wp-content\/uploads\/2024\/05\/UN2-768x506.jpg 768w, https:\/\/nuevademocracia.com.co\/wp-content\/uploads\/2024\/05\/UN2.jpg 1317w\" sizes=\"auto, (max-width: 1024px) 100vw, 1024px\" \/><figcaption class=\"wp-element-caption\"><em><mark style=\"background-color:rgba(0, 0, 0, 0)\" class=\"has-inline-color has-black-color\">Foto: El Espectador<\/mark><\/em><\/figcaption><\/figure>\n\n\n\n<figure class=\"wp-block-image size-large is-resized\"><img loading=\"lazy\" decoding=\"async\" width=\"1024\" height=\"684\" src=\"https:\/\/nuevademocracia.com.co\/wp-content\/uploads\/2024\/05\/UN3-1024x684.jpg\" alt=\"\" class=\"wp-image-26333\" style=\"width:608px;height:auto\" srcset=\"https:\/\/nuevademocracia.com.co\/wp-content\/uploads\/2024\/05\/UN3-1024x684.jpg 1024w, https:\/\/nuevademocracia.com.co\/wp-content\/uploads\/2024\/05\/UN3-300x201.jpg 300w, https:\/\/nuevademocracia.com.co\/wp-content\/uploads\/2024\/05\/UN3-768x513.jpg 768w, https:\/\/nuevademocracia.com.co\/wp-content\/uploads\/2024\/05\/UN3.jpg 1318w\" sizes=\"auto, (max-width: 1024px) 100vw, 1024px\" \/><figcaption class=\"wp-element-caption\"><em><mark style=\"background-color:rgba(0, 0, 0, 0)\" class=\"has-inline-color has-black-color\">Foto: El Pa\u00eds<\/mark><\/em><\/figcaption><\/figure>\n\n\n\n<p><\/p>\n<\/div>\n\n\n\n<figure class=\"wp-block-image aligncenter size-large is-resized\"><img loading=\"lazy\" decoding=\"async\" width=\"1024\" height=\"683\" src=\"https:\/\/nuevademocracia.com.co\/wp-content\/uploads\/2024\/05\/UN4-1024x683.jpg\" alt=\"\" class=\"wp-image-26334\" style=\"width:765px;height:auto\" srcset=\"https:\/\/nuevademocracia.com.co\/wp-content\/uploads\/2024\/05\/UN4-1024x683.jpg 1024w, https:\/\/nuevademocracia.com.co\/wp-content\/uploads\/2024\/05\/UN4-300x200.jpg 300w, https:\/\/nuevademocracia.com.co\/wp-content\/uploads\/2024\/05\/UN4-768x512.jpg 768w, https:\/\/nuevademocracia.com.co\/wp-content\/uploads\/2024\/05\/UN4.jpg 1314w\" sizes=\"auto, (max-width: 1024px) 100vw, 1024px\" \/><figcaption class=\"wp-element-caption\"><em><mark style=\"background-color:rgba(0, 0, 0, 0)\" class=\"has-inline-color has-black-color\">Foto: El Pa\u00eds<\/mark><\/em><\/figcaption><\/figure>\n","protected":false},"excerpt":{"rendered":"<p>En 1984, en medio de luchas estudiantiles por garant\u00edas de bienestar enfocadas en vivienda, el movimiento estudiantil inici\u00f3 una lucha exigiendo la reapertura de residencias estudiantiles que garantizaban la permanencia de cientos de j\u00f3venes para lograr la culminaci\u00f3n de sus estudios. Esta lucha victoriosa logr\u00f3 la recuperaci\u00f3n y reapertura de las residencias. Durante ese a\u00f1o [&hellip;]<\/p>\n","protected":false},"author":1,"featured_media":26331,"comment_status":"open","ping_status":"open","sticky":false,"template":"","format":"standard","meta":{"footnotes":""},"categories":[4],"tags":[62],"class_list":["post-26330","post","type-post","status-publish","format-standard","has-post-thumbnail","hentry","category-colombia","tag-conmemoracion"],"blocksy_meta":[],"_links":{"self":[{"href":"https:\/\/nuevademocracia.com.co\/index.php?rest_route=\/wp\/v2\/posts\/26330","targetHints":{"allow":["GET"]}}],"collection":[{"href":"https:\/\/nuevademocracia.com.co\/index.php?rest_route=\/wp\/v2\/posts"}],"about":[{"href":"https:\/\/nuevademocracia.com.co\/index.php?rest_route=\/wp\/v2\/types\/post"}],"author":[{"embeddable":true,"href":"https:\/\/nuevademocracia.com.co\/index.php?rest_route=\/wp\/v2\/users\/1"}],"replies":[{"embeddable":true,"href":"https:\/\/nuevademocracia.com.co\/index.php?rest_route=%2Fwp%2Fv2%2Fcomments&post=26330"}],"version-history":[{"count":2,"href":"https:\/\/nuevademocracia.com.co\/index.php?rest_route=\/wp\/v2\/posts\/26330\/revisions"}],"predecessor-version":[{"id":26336,"href":"https:\/\/nuevademocracia.com.co\/index.php?rest_route=\/wp\/v2\/posts\/26330\/revisions\/26336"}],"wp:featuredmedia":[{"embeddable":true,"href":"https:\/\/nuevademocracia.com.co\/index.php?rest_route=\/wp\/v2\/media\/26331"}],"wp:attachment":[{"href":"https:\/\/nuevademocracia.com.co\/index.php?rest_route=%2Fwp%2Fv2%2Fmedia&parent=26330"}],"wp:term":[{"taxonomy":"category","embeddable":true,"href":"https:\/\/nuevademocracia.com.co\/index.php?rest_route=%2Fwp%2Fv2%2Fcategories&post=26330"},{"taxonomy":"post_tag","embeddable":true,"href":"https:\/\/nuevademocracia.com.co\/index.php?rest_route=%2Fwp%2Fv2%2Ftags&post=26330"}],"curies":[{"name":"wp","href":"https:\/\/api.w.org\/{rel}","templated":true}]}}