{"id":26358,"date":"2024-05-23T15:48:35","date_gmt":"2024-05-23T20:48:35","guid":{"rendered":"https:\/\/nuevademocracia.com.co\/?p=26358"},"modified":"2024-05-23T15:49:12","modified_gmt":"2024-05-23T20:49:12","slug":"solidaridad-con-la-toma-17-de-mayo","status":"publish","type":"post","link":"https:\/\/nuevademocracia.com.co\/?p=26358","title":{"rendered":"Solidaridad con la Toma 17 de Mayo"},"content":{"rendered":"\n<p class=\"has-black-color has-text-color has-link-color wp-elements-cce94ba9bc52411912f8ff342d1c16f2\">Vecinos del barrio Jos\u00e9 Antonio Gal\u00e1n, que est\u00e1n en amenaza de desalojo, realizaron un video en solidaridad con la Toma 17 de mayo en Chile. <\/p>\n\n\n\n<p class=\"has-black-color has-text-color has-link-color wp-elements-e119d68ae4887078f7ff5fe3b898c627\">A continuaci\u00f3n el video: <\/p>\n\n\n\n<figure class=\"wp-block-embed is-type-video is-provider-youtube wp-block-embed-youtube wp-embed-aspect-16-9 wp-has-aspect-ratio\"><div class=\"wp-block-embed__wrapper\">\n<iframe loading=\"lazy\" title=\"Solidaridad con la Toma 17 mayo\" width=\"1290\" height=\"726\" src=\"https:\/\/www.youtube.com\/embed\/EtJQtSxqB5U?feature=oembed\" frameborder=\"0\" allow=\"accelerometer; autoplay; clipboard-write; encrypted-media; gyroscope; picture-in-picture; web-share\" referrerpolicy=\"strict-origin-when-cross-origin\" allowfullscreen><\/iframe>\n<\/div><\/figure>\n\n\n\n<p class=\"has-black-color has-text-color has-link-color wp-elements-057c820ecc447fad6ad941a660ede371\"><\/p>\n","protected":false},"excerpt":{"rendered":"<p>Vecinos del barrio Jos\u00e9 Antonio Gal\u00e1n, que est\u00e1n en amenaza de desalojo, realizaron un video en solidaridad con la Toma 17 de mayo en Chile. A continuaci\u00f3n el video:<\/p>\n","protected":false},"author":1,"featured_media":26359,"comment_status":"open","ping_status":"open","sticky":false,"template":"","format":"standard","meta":{"footnotes":""},"categories":[16,4,31],"tags":[],"class_list":["post-26358","post","type-post","status-publish","format-standard","has-post-thumbnail","hentry","category-carrusel","category-colombia","category-internacional"],"blocksy_meta":[],"_links":{"self":[{"href":"https:\/\/nuevademocracia.com.co\/index.php?rest_route=\/wp\/v2\/posts\/26358","targetHints":{"allow":["GET"]}}],"collection":[{"href":"https:\/\/nuevademocracia.com.co\/index.php?rest_route=\/wp\/v2\/posts"}],"about":[{"href":"https:\/\/nuevademocracia.com.co\/index.php?rest_route=\/wp\/v2\/types\/post"}],"author":[{"embeddable":true,"href":"https:\/\/nuevademocracia.com.co\/index.php?rest_route=\/wp\/v2\/users\/1"}],"replies":[{"embeddable":true,"href":"https:\/\/nuevademocracia.com.co\/index.php?rest_route=%2Fwp%2Fv2%2Fcomments&post=26358"}],"version-history":[{"count":2,"href":"https:\/\/nuevademocracia.com.co\/index.php?rest_route=\/wp\/v2\/posts\/26358\/revisions"}],"predecessor-version":[{"id":26361,"href":"https:\/\/nuevademocracia.com.co\/index.php?rest_route=\/wp\/v2\/posts\/26358\/revisions\/26361"}],"wp:featuredmedia":[{"embeddable":true,"href":"https:\/\/nuevademocracia.com.co\/index.php?rest_route=\/wp\/v2\/media\/26359"}],"wp:attachment":[{"href":"https:\/\/nuevademocracia.com.co\/index.php?rest_route=%2Fwp%2Fv2%2Fmedia&parent=26358"}],"wp:term":[{"taxonomy":"category","embeddable":true,"href":"https:\/\/nuevademocracia.com.co\/index.php?rest_route=%2Fwp%2Fv2%2Fcategories&post=26358"},{"taxonomy":"post_tag","embeddable":true,"href":"https:\/\/nuevademocracia.com.co\/index.php?rest_route=%2Fwp%2Fv2%2Ftags&post=26358"}],"curies":[{"name":"wp","href":"https:\/\/api.w.org\/{rel}","templated":true}]}}