{"id":26374,"date":"2024-05-30T15:18:13","date_gmt":"2024-05-30T20:18:13","guid":{"rendered":"https:\/\/nuevademocracia.com.co\/?p=26374"},"modified":"2024-05-30T15:18:13","modified_gmt":"2024-05-30T20:18:13","slug":"los-luchadores-del-ejercito-guerrillero-popular-de-liberacion-son-inmortales","status":"publish","type":"post","link":"https:\/\/nuevademocracia.com.co\/?p=26374","title":{"rendered":"Los luchadores del Ej\u00e9rcito Guerrillero Popular de Liberaci\u00f3n son inmortales"},"content":{"rendered":"\n<figure class=\"wp-block-image aligncenter size-full is-resized\"><img loading=\"lazy\" decoding=\"async\" width=\"715\" height=\"447\" src=\"https:\/\/nuevademocracia.com.co\/wp-content\/uploads\/2024\/05\/image-13.png\" alt=\"\" class=\"wp-image-26375\" style=\"width:657px;height:auto\" srcset=\"https:\/\/nuevademocracia.com.co\/wp-content\/uploads\/2024\/05\/image-13.png 715w, https:\/\/nuevademocracia.com.co\/wp-content\/uploads\/2024\/05\/image-13-300x188.png 300w\" sizes=\"auto, (max-width: 715px) 100vw, 715px\" \/><\/figure>\n\n\n\n<p><\/p>\n\n\n\n<p class=\"has-black-color has-text-color has-link-color wp-elements-e1166bdb1524a658a704a653e4470762\">El pasado 16 de abril, 29 mao\u00edstas y combatientes del Ej\u00e9rcito Guerrillero Popular de Liberaci\u00f3n (EGPL), dirigido por el Partido Comunista de la India (Mao\u00edsta) \u2013PCI (Mao\u00edsta), fueron asesinados por un equipo conjunto de la Guardia de la Reserva del Distrito (DRG) y las Fuerzas de Seguridad Fronterizas (BSF), denominadas por los democr\u00e1ticos y revolucionarios como fuerzas paramilitares. Esta masacre ocurri\u00f3 en el Estado federal de Chhattisgarh, India.<\/p>\n\n\n\n<p class=\"has-black-color has-text-color has-link-color wp-elements-559b5f238b07248e78b96fc9666d2ae2\">El estado de Chhattisgarh es uno de los escenarios donde es m\u00e1s fuerte la Guerra Popular dirigida por el PCI (Mao\u00edsta). Justo en este estado es donde el viejo Estado indio afirma haber matado a 53 mao\u00edstas este a\u00f1o. Tambi\u00e9n en este estado ha aumentado la militarizaci\u00f3n para proteger y poder desarrollar las elecciones que intentan legitimar la vieja democracia india y el gobierno fascista de Narendra Modi.<\/p>\n\n\n\n<p class=\"has-black-color has-text-color has-link-color wp-elements-28bc54a26dcdb6d0a3a223576364328d\">El Foro Contra la Corporaci\u00f3n y la Militarizaci\u00f3n (FACAM), que agrupa a unas 12 organizaciones indias, ha venido denunciando los \u201cfalsos encuentros\u201d (nombre que recibe cuando el Ej\u00e9rcito reaccionario ejecuta a sangre fr\u00eda a guerrilleros y luego afirma que las muertes se produjeron en \u201cenfrentamiento\u201d) que se han dado este a\u00f1o, y denuncian que el caso de los 29 guerrilleros del EGPL fue un \u201cfalso encuentro\u201d donde, de los 29 asesinados, 17 fueron ejecutados fuera del tiroteo y con signos de tortura.<\/p>\n\n\n\n<p class=\"has-black-color has-text-color has-link-color wp-elements-157e49c734c22d12ed50beede477cb77\">Estos cr\u00edmenes de guerra no son nuevos en India, all\u00ed la contrarrevoluci\u00f3n ha usado varias operaciones militares en las cuales ha desplegado a polic\u00edas y paramilitares para acabar con el EGPL y el PCI (Mao\u00edsta). La actual \u201cOperaci\u00f3n Kagar\u201d es la que ha lanzado el primer ministro Narendra Modi con su gabinete en enero de este a\u00f1o, para supuestamente \u201caniquilar completamente a los mao\u00edstas\u201d.&nbsp;<\/p>\n\n\n\n<p class=\"has-black-color has-text-color has-link-color wp-elements-987ec019518ee59eb8368bd1927ca811\">FACAM afirma que desde el inicio de la \u201cOperaci\u00f3n Kagar\u201d se han registrado numerosos asesinatos de campesinos advasi desarmados, m\u00e1s de 100. Tambi\u00e9n ha denunciado bombardeos a\u00e9reos contra regiones como Bastar, afectando a los aldeanos y campesinos y ha denunciado junto con la Campa\u00f1a Contra la Represi\u00f3n del Estado (CASR) la detenci\u00f3n de dirigentes campesinos adivasi como Sarju Tekam que era bien conocido en la lucha contra el creciente n\u00famero de \u201cfalsos encuentros\u201d en Chhattisgarh.<\/p>\n\n\n\n<p class=\"has-black-color has-text-color has-link-color wp-elements-5d8654c1e2b300895e989b94e448a2f7\">A Sarju Tekam la polic\u00eda le coloco literatura del PCI (Mao\u00edsta) y explosivos en su casa, inculp\u00e1ndolo y deteni\u00e9ndolo por falsos cargos y supuesta violaci\u00f3n de la draconiana \u201cLey de Prevenci\u00f3n de Actividades Ilegales\u201d.<\/p>\n\n\n\n<p class=\"has-black-color has-text-color has-link-color wp-elements-7044249d5e8892b652fca592403b7b95\">Toda esta represi\u00f3n del viejo Estado indio hacia los revolucionarios y hacia la Guerra Popular en India, ha desatado la solidaridad internacional de los pueblos del mundo. La Liga Comunista Internacional en un comunicado titulado \u00abQuien no teme morir cortado en mil pedazos, se atreve a despedazar al emperador\u00bb conden\u00f3 la operaci\u00f3n del reaccionario ej\u00e9rcito indio que asesin\u00f3 a 29 combatientes del EGPL e hizo un llamado a realizar acciones internacionales\u00bb entre el 26 de abril y el 4 de mayo de 2024.<\/p>\n\n\n\n<p class=\"has-black-color has-text-color has-link-color wp-elements-8cb6ad6bb9439cd1dabb813f99d8b1e9\">Sum\u00e1ndose a este llamado y por iniciativa propia, varios pa\u00edses han realizado acciones. En Brasil el Frente Revolucionario en Defensa de los Derechos del Pueblo \u2013 (FRDDP) ha realizado un cartel e inici\u00f3 una campa\u00f1a para condenar el nuevo crimen. En Colombia, durante la movilizaci\u00f3n del primero de mayo, fue colgada una tela que dec\u00eda: \u201c\u00a1Los luchadores del Ej\u00e9rcito Guerrillero Popular de Liberaci\u00f3n (PGLA) son inmortales! \u00a1Viva la Guerra Popular dirigida por el PCI (Mao\u00edsta)!\u201d. En Austria activistas y revolucionarios realizaron una concentraci\u00f3n frente al consulado indio en Viena, en homenaje a los 29 mao\u00edstas asesinados por el Estado fascista indio el 16 de abril. Y en Suiza se colocaron pancartas con la inscripci\u00f3n \u201cLos luchadores del Ej\u00e9rcito Guerrillero Popular de Liberaci\u00f3n son inmortales\u201d.<\/p>\n","protected":false},"excerpt":{"rendered":"<p>El pasado 16 de abril, 29 mao\u00edstas y combatientes del Ej\u00e9rcito Guerrillero Popular de Liberaci\u00f3n (EGPL), dirigido por el Partido Comunista de la India (Mao\u00edsta) \u2013PCI (Mao\u00edsta), fueron asesinados por un equipo conjunto de la Guardia de la Reserva del Distrito (DRG) y las Fuerzas de Seguridad Fronterizas (BSF), denominadas por los democr\u00e1ticos y revolucionarios [&hellip;]<\/p>\n","protected":false},"author":1,"featured_media":26375,"comment_status":"open","ping_status":"open","sticky":false,"template":"","format":"standard","meta":{"footnotes":""},"categories":[16,31],"tags":[],"class_list":["post-26374","post","type-post","status-publish","format-standard","has-post-thumbnail","hentry","category-carrusel","category-internacional"],"blocksy_meta":[],"_links":{"self":[{"href":"https:\/\/nuevademocracia.com.co\/index.php?rest_route=\/wp\/v2\/posts\/26374","targetHints":{"allow":["GET"]}}],"collection":[{"href":"https:\/\/nuevademocracia.com.co\/index.php?rest_route=\/wp\/v2\/posts"}],"about":[{"href":"https:\/\/nuevademocracia.com.co\/index.php?rest_route=\/wp\/v2\/types\/post"}],"author":[{"embeddable":true,"href":"https:\/\/nuevademocracia.com.co\/index.php?rest_route=\/wp\/v2\/users\/1"}],"replies":[{"embeddable":true,"href":"https:\/\/nuevademocracia.com.co\/index.php?rest_route=%2Fwp%2Fv2%2Fcomments&post=26374"}],"version-history":[{"count":2,"href":"https:\/\/nuevademocracia.com.co\/index.php?rest_route=\/wp\/v2\/posts\/26374\/revisions"}],"predecessor-version":[{"id":26377,"href":"https:\/\/nuevademocracia.com.co\/index.php?rest_route=\/wp\/v2\/posts\/26374\/revisions\/26377"}],"wp:featuredmedia":[{"embeddable":true,"href":"https:\/\/nuevademocracia.com.co\/index.php?rest_route=\/wp\/v2\/media\/26375"}],"wp:attachment":[{"href":"https:\/\/nuevademocracia.com.co\/index.php?rest_route=%2Fwp%2Fv2%2Fmedia&parent=26374"}],"wp:term":[{"taxonomy":"category","embeddable":true,"href":"https:\/\/nuevademocracia.com.co\/index.php?rest_route=%2Fwp%2Fv2%2Fcategories&post=26374"},{"taxonomy":"post_tag","embeddable":true,"href":"https:\/\/nuevademocracia.com.co\/index.php?rest_route=%2Fwp%2Fv2%2Ftags&post=26374"}],"curies":[{"name":"wp","href":"https:\/\/api.w.org\/{rel}","templated":true}]}}