{"id":26384,"date":"2024-06-04T10:07:55","date_gmt":"2024-06-04T15:07:55","guid":{"rendered":"https:\/\/nuevademocracia.com.co\/?p=26384"},"modified":"2024-06-04T10:07:55","modified_gmt":"2024-06-04T15:07:55","slug":"israel-genocida-derrotado","status":"publish","type":"post","link":"https:\/\/nuevademocracia.com.co\/?p=26384","title":{"rendered":"Israel, genocida derrotado"},"content":{"rendered":"\n<figure class=\"wp-block-image aligncenter size-full is-resized\"><img loading=\"lazy\" decoding=\"async\" width=\"1024\" height=\"734\" src=\"https:\/\/nuevademocracia.com.co\/wp-content\/uploads\/2024\/06\/image.png\" alt=\"\" class=\"wp-image-26385\" style=\"width:694px;height:auto\" srcset=\"https:\/\/nuevademocracia.com.co\/wp-content\/uploads\/2024\/06\/image.png 1024w, https:\/\/nuevademocracia.com.co\/wp-content\/uploads\/2024\/06\/image-300x215.png 300w, https:\/\/nuevademocracia.com.co\/wp-content\/uploads\/2024\/06\/image-768x551.png 768w\" sizes=\"auto, (max-width: 1024px) 100vw, 1024px\" \/><figcaption class=\"wp-element-caption\"><em><mark style=\"background-color:rgba(0, 0, 0, 0)\" class=\"has-inline-color has-black-color\">Foto: A Nova Democracia<\/mark><\/em><\/figcaption><\/figure>\n\n\n\n<p class=\"has-black-color has-text-color has-link-color wp-elements-8469f242e9cdbcfd9b4aecdc19358a1e\">Desenmascarado, el Estado sionista de Israel, nos obliga a presenciar nuevamente su teatro macabro. Luego de forzar sangrientamente a los heroicos palestinos de Gaza a concentrarse en Rafah afirmando que ese ser\u00eda un lugar seguro, sale a pedir perd\u00f3n porque nuevamente ha cometido un \u201ctr\u00e1gico error\u201d.<\/p>\n\n\n\n<p class=\"has-black-color has-text-color has-link-color wp-elements-d8646a74e1108d792724d76624fb09b9\">\u00bfCu\u00e1l fue el error? Atacar un campo de refugiados en Rafah, dejando con ello decenas de muertos \u00bfPuede acaso haber m\u00e1s cinismo? Un error, dicen, cuando ya la cuenta de gazat\u00edes asesinados se acerca a los 40 mil. 40 mil asesinados de la forma m\u00e1s cruel. En Rafah encontraron ni\u00f1os despedazados. Al mejor estilo nazi, estos hitleristas modernos, aplican su propia versi\u00f3n de la \u201csoluci\u00f3n final\u201d. Pretenden exterminar a un pueblo. Pero \u00bfpor qu\u00e9 se atreven a pensar que van a lograr tan macabra empresa, qu\u00e9 hechos les confirman la posibilidad de alcanzar tal cometido si tan solo son unos <strong>coleccionistas de derrotas<\/strong>?<\/p>\n\n\n\n<p class=\"has-black-color has-text-color has-link-color wp-elements-fa29c481fb52555f7ab57535de71cf3c\">El jefe del Consejo de Seguridad Nacional de Israel, Tzachi Hanegbi ha tenido que reconocer que: \u201cNo hemos logrado ninguno de los objetivos estrat\u00e9gicos de la guerra, no hay condiciones para un acuerdo de prisioneros, no hemos derrocado a Hamas ni permitido a los habitantes de la zona regresar a sus hogares de manera segura\u201d. La propia poblaci\u00f3n de Israel ha protagonizado masivas protestas en contra de la direcci\u00f3n militar de Netanyahu y sus m\u00faltiples derrotas en el campo de batalla<\/p>\n\n\n\n<p class=\"has-black-color has-text-color has-link-color wp-elements-50862f60fdb3afe904c3ecc1bb261456\">Intentaron vender las pasadas masacres cometidas en otro campo de refugiados, el de Jabalia, como una victoria militar. Se ufanaron de haber conquistado el control sobre esa porci\u00f3n del territorio. Pero fue justamente ah\u00ed, en la firme Jabalia, \u201cla ciudad de los h\u00e9roes\u201d donde una operaci\u00f3n de la Resistencia, dirigida por Hamas, logr\u00f3 emboscar y tomar nuevos soldados como prisioneros de guerra. Un golpe contundente en una guerra de este tipo y un importante signo de la ya sobradamente conocida superioridad militar del la Resistencia.<\/p>\n\n\n\n<p class=\"has-black-color has-text-color has-link-color wp-elements-0e1ff0e8705a8050266d0cb63705d7ab\">A nivel internacional, la solidaridad con la Resistencia Nacional Palestina y el rechazo al genocidio se han generalizado y fortalecido. La presi\u00f3n es creciente. Espa\u00f1a, Irlanda y Noruega han tenido que reconocer a Palestina como Estado y la Corte Penal Internacional ha tenido que dictar orden de captura contra Netanyahu. El gobierno de nuestro pa\u00eds, luego de m\u00e1s de seis meses de genocidio, por fin se vio obligado a romper relaciones diplom\u00e1ticas (no militares ni econ\u00f3micas) con Israel. Los anteriores hechos, que tienen m\u00e1s efectos simb\u00f3licos que pr\u00e1cticos, pueden ser reclamados como triunfos de la Resistencia Nacional Palestina y de los numerosos grupos y manifestaciones de solidaridad con la causa Palestina que se han generado y se contin\u00faan generando de manera masiva alrededor del mundo.<\/p>\n\n\n\n<p class=\"has-black-color has-text-color has-link-color wp-elements-8b8da17bed08d5a5869e8554af4b8ea8\">El suelo de Gaza ha sido ennoblecido con sangre de h\u00e9roes y muestra cu\u00e1l es \u201cla puerta a la victoria\u201d de los pueblos oprimidos. A trav\u00e9s de los golpes al sionismo le est\u00e1 dando golpes al imperialismo norteam\u00e9ricano, pues el sionismo es uno de sus tent\u00e1culos m\u00e1s putrefactos y virulentos. Hoy, con las \u00f3rdenes de captura que tambi\u00e9n emite la CPI sobre los l\u00edderes de Ham\u00e1s, se pone de manifiesto la cuesti\u00f3n del sagrado derecho de los pueblos a defender su libertad y su naci\u00f3n de la ocupaci\u00f3n, por los medios posibles y necesarios.<\/p>\n\n\n\n<p class=\"has-black-color has-text-color has-link-color wp-elements-11ad9f6a369af407a3348d29564c67a1\">Al respecto y para terminar, podr\u00edamos citar el llamado del Frente Popular para la Liberaci\u00f3n de Palestina: El Frente Popular llama a los amigos de Palestina y a los solidarios con nuestra justa causa a elevar el nivel de su activismo y ponerse a la altura de la batalla que libra nuestro pueblo en defensa de sus derechos y a potenciar todas las formas de lucha contra el enemigo sionista y sus aliados subrayando que nuestro pueblo libra la batalla de la humanidad contra la brutalidad, la barbarie y el genocidio, y no hay lugar para equ\u00edvocos en las posiciones.<\/p>\n","protected":false},"excerpt":{"rendered":"<p>Desenmascarado, el Estado sionista de Israel, nos obliga a presenciar nuevamente su teatro macabro. Luego de forzar sangrientamente a los heroicos palestinos de Gaza a concentrarse en Rafah afirmando que ese ser\u00eda un lugar seguro, sale a pedir perd\u00f3n porque nuevamente ha cometido un \u201ctr\u00e1gico error\u201d. \u00bfCu\u00e1l fue el error? Atacar un campo de refugiados [&hellip;]<\/p>\n","protected":false},"author":1,"featured_media":26385,"comment_status":"open","ping_status":"open","sticky":false,"template":"","format":"standard","meta":{"footnotes":""},"categories":[16,31,135],"tags":[],"class_list":["post-26384","post","type-post","status-publish","format-standard","has-post-thumbnail","hentry","category-carrusel","category-internacional","category-resistencia-palestina"],"blocksy_meta":[],"_links":{"self":[{"href":"https:\/\/nuevademocracia.com.co\/index.php?rest_route=\/wp\/v2\/posts\/26384","targetHints":{"allow":["GET"]}}],"collection":[{"href":"https:\/\/nuevademocracia.com.co\/index.php?rest_route=\/wp\/v2\/posts"}],"about":[{"href":"https:\/\/nuevademocracia.com.co\/index.php?rest_route=\/wp\/v2\/types\/post"}],"author":[{"embeddable":true,"href":"https:\/\/nuevademocracia.com.co\/index.php?rest_route=\/wp\/v2\/users\/1"}],"replies":[{"embeddable":true,"href":"https:\/\/nuevademocracia.com.co\/index.php?rest_route=%2Fwp%2Fv2%2Fcomments&post=26384"}],"version-history":[{"count":1,"href":"https:\/\/nuevademocracia.com.co\/index.php?rest_route=\/wp\/v2\/posts\/26384\/revisions"}],"predecessor-version":[{"id":26386,"href":"https:\/\/nuevademocracia.com.co\/index.php?rest_route=\/wp\/v2\/posts\/26384\/revisions\/26386"}],"wp:featuredmedia":[{"embeddable":true,"href":"https:\/\/nuevademocracia.com.co\/index.php?rest_route=\/wp\/v2\/media\/26385"}],"wp:attachment":[{"href":"https:\/\/nuevademocracia.com.co\/index.php?rest_route=%2Fwp%2Fv2%2Fmedia&parent=26384"}],"wp:term":[{"taxonomy":"category","embeddable":true,"href":"https:\/\/nuevademocracia.com.co\/index.php?rest_route=%2Fwp%2Fv2%2Fcategories&post=26384"},{"taxonomy":"post_tag","embeddable":true,"href":"https:\/\/nuevademocracia.com.co\/index.php?rest_route=%2Fwp%2Fv2%2Ftags&post=26384"}],"curies":[{"name":"wp","href":"https:\/\/api.w.org\/{rel}","templated":true}]}}