{"id":26409,"date":"2024-06-05T12:00:00","date_gmt":"2024-06-05T17:00:00","guid":{"rendered":"https:\/\/nuevademocracia.com.co\/?p=26409"},"modified":"2024-06-04T11:04:31","modified_gmt":"2024-06-04T16:04:31","slug":"nueva-cancion-de-barricada-y-el-frente-de-combate-cultural-fcc-somos-la-accion-del-hoy","status":"publish","type":"post","link":"https:\/\/nuevademocracia.com.co\/?p=26409","title":{"rendered":"Nueva canci\u00f3n de Barricada y el Frente de Combate Cultural &#8211; FCC: Somos la acci\u00f3n del hoy"},"content":{"rendered":"\n<p class=\"has-black-color has-text-color has-link-color wp-elements-8776efded46fc4d3be526b7b9338518c\">A continuaci\u00f3n compartimos una nueva canci\u00f3n popular del compa\u00f1ero Barricada y junto con el Frente de Combate Cultural &#8211; FCC: Somos la acci\u00f3n del hoy<\/p>\n\n\n\n<figure class=\"wp-block-embed is-type-video is-provider-youtube wp-block-embed-youtube wp-embed-aspect-16-9 wp-has-aspect-ratio\"><div class=\"wp-block-embed__wrapper\">\n<iframe loading=\"lazy\" title=\"Barricada &amp; FCC - Somos la acci\u00f3n del hoy\" width=\"1290\" height=\"726\" src=\"https:\/\/www.youtube.com\/embed\/tuVG28fxZQs?feature=oembed\" frameborder=\"0\" allow=\"accelerometer; autoplay; clipboard-write; encrypted-media; gyroscope; picture-in-picture; web-share\" referrerpolicy=\"strict-origin-when-cross-origin\" allowfullscreen><\/iframe>\n<\/div><figcaption class=\"wp-element-caption\"><em><mark style=\"background-color:rgba(0, 0, 0, 0)\" class=\"has-inline-color has-black-color\">\u00abPresentamos la primera canci\u00f3n del compa\u00f1ero Barricada en colaboraci\u00f3n con el Frente de Combate Cultural &#8211; FCC: Somos la acci\u00f3n del hoy. En esta canci\u00f3n, se hace un llamado a la juventud a continuar luchando por un futuro mejor, enfrentando \u201ceste sistema rapaz de empresarios y banqueros\u201d. Se resalta la necesidad de unirse y organizarse para luchar colectiva y combativamente por los derechos, bajo una l\u00ednea clasista e independiente, planteando una lucha frontal contra el oportunismo electorero: \u201cno le creas a los que nos mienten\u2026 falsas promesas cada cuatro a\u00f1os llegar\u00e1n\u201d. Tambi\u00e9n plantea una cr\u00edtica a la academia burguesa, que aleja a los j\u00f3venes de la necesidad de transformar la realidad, sea bajo la l\u00ednea de un supuesto \u201cpensamiento cr\u00edtico\u201d pero marginado de la acci\u00f3n transformadora y revolucionaria, o tambi\u00e9n buscando soluciones individuales de bienestar, ante lo cual afirma la necesidad de \u201cforjar el compromiso mutuo y la solidaridad\u201d. Invitamos a escucharla, disfrutarla y compartirla y que sea una herramienta de combate.\u00bb<\/mark><\/em><\/figcaption><\/figure>\n","protected":false},"excerpt":{"rendered":"<p>A continuaci\u00f3n compartimos una nueva canci\u00f3n popular del compa\u00f1ero Barricada y junto con el Frente de Combate Cultural &#8211; FCC: Somos la acci\u00f3n del hoy<\/p>\n","protected":false},"author":1,"featured_media":26410,"comment_status":"open","ping_status":"open","sticky":false,"template":"","format":"standard","meta":{"footnotes":""},"categories":[16,134],"tags":[],"class_list":["post-26409","post","type-post","status-publish","format-standard","has-post-thumbnail","hentry","category-carrusel","category-nueva-cultura"],"blocksy_meta":[],"_links":{"self":[{"href":"https:\/\/nuevademocracia.com.co\/index.php?rest_route=\/wp\/v2\/posts\/26409","targetHints":{"allow":["GET"]}}],"collection":[{"href":"https:\/\/nuevademocracia.com.co\/index.php?rest_route=\/wp\/v2\/posts"}],"about":[{"href":"https:\/\/nuevademocracia.com.co\/index.php?rest_route=\/wp\/v2\/types\/post"}],"author":[{"embeddable":true,"href":"https:\/\/nuevademocracia.com.co\/index.php?rest_route=\/wp\/v2\/users\/1"}],"replies":[{"embeddable":true,"href":"https:\/\/nuevademocracia.com.co\/index.php?rest_route=%2Fwp%2Fv2%2Fcomments&post=26409"}],"version-history":[{"count":4,"href":"https:\/\/nuevademocracia.com.co\/index.php?rest_route=\/wp\/v2\/posts\/26409\/revisions"}],"predecessor-version":[{"id":26414,"href":"https:\/\/nuevademocracia.com.co\/index.php?rest_route=\/wp\/v2\/posts\/26409\/revisions\/26414"}],"wp:featuredmedia":[{"embeddable":true,"href":"https:\/\/nuevademocracia.com.co\/index.php?rest_route=\/wp\/v2\/media\/26410"}],"wp:attachment":[{"href":"https:\/\/nuevademocracia.com.co\/index.php?rest_route=%2Fwp%2Fv2%2Fmedia&parent=26409"}],"wp:term":[{"taxonomy":"category","embeddable":true,"href":"https:\/\/nuevademocracia.com.co\/index.php?rest_route=%2Fwp%2Fv2%2Fcategories&post=26409"},{"taxonomy":"post_tag","embeddable":true,"href":"https:\/\/nuevademocracia.com.co\/index.php?rest_route=%2Fwp%2Fv2%2Ftags&post=26409"}],"curies":[{"name":"wp","href":"https:\/\/api.w.org\/{rel}","templated":true}]}}