{"id":26415,"date":"2024-06-07T11:16:07","date_gmt":"2024-06-07T16:16:07","guid":{"rendered":"https:\/\/nuevademocracia.com.co\/?p=26415"},"modified":"2024-06-07T11:20:15","modified_gmt":"2024-06-07T16:20:15","slug":"el-magisterio-continua-en-lucha-viva-la-cnte","status":"publish","type":"post","link":"https:\/\/nuevademocracia.com.co\/?p=26415","title":{"rendered":"M\u00e9xico: El magisterio contin\u00faa en lucha \u00a1Viva la CNTE!"},"content":{"rendered":"\n<figure class=\"wp-block-image aligncenter size-full is-resized\"><img loading=\"lazy\" decoding=\"async\" width=\"640\" height=\"480\" src=\"https:\/\/nuevademocracia.com.co\/wp-content\/uploads\/2024\/06\/image-5.png\" alt=\"\" class=\"wp-image-26416\" style=\"width:604px;height:auto\" srcset=\"https:\/\/nuevademocracia.com.co\/wp-content\/uploads\/2024\/06\/image-5.png 640w, https:\/\/nuevademocracia.com.co\/wp-content\/uploads\/2024\/06\/image-5-300x225.png 300w\" sizes=\"auto, (max-width: 640px) 100vw, 640px\" \/><\/figure>\n\n\n\n<p class=\"has-black-color has-text-color has-link-color wp-elements-1a7de049cb9d5bb72a0ef90c145faf91\">A continuaci\u00f3n compartimos un art\u00edculo encontrado en el <a href=\"https:\/\/heraldorojo.org\/2024\/06\/02\/el-magisterio-continua-en-lucha-viva-la-cnte\/\">Heraldo Rojo<\/a><\/p>\n\n\n\n<p class=\"has-black-color has-text-color has-link-color wp-elements-72baa446f5e105161d5399d0f8d12a65\">Se cumplen diecis\u00e9is d\u00edas desde el inicio del paro nacional indefinido de la Coordinadora Nacional de Trabajadores de la Educaci\u00f3n (CNTE) y estamos a dos d\u00edas del circo electorero de la gran burgues\u00eda. Para los de arriba el reloj sigue corriendo en su contra, para los de abajo el presente es de lucha.<\/p>\n\n\n\n<p class=\"has-black-color has-text-color has-link-color wp-elements-7d716dda837aaf1d717a67febff5a54c\">Desde el inicio del paro, el bur\u00f3crata de AMLO no mostr\u00f3 el menor inter\u00e9s en resolver las leg\u00edtimas demandas gremiales y de justicia del magisterio democr\u00e1tico. Las mesas ofrecidas por el gobierno federal y los gobiernos estatales \u00fanicamente han buscado administrar el conflicto tratando de obligar al magisterio a replegarse. La mesa ofrecida para el 4 de junio (dos d\u00edas despu\u00e9s de las elecciones) persigue el mismo fin.\u00a0<strong>\u00a1No le sali\u00f3 el tiro!<\/strong><\/p>\n\n\n\n<figure class=\"wp-block-image aligncenter size-full is-resized\"><img loading=\"lazy\" decoding=\"async\" width=\"744\" height=\"1024\" src=\"https:\/\/nuevademocracia.com.co\/wp-content\/uploads\/2024\/06\/image-6.png\" alt=\"\" class=\"wp-image-26417\" style=\"width:489px;height:auto\" srcset=\"https:\/\/nuevademocracia.com.co\/wp-content\/uploads\/2024\/06\/image-6.png 744w, https:\/\/nuevademocracia.com.co\/wp-content\/uploads\/2024\/06\/image-6-218x300.png 218w\" sizes=\"auto, (max-width: 744px) 100vw, 744px\" \/><\/figure>\n\n\n\n<p class=\"has-black-color has-text-color has-link-color wp-elements-5bb05f163dd69adf2154cd4866eaf048\">Tampoco le han resultado \u00fatiles las peroratas de sus lacayos oportunistas, reformistas y revisionistas variopintos que han tratado de desmovilizar a las bases combativas utilizando fraseolog\u00eda revolucionaria para luego llamar a \u201creplantearse las acciones\u201d. En medio de esta jornada de lucha los traidores de siempre solitos se han quemado con sus candidatos patito que \u201cobtuvieron el registro\u201d sent\u00e1ndose en el regazo de la socialdemocracia y la burgues\u00eda burocr\u00e1tica. Otros se toman fotos con politicastros que buscan seguir chupando la sangre del pueblo. Para justificarse dicen que las elecciones burguesas son una \u201cforma de lucha\u201d, pero las bases movilizadas saben que esos traidores trafican con los principios del movimiento para venderlo por un plato de lentejas. \u00a1Las elecciones burguesas no son la soluci\u00f3n!<\/p>\n\n\n\n<figure class=\"wp-block-image aligncenter size-full is-resized\"><img loading=\"lazy\" decoding=\"async\" width=\"640\" height=\"480\" src=\"https:\/\/nuevademocracia.com.co\/wp-content\/uploads\/2024\/06\/image-7.png\" alt=\"\" class=\"wp-image-26418\" style=\"width:466px;height:auto\" srcset=\"https:\/\/nuevademocracia.com.co\/wp-content\/uploads\/2024\/06\/image-7.png 640w, https:\/\/nuevademocracia.com.co\/wp-content\/uploads\/2024\/06\/image-7-300x225.png 300w\" sizes=\"auto, (max-width: 640px) 100vw, 640px\" \/><\/figure>\n\n\n\n<p class=\"has-black-color has-text-color has-link-color wp-elements-ae594aba4c4284c524dc291cc54d48c0\">El movimiento magisterial tiene una larga trayectoria de lucha clasista y las acciones de esta semana que est\u00e1 por concluir han sido contundentes en lugares como Michoac\u00e1n, Chiapas, Guerrero, Oaxaca y la CDMx. La toma permanente de las estaciones de PEMEX en Chiapas y Oaxaca, la liberaci\u00f3n de torniquetes y el paso libre a usuarios en el metro en la CDMx, la liberaci\u00f3n de casetas de peaje o el cierre de empresas trasnacionales, el retiro de propaganda electorera de todos los partidos y la toma permanente de las oficinas del INE en distintos estados de la rep\u00fablica, dan cuenta de ello.<\/p>\n\n\n\n<div class=\"wp-block-group is-nowrap is-layout-flex wp-container-core-group-is-layout-6c531013 wp-block-group-is-layout-flex\">\n<figure class=\"wp-block-image size-full\"><img loading=\"lazy\" decoding=\"async\" width=\"640\" height=\"360\" src=\"https:\/\/nuevademocracia.com.co\/wp-content\/uploads\/2024\/06\/image-8.png\" alt=\"\" class=\"wp-image-26419\" srcset=\"https:\/\/nuevademocracia.com.co\/wp-content\/uploads\/2024\/06\/image-8.png 640w, https:\/\/nuevademocracia.com.co\/wp-content\/uploads\/2024\/06\/image-8-300x169.png 300w\" sizes=\"auto, (max-width: 640px) 100vw, 640px\" \/><\/figure>\n\n\n\n<figure class=\"wp-block-image size-full\"><img loading=\"lazy\" decoding=\"async\" width=\"640\" height=\"480\" src=\"https:\/\/nuevademocracia.com.co\/wp-content\/uploads\/2024\/06\/image-9.png\" alt=\"\" class=\"wp-image-26420\" srcset=\"https:\/\/nuevademocracia.com.co\/wp-content\/uploads\/2024\/06\/image-9.png 640w, https:\/\/nuevademocracia.com.co\/wp-content\/uploads\/2024\/06\/image-9-300x225.png 300w\" sizes=\"auto, (max-width: 640px) 100vw, 640px\" \/><\/figure>\n<\/div>\n\n\n\n<div class=\"wp-block-group is-nowrap is-layout-flex wp-container-core-group-is-layout-6c531013 wp-block-group-is-layout-flex\">\n<figure class=\"wp-block-image size-full is-resized\"><img loading=\"lazy\" decoding=\"async\" width=\"640\" height=\"360\" src=\"https:\/\/nuevademocracia.com.co\/wp-content\/uploads\/2024\/06\/image-10.png\" alt=\"\" class=\"wp-image-26421\" style=\"width:416px;height:auto\" srcset=\"https:\/\/nuevademocracia.com.co\/wp-content\/uploads\/2024\/06\/image-10.png 640w, https:\/\/nuevademocracia.com.co\/wp-content\/uploads\/2024\/06\/image-10-300x169.png 300w\" sizes=\"auto, (max-width: 640px) 100vw, 640px\" \/><\/figure>\n\n\n\n<figure class=\"wp-block-image size-full\"><img loading=\"lazy\" decoding=\"async\" width=\"640\" height=\"360\" src=\"https:\/\/nuevademocracia.com.co\/wp-content\/uploads\/2024\/06\/image-11.png\" alt=\"\" class=\"wp-image-26422\" srcset=\"https:\/\/nuevademocracia.com.co\/wp-content\/uploads\/2024\/06\/image-11.png 640w, https:\/\/nuevademocracia.com.co\/wp-content\/uploads\/2024\/06\/image-11-300x169.png 300w\" sizes=\"auto, (max-width: 640px) 100vw, 640px\" \/><\/figure>\n<\/div>\n\n\n\n<figure class=\"wp-block-image aligncenter size-full\"><img loading=\"lazy\" decoding=\"async\" width=\"640\" height=\"360\" src=\"https:\/\/nuevademocracia.com.co\/wp-content\/uploads\/2024\/06\/image-12.png\" alt=\"\" class=\"wp-image-26423\" srcset=\"https:\/\/nuevademocracia.com.co\/wp-content\/uploads\/2024\/06\/image-12.png 640w, https:\/\/nuevademocracia.com.co\/wp-content\/uploads\/2024\/06\/image-12-300x169.png 300w\" sizes=\"auto, (max-width: 640px) 100vw, 640px\" \/><\/figure>\n\n\n\n<p class=\"has-black-color has-text-color has-link-color wp-elements-c03b0d160c88db72bb04a12ab84063e6\">La CNTE ha dejado claro en las calles que esta lucha es leg\u00edtima pues surge desde las bases, y ante la falta de respuestas satisfactorias, adem\u00e1s de las amenazas veladas y los condicionamientos del gobierno federal, el magisterio democr\u00e1tico ha acordado continuar de frente boicoteando la elecci\u00f3n con acciones de masas incluyendo la no instalaci\u00f3n de casillas en las escuelas p\u00fablicas.\u00a0<strong>\u00a1El magisterio contin\u00faa en lucha!<\/strong><\/p>\n\n\n\n<div class=\"wp-block-group is-nowrap is-layout-flex wp-container-core-group-is-layout-6c531013 wp-block-group-is-layout-flex\">\n<figure class=\"wp-block-image size-full is-resized\"><img loading=\"lazy\" decoding=\"async\" width=\"480\" height=\"640\" src=\"https:\/\/nuevademocracia.com.co\/wp-content\/uploads\/2024\/06\/image-13.png\" alt=\"\" class=\"wp-image-26424\" style=\"width:416px;height:auto\" srcset=\"https:\/\/nuevademocracia.com.co\/wp-content\/uploads\/2024\/06\/image-13.png 480w, https:\/\/nuevademocracia.com.co\/wp-content\/uploads\/2024\/06\/image-13-225x300.png 225w\" sizes=\"auto, (max-width: 480px) 100vw, 480px\" \/><\/figure>\n\n\n\n<figure class=\"wp-block-image size-full\"><img loading=\"lazy\" decoding=\"async\" width=\"480\" height=\"640\" src=\"https:\/\/nuevademocracia.com.co\/wp-content\/uploads\/2024\/06\/image-14.png\" alt=\"\" class=\"wp-image-26425\" srcset=\"https:\/\/nuevademocracia.com.co\/wp-content\/uploads\/2024\/06\/image-14.png 480w, https:\/\/nuevademocracia.com.co\/wp-content\/uploads\/2024\/06\/image-14-225x300.png 225w\" sizes=\"auto, (max-width: 480px) 100vw, 480px\" \/><\/figure>\n<\/div>\n\n\n\n<div class=\"wp-block-group is-nowrap is-layout-flex wp-container-core-group-is-layout-6c531013 wp-block-group-is-layout-flex\">\n<figure class=\"wp-block-image size-full\"><img loading=\"lazy\" decoding=\"async\" width=\"640\" height=\"288\" src=\"https:\/\/nuevademocracia.com.co\/wp-content\/uploads\/2024\/06\/image-15.png\" alt=\"\" class=\"wp-image-26426\" srcset=\"https:\/\/nuevademocracia.com.co\/wp-content\/uploads\/2024\/06\/image-15.png 640w, https:\/\/nuevademocracia.com.co\/wp-content\/uploads\/2024\/06\/image-15-300x135.png 300w\" sizes=\"auto, (max-width: 640px) 100vw, 640px\" \/><\/figure>\n\n\n\n<figure class=\"wp-block-image size-full\"><img loading=\"lazy\" decoding=\"async\" width=\"640\" height=\"360\" src=\"https:\/\/nuevademocracia.com.co\/wp-content\/uploads\/2024\/06\/image-16.png\" alt=\"\" class=\"wp-image-26427\" srcset=\"https:\/\/nuevademocracia.com.co\/wp-content\/uploads\/2024\/06\/image-16.png 640w, https:\/\/nuevademocracia.com.co\/wp-content\/uploads\/2024\/06\/image-16-300x169.png 300w\" sizes=\"auto, (max-width: 640px) 100vw, 640px\" \/><\/figure>\n<\/div>\n\n\n\n<p class=\"has-black-color has-text-color has-link-color wp-elements-0651d728e776002f8d5f5480d96e5963\">AMLO fij\u00f3 la mesa di\u00e1logo hasta el d\u00eda 4 de junio, y la Asamblea Nacional Representativa (ANR) de la CNTE llama a acordonar palacio nacional ese mismo d\u00eda para coberturar la mesa de di\u00e1logo que sostendr\u00e1 la Comisi\u00f3n Nacional \u00danica de Negociaci\u00f3n (CNUN) con el gobierno federal.<\/p>\n\n\n\n<p class=\"has-black-color has-text-color has-link-color wp-elements-0d6f19dbcb05285e82cc25b3c6db388c\">Justamente hoy la CNTE desarrolla una movilizaci\u00f3n masiva en la CDMx y como ya se ha visto, el pueblo saluda las acciones del magisterio democr\u00e1tico al paso de sus distintas movilizaciones. Desde las banquetas es com\u00fan atestiguar el aplauso de los trabajadores, la bendici\u00f3n de las madres de familia que hacen sus quehaceres, los gritos o las cartulinas de los estudiantes reconociendo el esfuerzo de sus maestros y hasta el apoyo de los conductores haciendo sonar sus cl\u00e1xones.&nbsp;<\/p>\n\n\n\n<div class=\"wp-block-group is-nowrap is-layout-flex wp-container-core-group-is-layout-6c531013 wp-block-group-is-layout-flex\">\n<figure class=\"wp-block-image size-full\"><img loading=\"lazy\" decoding=\"async\" width=\"640\" height=\"640\" src=\"https:\/\/nuevademocracia.com.co\/wp-content\/uploads\/2024\/06\/image-17.png\" alt=\"\" class=\"wp-image-26428\" srcset=\"https:\/\/nuevademocracia.com.co\/wp-content\/uploads\/2024\/06\/image-17.png 640w, https:\/\/nuevademocracia.com.co\/wp-content\/uploads\/2024\/06\/image-17-300x300.png 300w, https:\/\/nuevademocracia.com.co\/wp-content\/uploads\/2024\/06\/image-17-150x150.png 150w\" sizes=\"auto, (max-width: 640px) 100vw, 640px\" \/><\/figure>\n\n\n\n<figure class=\"wp-block-image size-full\"><img loading=\"lazy\" decoding=\"async\" width=\"640\" height=\"288\" src=\"https:\/\/nuevademocracia.com.co\/wp-content\/uploads\/2024\/06\/image-18.png\" alt=\"\" class=\"wp-image-26429\" srcset=\"https:\/\/nuevademocracia.com.co\/wp-content\/uploads\/2024\/06\/image-18.png 640w, https:\/\/nuevademocracia.com.co\/wp-content\/uploads\/2024\/06\/image-18-300x135.png 300w\" sizes=\"auto, (max-width: 640px) 100vw, 640px\" \/><\/figure>\n<\/div>\n\n\n\n<figure class=\"wp-block-image aligncenter size-full\"><img loading=\"lazy\" decoding=\"async\" width=\"640\" height=\"480\" src=\"https:\/\/nuevademocracia.com.co\/wp-content\/uploads\/2024\/06\/image-19.png\" alt=\"\" class=\"wp-image-26430\" srcset=\"https:\/\/nuevademocracia.com.co\/wp-content\/uploads\/2024\/06\/image-19.png 640w, https:\/\/nuevademocracia.com.co\/wp-content\/uploads\/2024\/06\/image-19-300x225.png 300w\" sizes=\"auto, (max-width: 640px) 100vw, 640px\" \/><\/figure>\n\n\n\n<p class=\"has-black-color has-text-color has-link-color wp-elements-fc9378f26c144c35b181bc6673a4852f\">\u00bfQui\u00e9nes se quejan de las presuntas \u201cafectaciones\u201d de este paro? Las grandes cadenas holeteleras y restauranteras, los grandes centros comerciales, la banca, los partidos electoreros y sus candidatos. Es decir: las clases parasitarias que explotan y oprimen al pueblo.<\/p>\n\n\n\n<p class=\"has-text-align-center has-black-color has-text-color has-link-color wp-elements-2428fa0250c68797a2ffc4e023522400\"><strong>\u00a1Abajo la contrarreforma educativa EPN-AMLO!<\/strong><\/p>\n\n\n\n<p class=\"has-text-align-center has-black-color has-text-color has-link-color wp-elements-90bcee18c3f79bb336c81b28b04bbd8b\"><strong>\u00a1Abrogaci\u00f3n de la Ley del ISSSTE!<\/strong><\/p>\n\n\n\n<p class=\"has-text-align-center has-black-color has-text-color has-link-color wp-elements-f313c755254a34fb717bf501a10bea30\"><strong>\u00a1Abrogaci\u00f3n de la USICAMM!<\/strong><\/p>\n\n\n\n<p class=\"has-text-align-center has-black-color has-text-color has-link-color wp-elements-7079ae9420e154843f074e2eb6d71532\"><strong>\u00a1En defensa de la jubilaci\u00f3n y pensi\u00f3n solidaria!<\/strong><\/p>\n\n\n\n<p class=\"has-text-align-center has-black-color has-text-color has-link-color wp-elements-aad4e5ffe6d35abf604ebd6f84fd3e22\"><strong>\u00a1Aumento salarial emergente del 100%!<\/strong><\/p>\n\n\n\n<p class=\"has-text-align-center has-black-color has-text-color has-link-color wp-elements-5815fcb9c5c907f494417ea252a8e773\"><strong>\u00a1Uniformes y \u00fatiles escolares gratuitos!<\/strong><\/p>\n\n\n\n<p class=\"has-text-align-center has-black-color has-text-color has-link-color wp-elements-ebcb7d48b8ddaf2d16afc0a1f2de7538\"><strong>\u00a1Becas para todos los hijos del pueblo trabajador!<\/strong><\/p>\n\n\n\n<p class=\"has-text-align-center has-black-color has-text-color has-link-color wp-elements-ee343f95201d08c86c0b4c4b3a9c4186\"><strong>\u00a1Construcci\u00f3n y reconstrucci\u00f3n de escuelas p\u00fablicas!<\/strong><\/p>\n\n\n\n<p class=\"has-text-align-center has-black-color has-text-color has-link-color wp-elements-cbff68071e7386b68e3f2167c579495f\"><strong>\u00a1Libertad a los presos pol\u00edticos, presentaci\u00f3n con vida de los desaparecidos!<\/strong><\/p>\n\n\n\n<p class=\"has-text-align-center has-black-color has-text-color has-link-color wp-elements-8dd50550a2ca52e9465c72d86bbb539c\">&nbsp;<strong>\u00a1Justicia para los compa\u00f1eros asesinados!<\/strong><\/p>\n\n\n\n<p class=\"has-text-align-center has-black-color has-text-color has-link-color wp-elements-8470e8cdd3c3c30029e483b070d7298c\"><strong>\u00a1Castigo a los autores materiales intelectuales de la represi\u00f3n!<\/strong><\/p>\n\n\n\n<p class=\"has-text-align-center has-black-color has-text-color has-link-color wp-elements-d9ac70750e803e5446a610d1964ccd57\"><strong>\u00a1Alto al terrorismo de Estado!<\/strong><\/p>\n\n\n\n<p class=\"has-text-align-center has-black-color has-text-color has-link-color wp-elements-5da4f2fb8c8d53754d931e3faa02ba5a\"><strong>\u00a1Frenar la guerra contra el pueblo!<\/strong><\/p>\n\n\n\n<p class=\"has-text-align-center has-black-color has-text-color has-link-color wp-elements-e5de94361b4c4f9519f1a4bf49a32d66\"><strong>\u00a1No votar, organizarse y luchar!<\/strong><\/p>\n\n\n\n<p class=\"has-text-align-center has-black-color has-text-color has-link-color wp-elements-5fae83d28818b1a10f1feea6dfb79b7f\"><strong>\u00a1Hacer del paro una Huelga Nacional magisterial-popular!<\/strong><\/p>\n\n\n\n<p class=\"has-text-align-center has-black-color has-text-color has-link-color wp-elements-22f45e0f4aabc1b134d0b5425e6de4e7\"><strong>\u00a1Boicot total a la farsa electoral!<\/strong><\/p>\n\n\n\n<p class=\"has-text-align-center has-black-color has-text-color has-link-color wp-elements-b7b5b88ef3020a283e6163a1de22db50\"><strong>\u00a1Viva el magisterio democr\u00e1tico!<\/strong><\/p>\n\n\n\n<p class=\"has-text-align-center has-black-color has-text-color has-link-color wp-elements-fc5a5e3689ddd5dd1309ad4c70f69e7e\"><strong>\u00a1Viva la Coordinadora Nacional de Trabajadores de la Educaci\u00f3n!<\/strong><\/p>\n","protected":false},"excerpt":{"rendered":"<p>A continuaci\u00f3n compartimos un art\u00edculo encontrado en el Heraldo Rojo Se cumplen diecis\u00e9is d\u00edas desde el inicio del paro nacional indefinido de la Coordinadora Nacional de Trabajadores de la Educaci\u00f3n (CNTE) y estamos a dos d\u00edas del circo electorero de la gran burgues\u00eda. Para los de arriba el reloj sigue corriendo en su contra, para [&hellip;]<\/p>\n","protected":false},"author":1,"featured_media":26416,"comment_status":"open","ping_status":"open","sticky":false,"template":"","format":"standard","meta":{"footnotes":""},"categories":[31],"tags":[],"class_list":["post-26415","post","type-post","status-publish","format-standard","has-post-thumbnail","hentry","category-internacional"],"blocksy_meta":[],"_links":{"self":[{"href":"https:\/\/nuevademocracia.com.co\/index.php?rest_route=\/wp\/v2\/posts\/26415","targetHints":{"allow":["GET"]}}],"collection":[{"href":"https:\/\/nuevademocracia.com.co\/index.php?rest_route=\/wp\/v2\/posts"}],"about":[{"href":"https:\/\/nuevademocracia.com.co\/index.php?rest_route=\/wp\/v2\/types\/post"}],"author":[{"embeddable":true,"href":"https:\/\/nuevademocracia.com.co\/index.php?rest_route=\/wp\/v2\/users\/1"}],"replies":[{"embeddable":true,"href":"https:\/\/nuevademocracia.com.co\/index.php?rest_route=%2Fwp%2Fv2%2Fcomments&post=26415"}],"version-history":[{"count":2,"href":"https:\/\/nuevademocracia.com.co\/index.php?rest_route=\/wp\/v2\/posts\/26415\/revisions"}],"predecessor-version":[{"id":26433,"href":"https:\/\/nuevademocracia.com.co\/index.php?rest_route=\/wp\/v2\/posts\/26415\/revisions\/26433"}],"wp:featuredmedia":[{"embeddable":true,"href":"https:\/\/nuevademocracia.com.co\/index.php?rest_route=\/wp\/v2\/media\/26416"}],"wp:attachment":[{"href":"https:\/\/nuevademocracia.com.co\/index.php?rest_route=%2Fwp%2Fv2%2Fmedia&parent=26415"}],"wp:term":[{"taxonomy":"category","embeddable":true,"href":"https:\/\/nuevademocracia.com.co\/index.php?rest_route=%2Fwp%2Fv2%2Fcategories&post=26415"},{"taxonomy":"post_tag","embeddable":true,"href":"https:\/\/nuevademocracia.com.co\/index.php?rest_route=%2Fwp%2Fv2%2Ftags&post=26415"}],"curies":[{"name":"wp","href":"https:\/\/api.w.org\/{rel}","templated":true}]}}