{"id":26432,"date":"2024-06-07T11:27:27","date_gmt":"2024-06-07T16:27:27","guid":{"rendered":"https:\/\/nuevademocracia.com.co\/?p=26432"},"modified":"2024-06-07T11:27:27","modified_gmt":"2024-06-07T16:27:27","slug":"una-mirada-sobre-los-ultimos-desarrollos-en-brasil","status":"publish","type":"post","link":"https:\/\/nuevademocracia.com.co\/?p=26432","title":{"rendered":"Una mirada sobre los \u00faltimos desarrollos en Brasil"},"content":{"rendered":"\n<p class=\"has-black-color has-text-color has-link-color wp-elements-2d32584705d18b9e5e1b4a4c296f6ae9\">Compartimos un art\u00edculo encontrado en el\u00a0<a href=\"https:\/\/heraldorojo.org\/2024\/05\/30\/una-mirada-sobre-los-ultimos-desarrollos-en-brasil\/\">Heraldo Rojo<\/a><\/p>\n\n\n\n<p class=\"has-black-color has-text-color has-link-color wp-elements-2361f29087b6ae3a62942e977ddadfe9\">A continuaci\u00f3n presentamos un resumen de varias noticias desde Brasil publicadas por el peri\u00f3dico A Nova Democracia.<\/p>\n\n\n\n<p class=\"has-black-color has-text-color has-link-color wp-elements-0a83f71312eb8d91039469384330f97a\">El evento del\u00a0<a href=\"https:\/\/anovademocracia.com.br\/pe-evento-no-1-de-maio-e-marcado-por-denuncias-ao-latifundio-e-homenagem-aos-posseiros-de-barro-branco\/\">1\u00ba de Mayo\u00a0<\/a><a href=\"https:\/\/anovademocracia.com.br\/pe-evento-no-1-de-maio-e-marcado-por-denuncias-ao-latifundio-e-homenagem-aos-posseiros-de-barro-branco\/\">en Recife<\/a><a href=\"https:\/\/anovademocracia.com.br\/pe-evento-no-1-de-maio-e-marcado-por-denuncias-ao-latifundio-e-homenagem-aos-posseiros-de-barro-branco\/\">\u00a0<\/a>fue marcado por las denuncias al latifundio y en homenaje a los ocupantes de Barro Branco. El evento comenz\u00f3 con una marcha para agitar por el 1\u00ba de Mayo, donde se concienci\u00f3 de la importancia de la prensa popular, vendi\u00e9ndose peri\u00f3dicos y recaudando dinero para los ocupantes de Mata Sul \u2013 PE. Posteriormente, se hicieron charlas denunciando al viejo estado o sobre los ocupantes de Barro Branco\/Jaquiera (PE) contra el latifundio de la empresa Agropecu\u00e1ria Mata Sul Ltda. Tambi\u00e9n un abogado de Abrapo mencion\u00f3 que a pesar de las amenazas de muerte y el intento de represi\u00f3n, lograron retomar el 18 de marzo las fuentes de agua que el latifundio hab\u00eda robado y enfrentarse a los pistoleros.<\/p>\n\n\n\n<figure class=\"wp-block-image aligncenter size-full\"><img loading=\"lazy\" decoding=\"async\" width=\"800\" height=\"534\" src=\"https:\/\/nuevademocracia.com.co\/wp-content\/uploads\/2024\/06\/image-20.png\" alt=\"\" class=\"wp-image-26434\" srcset=\"https:\/\/nuevademocracia.com.co\/wp-content\/uploads\/2024\/06\/image-20.png 800w, https:\/\/nuevademocracia.com.co\/wp-content\/uploads\/2024\/06\/image-20-300x200.png 300w, https:\/\/nuevademocracia.com.co\/wp-content\/uploads\/2024\/06\/image-20-768x513.png 768w\" sizes=\"auto, (max-width: 800px) 100vw, 800px\" \/><figcaption class=\"wp-element-caption\"><em><mark style=\"background-color:rgba(0, 0, 0, 0)\" class=\"has-inline-color has-black-color\">Marcha en Recife. Fuente: A Nova Democracia<\/mark><\/em><\/figcaption><\/figure>\n\n\n\n<p class=\"has-black-color has-text-color has-link-color wp-elements-8b4a60f4cdf9efd8425c9825ea7f5194\">M\u00e1s de\u00a0<a href=\"https:\/\/anovademocracia.com.br\/mais-de-200-entidades-e-personalidades-exigem-reabertura-ja-da-comissao-especial-sobre-mortos-e-desaparecidos-do-regime-militar-fascista\/\">200 entidades\u00a0<\/a>y personalidades exigen la reapertura inmediata de la Comisi\u00f3n Especial sobre Muertos y Desaparecidos del r\u00e9gimen militar fascista. El acto pol\u00edtico promovido por A Nova Democracia que tuvo lugar el 25 de abril, como ya se report\u00f3, fue el impulsor de estas firmas.<\/p>\n\n\n\n<figure class=\"wp-block-image aligncenter size-full\"><img loading=\"lazy\" decoding=\"async\" width=\"1024\" height=\"682\" src=\"https:\/\/nuevademocracia.com.co\/wp-content\/uploads\/2024\/06\/image-21.png\" alt=\"\" class=\"wp-image-26435\" srcset=\"https:\/\/nuevademocracia.com.co\/wp-content\/uploads\/2024\/06\/image-21.png 1024w, https:\/\/nuevademocracia.com.co\/wp-content\/uploads\/2024\/06\/image-21-300x200.png 300w, https:\/\/nuevademocracia.com.co\/wp-content\/uploads\/2024\/06\/image-21-768x512.png 768w\" sizes=\"auto, (max-width: 1024px) 100vw, 1024px\" \/><figcaption class=\"wp-element-caption\"><em><mark style=\"background-color:rgba(0, 0, 0, 0)\" class=\"has-inline-color has-black-color\">Acto pol\u00edtico para aprobar la reapertura de la Comisi\u00f3n Especial sobre Muertos y Desaparecidos. Fuente: A Nova Democracia<\/mark><\/em><\/figcaption><\/figure>\n\n\n\n<p class=\"has-black-color has-text-color has-link-color wp-elements-8820aec146770149abbf35068e82d70d\">El 25 de mayo, los estudiantes de la Universidad Federal de S\u00e3o Paulo hicieron un&nbsp;<a href=\"https:\/\/anovademocracia.com.br\/sp-luiz-inacio-e-recebido-pela-revolta-dos-estudantes\/\">escrache a Luiz In\u00e1cio da Silva&nbsp;<\/a>cuando acud\u00eda a la universidad para dar un discurso. Los estudiantes condenaron p\u00fablicamente los recortes en los fondos de educaci\u00f3n y exigieron la recomposici\u00f3n presupuestaria de las facultades federales, y otros asuntos de \u00e1mbito nacional como el marco fiscal, la \u201cnueva\u201d educaci\u00f3n secundaria (NEM) contra la polic\u00eda Militar y en defensa de la resistencia nacional palestina. La universidad lleva desde el 18 de marzo en huelga, que involucra a estudiantes, profesores y otros empleados.<\/p>\n\n\n\n<p class=\"has-black-color has-text-color has-link-color wp-elements-da1ae32c231e2372765530c8c15f1cd4\">Las protestas comenzaron el d\u00eda anterior, ocupando un edificio dentro del campus. Se hicieron pancartas, carteles, se pusieron banderas palestinas y se hizo una concentraci\u00f3n durante la ma\u00f1ana del escrache, donde repartieron panfletos que hablaban de los recortes y la NEM. Aunque diferentes cuerpos de represi\u00f3n intentaron detenerlos, las actitud combativa de los estudiantes continu\u00f3 y consiguieron situarse con una pancarta que dec\u00eda \u201c\u00a1Detener los recortes de los fondos con una huelga de ocupaci\u00f3n!\u201d delante del discurso de Lula, tapando la visi\u00f3n a las c\u00e1maras de los medios oficiales.<\/p>\n\n\n\n<figure class=\"wp-block-image aligncenter size-full\"><img loading=\"lazy\" decoding=\"async\" width=\"875\" height=\"540\" src=\"https:\/\/nuevademocracia.com.co\/wp-content\/uploads\/2024\/06\/image-22.png\" alt=\"\" class=\"wp-image-26436\" srcset=\"https:\/\/nuevademocracia.com.co\/wp-content\/uploads\/2024\/06\/image-22.png 875w, https:\/\/nuevademocracia.com.co\/wp-content\/uploads\/2024\/06\/image-22-300x185.png 300w, https:\/\/nuevademocracia.com.co\/wp-content\/uploads\/2024\/06\/image-22-768x474.png 768w\" sizes=\"auto, (max-width: 875px) 100vw, 875px\" \/><figcaption class=\"wp-element-caption\"><em><mark style=\"background-color:rgba(0, 0, 0, 0)\" class=\"has-inline-color has-black-color\">Pancarta tapando el discurso de da Silva. Fuente: A Nova Democracia<\/mark><\/em><\/figcaption><\/figure>\n\n\n\n<p class=\"has-black-color has-text-color has-link-color wp-elements-fb9b072e4d6e149f981874605e9dbf50\">El Movimiento de Acad\u00e9micos Independientes (MBI) denunci\u00f3 la precariedad de la asistencia estudiantil en la Universidad Estatal de Minas Gerais, que est\u00e1 gestionada por una entidad privada. Se ha denunciado las \u201cpr\u00e1cticas\u201d obligatorias de los estudiantes, que funcionan como trabajo a tiempo parcial pero sin contar con derechos laborales como vacaciones, bono transporte completo o bono de alimentaci\u00f3n, y todo ello por casi un tercio del salario m\u00ednimo.<\/p>\n\n\n\n<p class=\"has-black-color has-text-color has-link-color wp-elements-4341448571dc84d91d92ae94ea4122bc\">En el art\u00edculo puede encontrar tambi\u00e9n la carta abierta del MBI:<\/p>\n\n\n\n<blockquote class=\"wp-block-quote is-layout-flow wp-block-quote-is-layout-flow\">\n<p class=\"has-black-color has-text-color has-link-color wp-elements-780c89b9e7224c82db113a1d963dfd66\"><a href=\"https:\/\/anovademocracia.com.br\/mg-movimento-de-bolsistas-independentes-denuncia-precarizacao-da-assistencia-estudantil\/\">MG: Movimento de Bolsistas Independentes den\u00fancia precariza\u00e7\u00e3o da assist\u00eancia estudantil<\/a><\/p>\n<\/blockquote>\n\n\n\n<figure class=\"wp-block-embed is-type-wp-embed is-provider-a-nova-democracia wp-block-embed-a-nova-democracia\"><div class=\"wp-block-embed__wrapper\">\n<blockquote class=\"wp-embedded-content\" data-secret=\"RHmhR1BH2A\"><a href=\"https:\/\/anovademocracia.com.br\/mg-movimento-de-bolsistas-independentes-denuncia-precarizacao-da-assistencia-estudantil\/\">MG: Movimento de Bolsistas Independentes den\u00fancia precariza\u00e7\u00e3o da assist\u00eancia estudantil<\/a><\/blockquote><iframe loading=\"lazy\" class=\"wp-embedded-content\" sandbox=\"allow-scripts\" security=\"restricted\" style=\"position: absolute; visibility: hidden;\" title=\"&#8220;MG: Movimento de Bolsistas Independentes den\u00fancia precariza\u00e7\u00e3o da assist\u00eancia estudantil&#8221; &#8212; A Nova Democracia\" src=\"https:\/\/anovademocracia.com.br\/mg-movimento-de-bolsistas-independentes-denuncia-precarizacao-da-assistencia-estudantil\/embed\/#?secret=Za4VB8Sx9D#?secret=RHmhR1BH2A\" data-secret=\"RHmhR1BH2A\" width=\"600\" height=\"338\" frameborder=\"0\" marginwidth=\"0\" marginheight=\"0\" scrolling=\"no\"><\/iframe>\n<\/div><\/figure>\n\n\n\n<p class=\"has-black-color has-text-color has-link-color wp-elements-6131027046bb529ae0b90a9aa4d7dd3b\">En la Universidad Federal de Rio de Janeiro se ha convocado\u00a0<a href=\"https:\/\/anovademocracia.com.br\/rj-greve-estudantil-e-aprovada-na-ufrj\/\">una huelga estudiantil<\/a>\u00a0en una asamblea con m\u00e1s de 500 estudiantes. La huelga comenzar\u00e1 el 11 de junio. El derrumbamiento del techo de la Facultad de Danza, la falta de agua potable y el riesgo de incendio en el instituto de Filosof\u00eda y Ciencias Sociales, junto a la falta de financiamiento para la educaci\u00f3n a nivel nacional, ha agravado la situaci\u00f3n llevando a esta huelga.<\/p>\n\n\n\n<figure class=\"wp-block-image aligncenter size-full\"><img loading=\"lazy\" decoding=\"async\" width=\"800\" height=\"600\" src=\"https:\/\/nuevademocracia.com.co\/wp-content\/uploads\/2024\/06\/image-23.png\" alt=\"\" class=\"wp-image-26437\" srcset=\"https:\/\/nuevademocracia.com.co\/wp-content\/uploads\/2024\/06\/image-23.png 800w, https:\/\/nuevademocracia.com.co\/wp-content\/uploads\/2024\/06\/image-23-300x225.png 300w, https:\/\/nuevademocracia.com.co\/wp-content\/uploads\/2024\/06\/image-23-768x576.png 768w\" sizes=\"auto, (max-width: 800px) 100vw, 800px\" \/><figcaption class=\"wp-element-caption\"><em><mark style=\"background-color:rgba(0, 0, 0, 0)\" class=\"has-inline-color has-black-color\">Asamblea estudiantil aprobando la huelga. Fuente: A Nova Democracia<\/mark><\/em><\/figcaption><\/figure>\n\n\n\n<p class=\"has-black-color has-text-color has-link-color wp-elements-65a45de5c35104c8910b720149468c94\">Los Profesores de la\u00a0<a href=\"https:\/\/anovademocracia.com.br\/professores-da-uemg-realizam-manifestacao-e-votam-por-continuar-a-greve\/\">UEMG<\/a>\u00a0(Universidad del Estado de Minas Gerais) han decididoo en una asamblea continuar la huelga. Esta asamblea reuni\u00f3 a profesores de 13 departamentos, y se denunci\u00f3 la falta de predisposici\u00f3n por parte del gobierno del Estado para negociar y las amenazas de recortes adicionales en las n\u00f3minas. Su huelga contin\u00faa desde el 2 de mayo.<\/p>\n\n\n\n<figure class=\"wp-block-image aligncenter size-full\"><img loading=\"lazy\" decoding=\"async\" width=\"848\" height=\"476\" src=\"https:\/\/nuevademocracia.com.co\/wp-content\/uploads\/2024\/06\/image-24.png\" alt=\"\" class=\"wp-image-26438\" srcset=\"https:\/\/nuevademocracia.com.co\/wp-content\/uploads\/2024\/06\/image-24.png 848w, https:\/\/nuevademocracia.com.co\/wp-content\/uploads\/2024\/06\/image-24-300x168.png 300w, https:\/\/nuevademocracia.com.co\/wp-content\/uploads\/2024\/06\/image-24-768x431.png 768w\" sizes=\"auto, (max-width: 848px) 100vw, 848px\" \/><figcaption class=\"wp-element-caption\"><em><mark style=\"background-color:rgba(0, 0, 0, 0)\" class=\"has-inline-color has-black-color\">Asamblea de la UEMG. Fuente: A Nova Democracia<\/mark><\/em><\/figcaption><\/figure>\n","protected":false},"excerpt":{"rendered":"<p>Compartimos un art\u00edculo encontrado en el\u00a0Heraldo Rojo A continuaci\u00f3n presentamos un resumen de varias noticias desde Brasil publicadas por el peri\u00f3dico A Nova Democracia. El evento del\u00a01\u00ba de Mayo\u00a0en Recife\u00a0fue marcado por las denuncias al latifundio y en homenaje a los ocupantes de Barro Branco. El evento comenz\u00f3 con una marcha para agitar por el [&hellip;]<\/p>\n","protected":false},"author":1,"featured_media":26436,"comment_status":"open","ping_status":"open","sticky":false,"template":"","format":"standard","meta":{"footnotes":""},"categories":[31],"tags":[],"class_list":["post-26432","post","type-post","status-publish","format-standard","has-post-thumbnail","hentry","category-internacional"],"blocksy_meta":[],"_links":{"self":[{"href":"https:\/\/nuevademocracia.com.co\/index.php?rest_route=\/wp\/v2\/posts\/26432","targetHints":{"allow":["GET"]}}],"collection":[{"href":"https:\/\/nuevademocracia.com.co\/index.php?rest_route=\/wp\/v2\/posts"}],"about":[{"href":"https:\/\/nuevademocracia.com.co\/index.php?rest_route=\/wp\/v2\/types\/post"}],"author":[{"embeddable":true,"href":"https:\/\/nuevademocracia.com.co\/index.php?rest_route=\/wp\/v2\/users\/1"}],"replies":[{"embeddable":true,"href":"https:\/\/nuevademocracia.com.co\/index.php?rest_route=%2Fwp%2Fv2%2Fcomments&post=26432"}],"version-history":[{"count":2,"href":"https:\/\/nuevademocracia.com.co\/index.php?rest_route=\/wp\/v2\/posts\/26432\/revisions"}],"predecessor-version":[{"id":26440,"href":"https:\/\/nuevademocracia.com.co\/index.php?rest_route=\/wp\/v2\/posts\/26432\/revisions\/26440"}],"wp:featuredmedia":[{"embeddable":true,"href":"https:\/\/nuevademocracia.com.co\/index.php?rest_route=\/wp\/v2\/media\/26436"}],"wp:attachment":[{"href":"https:\/\/nuevademocracia.com.co\/index.php?rest_route=%2Fwp%2Fv2%2Fmedia&parent=26432"}],"wp:term":[{"taxonomy":"category","embeddable":true,"href":"https:\/\/nuevademocracia.com.co\/index.php?rest_route=%2Fwp%2Fv2%2Fcategories&post=26432"},{"taxonomy":"post_tag","embeddable":true,"href":"https:\/\/nuevademocracia.com.co\/index.php?rest_route=%2Fwp%2Fv2%2Ftags&post=26432"}],"curies":[{"name":"wp","href":"https:\/\/api.w.org\/{rel}","templated":true}]}}