{"id":26441,"date":"2024-06-08T14:00:00","date_gmt":"2024-06-08T19:00:00","guid":{"rendered":"https:\/\/nuevademocracia.com.co\/?p=26441"},"modified":"2024-06-07T12:06:43","modified_gmt":"2024-06-07T17:06:43","slug":"formamos-la-barricada-de-los-pueblos-pobres-y-oprimidos-contra-la-agresion-imperialista-la-liga-antiimperialista-anuncia-su-fundacion","status":"publish","type":"post","link":"https:\/\/nuevademocracia.com.co\/?p=26441","title":{"rendered":"\u00abFormamos la barricada de los pueblos pobres y oprimidos contra la agresi\u00f3n imperialista\u00bb: la Liga Antiimperialista anuncia su fundaci\u00f3n"},"content":{"rendered":"\n<p class=\"has-black-color has-text-color has-link-color wp-elements-da79c0f20300d8b6afadb93607dbecf9\">Publicamos una traducci\u00f3n no oficial de un art\u00edculo de\u00a0<a href=\"https:\/\/anovademocracia.com.br\/formamos-a-barricada-dos-pobres-e-oprimidos-contra-a-agressao-imperialista-liga-anti-imperialista-anuncia-fundacao\/\">A Nova Democracia<\/a>.<\/p>\n\n\n\n<p class=\"has-black-color has-text-color has-link-color wp-elements-60a47ac2fa8851550cbbf88eb98faa35\">El comit\u00e9 organizador de la LAI est\u00e1 formado por el Frente Revolucionario de Defensa de los Derechos del Pueblo (Brasil), la organizaci\u00f3n Partizan (Turqu\u00eda), el Frente de Defensa de Luchas del Pueblo (Ecuador), la Corriente del Pueblo &#8211; Sol Rojo (CP-SR) (M\u00e9xico).<\/p>\n\n\n\n<hr class=\"wp-block-separator has-text-color has-black-color has-alpha-channel-opacity has-black-background-color has-background\"\/>\n\n\n\n<figure class=\"wp-block-image aligncenter size-full is-resized\"><img loading=\"lazy\" decoding=\"async\" width=\"300\" height=\"200\" src=\"https:\/\/nuevademocracia.com.co\/wp-content\/uploads\/2024\/06\/image-25.png\" alt=\"\" class=\"wp-image-26443\" style=\"width:479px;height:auto\"\/><\/figure>\n\n\n\n<p><\/p>\n\n\n\n<p class=\"has-black-color has-text-color has-link-color wp-elements-7a992cb4f6ffb2c546675f4e550ff599\">Tres documentos publicados el 3 de junio en el portal de la <a href=\"https:\/\/ail-red.com\/\">Liga Antiimperialista (LAI)<\/a> y recogidos en el portal de noticias <a href=\"https:\/\/heraldorojo.org\/\">El Heraldo Rojo<\/a> anunciaban la fundaci\u00f3n de la Liga Antiimperialista, una organizaci\u00f3n destinada a organizar \u00abuna lucha unida contra las guerras de agresi\u00f3n imperialistas, las guerras injustas, todas las formas de atraso y fascismo\u00bb uniendo a las \u00abamplias masas populares bajo la direcci\u00f3n del proletariado contra el imperialismo y todas las formas de reacci\u00f3n\u00bb.<\/p>\n\n\n\n<p class=\"has-black-color has-text-color has-link-color wp-elements-1a487ff556010d72a885d5ff8fdca194\">Los documentos son el <a href=\"https:\/\/ail-red.com\/contenido-ideologico-politico-de-la-liga-antiimperialista\/\">contenido pol\u00edtico e ideol\u00f3gico<\/a> de la organizaci\u00f3n, donde la LAI afirma, entre otras cosas, que \u00abla ideolog\u00eda del proletariado es una necesidad para comprender sin ambages el antiimperialismo y la l\u00ednea de lucha\u00bb, el <a href=\"https:\/\/ail-red.com\/la-liga-antiimperialista-como-organizacion-central-internacional-unida-de-lucha-contra-el-imperialismo\/\">programa y procesos<\/a> y una <a href=\"https:\/\/ail-red.com\/organicemos-una-lucha-unida-contra-las-guerras-de-agresion-imperialistas-las-guerras-injustas-todas-las-formas-de-atraso-y-fascismo-enviemos-al-imperialismo-y-a-todas-las-formas-de-reaccion-a\/\">convocatoria p\u00fablica<\/a>.<\/p>\n\n\n\n<p class=\"has-black-color has-text-color has-link-color wp-elements-047571c3e10a6de55254f2ebbd07e716\">En ellos, la LAI determina sus principios, su forma de organizaci\u00f3n y llama a las masas y a las organizaciones antiimperialistas a unirse a la Liga.<\/p>\n\n\n\n<p class=\"has-black-color has-text-color has-link-color wp-elements-afbcb4b6a653ffb592ee9495a76f5439\">Los revolucionarios tambi\u00e9n analizan la situaci\u00f3n actual en el mundo, se\u00f1alando que \u00abnuestro mundo se encuentra en un momento de turbulencia, profunda agitaci\u00f3n y cambio\u00bb, marcado por la crisis del imperialismo que promueve guerras, hambre, destrucci\u00f3n del medio natural y p\u00e9rdida de derechos en todo el mundo. En los documentos tambi\u00e9n destacan el papel de la lucha de liberaci\u00f3n nacional del pueblo palestino como expresi\u00f3n de este momento. Estos documentos y las nuevas actualizaciones pueden leerse \u00edntegramente y seguirse en este <a href=\"https:\/\/ail-red.com\/\">link<\/a>.<\/p>\n\n\n\n<p class=\"has-black-color has-text-color has-link-color wp-elements-e198e42392ebd8a596c2549355b34a01\">El comit\u00e9 organizador de la LAI est\u00e1 formado por el Frente Revolucionario de Defensa de los Derechos del Pueblo (Brasil), la organizaci\u00f3n Partizan (Turqu\u00eda), el Frente de Defensa de Luchas del Pueblo (Ecuador), la Corriente del Pueblo &#8211; Sol Rojo (CP-SR) (M\u00e9xico).<\/p>\n","protected":false},"excerpt":{"rendered":"<p>Publicamos una traducci\u00f3n no oficial de un art\u00edculo de\u00a0A Nova Democracia. El comit\u00e9 organizador de la LAI est\u00e1 formado por el Frente Revolucionario de Defensa de los Derechos del Pueblo (Brasil), la organizaci\u00f3n Partizan (Turqu\u00eda), el Frente de Defensa de Luchas del Pueblo (Ecuador), la Corriente del Pueblo &#8211; Sol Rojo (CP-SR) (M\u00e9xico). Tres documentos [&hellip;]<\/p>\n","protected":false},"author":1,"featured_media":26443,"comment_status":"open","ping_status":"open","sticky":false,"template":"","format":"standard","meta":{"footnotes":""},"categories":[16,31],"tags":[],"class_list":["post-26441","post","type-post","status-publish","format-standard","has-post-thumbnail","hentry","category-carrusel","category-internacional"],"blocksy_meta":[],"_links":{"self":[{"href":"https:\/\/nuevademocracia.com.co\/index.php?rest_route=\/wp\/v2\/posts\/26441","targetHints":{"allow":["GET"]}}],"collection":[{"href":"https:\/\/nuevademocracia.com.co\/index.php?rest_route=\/wp\/v2\/posts"}],"about":[{"href":"https:\/\/nuevademocracia.com.co\/index.php?rest_route=\/wp\/v2\/types\/post"}],"author":[{"embeddable":true,"href":"https:\/\/nuevademocracia.com.co\/index.php?rest_route=\/wp\/v2\/users\/1"}],"replies":[{"embeddable":true,"href":"https:\/\/nuevademocracia.com.co\/index.php?rest_route=%2Fwp%2Fv2%2Fcomments&post=26441"}],"version-history":[{"count":4,"href":"https:\/\/nuevademocracia.com.co\/index.php?rest_route=\/wp\/v2\/posts\/26441\/revisions"}],"predecessor-version":[{"id":26457,"href":"https:\/\/nuevademocracia.com.co\/index.php?rest_route=\/wp\/v2\/posts\/26441\/revisions\/26457"}],"wp:featuredmedia":[{"embeddable":true,"href":"https:\/\/nuevademocracia.com.co\/index.php?rest_route=\/wp\/v2\/media\/26443"}],"wp:attachment":[{"href":"https:\/\/nuevademocracia.com.co\/index.php?rest_route=%2Fwp%2Fv2%2Fmedia&parent=26441"}],"wp:term":[{"taxonomy":"category","embeddable":true,"href":"https:\/\/nuevademocracia.com.co\/index.php?rest_route=%2Fwp%2Fv2%2Fcategories&post=26441"},{"taxonomy":"post_tag","embeddable":true,"href":"https:\/\/nuevademocracia.com.co\/index.php?rest_route=%2Fwp%2Fv2%2Ftags&post=26441"}],"curies":[{"name":"wp","href":"https:\/\/api.w.org\/{rel}","templated":true}]}}