{"id":26446,"date":"2024-06-09T08:00:00","date_gmt":"2024-06-09T13:00:00","guid":{"rendered":"https:\/\/nuevademocracia.com.co\/?p=26446"},"modified":"2024-06-07T12:30:37","modified_gmt":"2024-06-07T17:30:37","slug":"el-norte-de-israel-en-llamas-los-cohetes-lanzados-desde-el-libano-provocan-incendios-masivos","status":"publish","type":"post","link":"https:\/\/nuevademocracia.com.co\/?p=26446","title":{"rendered":"El norte de Israel en llamas: los cohetes lanzados desde el L\u00edbano provocan incendios masivos"},"content":{"rendered":"\n<p class=\"has-black-color has-text-color has-link-color wp-elements-a1665cfcf3aad157a04b16a71f58c7b9\">Publicamos una traducci\u00f3n no oficial de un art\u00edculo de\u00a0<a href=\"https:\/\/anovademocracia.com.br\/norte-de-israel-em-chamas-foguetes-disparados-do-libano-provocam-incendios-em-massa\/\">A Nova Democracia<\/a>.<\/p>\n\n\n\n<p class=\"has-black-color has-text-color has-link-color wp-elements-15b011a5ab0c4cf856e725c6a9d5ebd1\">Sin embargo, seg\u00fan Al Yazira, el hospital Sefad confirm\u00f3 que hab\u00eda recibido al menos a 16 heridos en los incendios de Kiryat Shmona, entre ellos siete soldados.<\/p>\n\n\n\n<hr class=\"wp-block-separator has-text-color has-black-color has-alpha-channel-opacity has-black-background-color has-background\"\/>\n\n\n\n<figure class=\"wp-block-image aligncenter size-full\"><img loading=\"lazy\" decoding=\"async\" width=\"678\" height=\"455\" src=\"https:\/\/nuevademocracia.com.co\/wp-content\/uploads\/2024\/06\/image-27.png\" alt=\"\" class=\"wp-image-26448\" srcset=\"https:\/\/nuevademocracia.com.co\/wp-content\/uploads\/2024\/06\/image-27.png 678w, https:\/\/nuevademocracia.com.co\/wp-content\/uploads\/2024\/06\/image-27-300x201.png 300w\" sizes=\"auto, (max-width: 678px) 100vw, 678px\" \/><\/figure>\n\n\n\n<p><\/p>\n\n\n\n<p class=\"has-black-color has-text-color has-link-color wp-elements-529dbbe740a64a4816f40bbd8a51e22c\"><strong>Reproducimos a continuaci\u00f3n un art\u00edculo sobre un importante ataque de la Resistencia Nacional Libanesa contra Israel producido por el portal <a href=\"https:\/\/www.palestinechronicle.com\/northern-israel-ablaze-rockets-fired-from-lebanon-spark-massive-fires\/\">Palestine Chronicle<\/a>, cuyo redactor jefe es el consejero editorial de AND, Ramzy Baroud. Palestine Chronicle es un portal en l\u00ednea dedicado a la cobertura period\u00edstica de los acontecimientos en Palestina. Ramzy Baroud fue entrevistado por la AND en el programa A Prop\u00f3sito, en la edici\u00f3n que puede verse <a href=\"https:\/\/www.youtube.com\/watch?v=j-UFzfYQdwk\">aqu\u00ed<\/a>.<\/strong><\/p>\n\n\n\n<p class=\"has-black-color has-text-color has-link-color wp-elements-d655a2dcc324c6824c54a62dcceb6ae4\">El martes, los equipos de bomberos israel\u00edes siguieron apagando grandes incendios, provocados por cohetes disparados desde el sur del L\u00edbano.<\/p>\n\n\n\n<p class=\"has-black-color has-text-color has-link-color wp-elements-9c577e2d3d188ba7ccd181e9abe49361\">Los incendios afectaron a varios asentamientos y emplazamientos militares de la Alta Galilea y los Altos del Gol\u00e1n ocupados, lo que oblig\u00f3 a realizar evacuaciones.<\/p>\n\n\n\n<p class=\"has-black-color has-text-color has-link-color wp-elements-04698b8af4883a9703d6837296bc159a\">El ej\u00e9rcito israel\u00ed inform\u00f3 de que sus fuerzas hab\u00edan conseguido controlar los incendios, pero la situaci\u00f3n segu\u00eda siendo precaria, ya que segu\u00edan ardiendo en las proximidades de varios asentamientos, entre ellos Kiryat Shmona, donde las llamas alcanzaron algunos barrios.<\/p>\n\n\n\n<p class=\"has-black-color has-text-color has-link-color wp-elements-d130bd5daad63f246e1835502c622e68\">La propagaci\u00f3n de los incendios requiri\u00f3 la intervenci\u00f3n de un gran n\u00famero de brigadas de bomberos y fuerzas policiales y del ej\u00e9rcito, y muchos residentes fueron evacuados de Kiryat Shmona y otros asentamientos. El ej\u00e9rcito israel\u00ed confirm\u00f3 que seis soldados de reserva resultaron heridos por inhalaci\u00f3n de humo.<\/p>\n\n\n\n<p class=\"has-black-color has-text-color has-link-color wp-elements-db4005c002811734a51e347a8fc52baf\">Sin embargo, seg\u00fan Al Yazira, el hospital Sefad confirm\u00f3 que hab\u00eda recibido al menos a 16 heridos en los incendios de Kiryat Shmona, entre ellos siete soldados.<\/p>\n\n\n\n<p class=\"has-black-color has-text-color has-link-color wp-elements-f41cd26c30c83cc6169d799ec00a6275\">El ej\u00e9rcito israel\u00ed dijo que estaba cooperando con el Frente Interior, la Divisi\u00f3n de Operaciones y el Mando del Frente Norte para sofocar los incendios, especialmente en Kiryat Shmona, donde las llamas consumieron partes de algunas casas.<\/p>\n\n\n\n<figure class=\"wp-block-embed aligncenter is-type-rich is-provider-twitter wp-block-embed-twitter\"><div class=\"wp-block-embed__wrapper\">\n<blockquote class=\"twitter-tweet\" data-width=\"550\" data-dnt=\"true\"><p lang=\"en\" dir=\"ltr\">ISRAELI MEDIA: Firefighters try to prevent fires from reaching homes in Kiryat Shmona.<br><br>FOLLOW OUR LIVE BLOG <a href=\"https:\/\/t.co\/b6N31NOMYe\">https:\/\/t.co\/b6N31NOMYe<\/a> <a href=\"https:\/\/t.co\/RUwg1OWols\">pic.twitter.com\/RUwg1OWols<\/a><\/p>&mdash; The Palestine Chronicle (@PalestineChron) <a href=\"https:\/\/twitter.com\/PalestineChron\/status\/1797723760826663114?ref_src=twsrc%5Etfw\">June 3, 2024<\/a><\/blockquote><script async src=\"https:\/\/platform.twitter.com\/widgets.js\" charset=\"utf-8\"><\/script>\n<\/div><\/figure>\n\n\n\n<p class=\"has-black-color has-text-color has-link-color wp-elements-67bd8f70e54e5c13803ea6b89538f7a1\">Los incendios tambi\u00e9n se han acercado al menos a una base militar israel\u00ed.<\/p>\n\n\n\n<p class=\"has-black-color has-text-color has-link-color wp-elements-9c31a205177e4c6edcf2574c4adcdbd4\">La Autoridad de Parques y Naturaleza de Israel inform\u00f3 de que los incendios se han extendido ya a cientos de hect\u00e1reas, y varios asentamientos se han visto afectados.<\/p>\n\n\n\n<p class=\"has-black-color has-text-color has-link-color wp-elements-7b8196e84ea928f62ca327d21a415793\">La polic\u00eda israel\u00ed ha cerrado varias carreteras en la Alta Galilea debido a los incendios, que, seg\u00fan estimaciones israel\u00edes, han consumido al menos 10.000 dunams (aproximadamente 10.000 kil\u00f3metros cuadrados).<\/p>\n\n\n\n<p class=\"has-black-color has-text-color has-link-color wp-elements-ea1ef85fe82d2614fddfa92155ad5443\">Seg\u00fan el diario israel\u00ed Yedioth Ahronoth, los incendios fueron provocados por el lanzamiento de decenas de misiles y aviones no tripulados desde L\u00edbano.<\/p>\n\n\n\n<p class=\"has-black-color has-text-color has-link-color wp-elements-91d2d48266cd35d56c5666448999e140\">El Canal 12 de Israel inform\u00f3 de que los equipos de extinci\u00f3n se esforzaban por evitar que los incendios se propagaran a un emplazamiento militar en la Alta Galilea.<\/p>\n\n\n\n<p class=\"has-black-color has-text-color has-link-color wp-elements-fab03eed8ffe9fda52cd237ae7dbfc37\"><strong>\u00abQuemar el L\u00edbano\u00bb<\/strong><\/p>\n\n\n\n<p class=\"has-black-color has-text-color has-link-color wp-elements-caf25af08301fe7f9ab6eae793476402\">El ministro israel\u00ed de extrema derecha emiti\u00f3 declaraciones incendiarias condenando la \u00abpol\u00edtica de contenci\u00f3n y proporcionalidad\u00bb.<\/p>\n\n\n\n<p class=\"has-black-color has-text-color has-link-color wp-elements-7b7f4206da7bf83fedf7e06e54ee1f0d\">\u00abLo que est\u00e1 ocurriendo ahora en el norte es una bancarrota moral\u00bb, declar\u00f3 el ministro israel\u00ed de Seguridad Nacional, Itamar Ben-Gvir.<\/p>\n\n\n\n<p class=\"has-black-color has-text-color has-link-color wp-elements-d948a8a6081d76e9e940a01f677dbf97\">\u00abLa imprudente gesti\u00f3n del Gabinete de Conceptos, una continuaci\u00f3n directa de la pol\u00edtica de contenci\u00f3n y proporcionalidad, una pol\u00edtica que condujo directamente al 7 de octubre\u00bb, continu\u00f3, a\u00f1adiendo:<\/p>\n\n\n\n<p class=\"has-black-color has-text-color has-link-color wp-elements-4cb45e21c597d2c2cd6531a12c826d61\">\u00ab<em>En lugar de doblegarse ante Ham\u00e1s, es hora de quemar todo L\u00edbano\u00bb.<\/em><\/p>\n\n\n\n<p class=\"has-black-color has-text-color has-link-color wp-elements-392425166a8224a75a905e1a7cb051f8\">Las declaraciones de Ben-Gvir fueron repetidas por el ministro israel\u00ed de Finanzas, Bezalel Smotrich, quien declar\u00f3: \u00abHace s\u00f3lo unas horas, advert\u00ed que la situaci\u00f3n en el norte se est\u00e1 deteriorando y que el cintur\u00f3n de seguridad debe trasladarse de Israel al sur del L\u00edbano.\u00bb<\/p>\n\n\n\n<p class=\"has-black-color has-text-color has-link-color wp-elements-5949535a0529f8f1107a61463f9aab0f\">\u00abEl nuevo concepto dirigido por el Gabinete de Guerra lleva horas ardiendo y nos est\u00e1 explotando en la cara\u00bb, a\u00f1adi\u00f3 Smotrich.<\/p>\n\n\n\n<p class=\"has-black-color has-text-color has-link-color wp-elements-283d5398107b6b17d516529c4996ee7e\">\u00abHace un a\u00f1o, un ministro de Defensa dijo que devolver\u00edamos L\u00edbano a la Edad de Piedra. Se\u00f1or Primer Ministro, se\u00f1or Ministro de Defensa, se\u00f1or Jefe del Estado Mayor: ha llegado la hora\u00bb, concluy\u00f3 Smotrich.<\/p>\n\n\n\n<figure class=\"wp-block-embed aligncenter is-type-rich is-provider-twitter wp-block-embed-twitter\"><div class=\"wp-block-embed__wrapper\">\n<blockquote class=\"twitter-tweet\" data-width=\"550\" data-dnt=\"true\"><p lang=\"en\" dir=\"ltr\">AL-JAZEERA: Fires continue in the Kiryat Shmona settlement in northern Israel as a result of rockets fired by Hezbollah.<br><br>FOLLOW OUR LIVE BLOG <a href=\"https:\/\/t.co\/b6N31NOMYe\">https:\/\/t.co\/b6N31NOMYe<\/a> <a href=\"https:\/\/t.co\/Hleh7ruOJD\">pic.twitter.com\/Hleh7ruOJD<\/a><\/p>&mdash; The Palestine Chronicle (@PalestineChron) <a href=\"https:\/\/twitter.com\/PalestineChron\/status\/1797623696942846337?ref_src=twsrc%5Etfw\">June 3, 2024<\/a><\/blockquote><script async src=\"https:\/\/platform.twitter.com\/widgets.js\" charset=\"utf-8\"><\/script>\n<\/div><\/figure>\n\n\n\n<p class=\"has-black-color has-text-color has-link-color wp-elements-fc1e91db479996c70f758d8eeb8cac30\"><strong>Aumento de la tensi\u00f3n<\/strong><\/p>\n\n\n\n<p class=\"has-black-color has-text-color has-link-color wp-elements-491fc9da7f149c7b816737be92aa4fc2\">Desde el inicio de la guerra israel\u00ed contra Gaza el 7 de octubre, el movimiento liban\u00e9s Hezbol\u00e1 ha participado directamente, aunque de forma relativamente limitada, en la guerra contra la ocupaci\u00f3n israel\u00ed.<\/p>\n\n\n\n<p class=\"has-black-color has-text-color has-link-color wp-elements-f2b84e004c82cd6acc6ee9849686af21\">Israel ocup\u00f3 partes de L\u00edbano durante d\u00e9cadas y s\u00f3lo abandon\u00f3 el pa\u00eds en 2000, tras una fuerte resistencia libanesa bajo el liderazgo de Hezbol\u00e1.<\/p>\n\n\n\n<p class=\"has-black-color has-text-color has-link-color wp-elements-2d74b1b5f668b97518edf4f14e0096ed\">Intent\u00f3 reocupar L\u00edbano en 2006, pero fracas\u00f3 en lo que L\u00edbano considera una gran victoria contra Israel.<\/p>\n\n\n\n<p class=\"has-black-color has-text-color has-link-color wp-elements-865a1401ee7cd6b3734b3a1eea75ca09\">Israel, sin embargo, sigue ocupando partes de L\u00edbano, principalmente la regi\u00f3n de las granjas de Shebaa.<\/p>\n\n\n\n<p class=\"has-black-color has-text-color has-link-color wp-elements-b169bcef3bb0819f4b5bce448d0a6284\">Hezbol\u00e1 ha prometido recuperar cada cent\u00edmetro de L\u00edbano ocupado por Israel, en contra del derecho internacional.<\/p>\n","protected":false},"excerpt":{"rendered":"<p>Publicamos una traducci\u00f3n no oficial de un art\u00edculo de\u00a0A Nova Democracia. Sin embargo, seg\u00fan Al Yazira, el hospital Sefad confirm\u00f3 que hab\u00eda recibido al menos a 16 heridos en los incendios de Kiryat Shmona, entre ellos siete soldados. Reproducimos a continuaci\u00f3n un art\u00edculo sobre un importante ataque de la Resistencia Nacional Libanesa contra Israel producido [&hellip;]<\/p>\n","protected":false},"author":1,"featured_media":26448,"comment_status":"open","ping_status":"open","sticky":false,"template":"","format":"standard","meta":{"footnotes":""},"categories":[135],"tags":[],"class_list":["post-26446","post","type-post","status-publish","format-standard","has-post-thumbnail","hentry","category-resistencia-palestina"],"blocksy_meta":[],"_links":{"self":[{"href":"https:\/\/nuevademocracia.com.co\/index.php?rest_route=\/wp\/v2\/posts\/26446","targetHints":{"allow":["GET"]}}],"collection":[{"href":"https:\/\/nuevademocracia.com.co\/index.php?rest_route=\/wp\/v2\/posts"}],"about":[{"href":"https:\/\/nuevademocracia.com.co\/index.php?rest_route=\/wp\/v2\/types\/post"}],"author":[{"embeddable":true,"href":"https:\/\/nuevademocracia.com.co\/index.php?rest_route=\/wp\/v2\/users\/1"}],"replies":[{"embeddable":true,"href":"https:\/\/nuevademocracia.com.co\/index.php?rest_route=%2Fwp%2Fv2%2Fcomments&post=26446"}],"version-history":[{"count":5,"href":"https:\/\/nuevademocracia.com.co\/index.php?rest_route=\/wp\/v2\/posts\/26446\/revisions"}],"predecessor-version":[{"id":26455,"href":"https:\/\/nuevademocracia.com.co\/index.php?rest_route=\/wp\/v2\/posts\/26446\/revisions\/26455"}],"wp:featuredmedia":[{"embeddable":true,"href":"https:\/\/nuevademocracia.com.co\/index.php?rest_route=\/wp\/v2\/media\/26448"}],"wp:attachment":[{"href":"https:\/\/nuevademocracia.com.co\/index.php?rest_route=%2Fwp%2Fv2%2Fmedia&parent=26446"}],"wp:term":[{"taxonomy":"category","embeddable":true,"href":"https:\/\/nuevademocracia.com.co\/index.php?rest_route=%2Fwp%2Fv2%2Fcategories&post=26446"},{"taxonomy":"post_tag","embeddable":true,"href":"https:\/\/nuevademocracia.com.co\/index.php?rest_route=%2Fwp%2Fv2%2Ftags&post=26446"}],"curies":[{"name":"wp","href":"https:\/\/api.w.org\/{rel}","templated":true}]}}