{"id":26470,"date":"2024-06-09T13:00:00","date_gmt":"2024-06-09T18:00:00","guid":{"rendered":"https:\/\/nuevademocracia.com.co\/?p=26470"},"modified":"2024-06-07T13:13:11","modified_gmt":"2024-06-07T18:13:11","slug":"ante-el-declive-del-imperialismo-se-recrudece-la-militarizacion","status":"publish","type":"post","link":"https:\/\/nuevademocracia.com.co\/?p=26470","title":{"rendered":"Ante el declive del imperialismo, se recrudece la militarizaci\u00f3n"},"content":{"rendered":"\n<figure class=\"wp-block-image aligncenter size-full is-resized\"><img loading=\"lazy\" decoding=\"async\" width=\"1000\" height=\"563\" src=\"https:\/\/nuevademocracia.com.co\/wp-content\/uploads\/2024\/06\/image-31.png\" alt=\"\" class=\"wp-image-26471\" style=\"width:806px;height:auto\" srcset=\"https:\/\/nuevademocracia.com.co\/wp-content\/uploads\/2024\/06\/image-31.png 1000w, https:\/\/nuevademocracia.com.co\/wp-content\/uploads\/2024\/06\/image-31-300x169.png 300w, https:\/\/nuevademocracia.com.co\/wp-content\/uploads\/2024\/06\/image-31-768x432.png 768w\" sizes=\"auto, (max-width: 1000px) 100vw, 1000px\" \/><figcaption class=\"wp-element-caption\"><em><mark style=\"background-color:rgba(0, 0, 0, 0)\" class=\"has-inline-color has-black-color\">Foto: Al Mayadeen Espa\u00f1ol<\/mark><\/em><\/figcaption><\/figure>\n\n\n\n<p class=\"has-black-color has-text-color has-link-color wp-elements-09bd34f7a097fe05b578dbe057cdb567\">Como ense\u00f1\u00f3 Lenin, la fase decadente del sistema imperialista mundial trae consigo una agudizaci\u00f3n de la lucha de clases a nivel global, la cual corre paralela, a su vez, con un aumento de los conflictos entre potencias y superpotencias mundiales por la hegemon\u00eda. Los Estados m\u00e1s poderosos se disputan la conquista de nuevos territorios de influencia y defensa de los ya adquiridos. Esta disputa se expresa principalmente en t\u00e9rminos militares, ya que, la rapi\u00f1a sobre los recursos de los pa\u00edses oprimidos coloca a los grandes capitales y sus Estados en una posici\u00f3n desestabilizante que los hace reactivos a perder sus privilegios en un sistema en degradaci\u00f3n y, por lo mismo, agresivos para defender sus bastiones de poder e influencia.<\/p>\n\n\n\n<p class=\"has-black-color has-text-color has-link-color wp-elements-5badfaf5e361f72dcd5db2a883e52424\">Defender un sistema que se resquebraja requiere, pues, de un fuerte aparato defensivo. No es por nada que, para el 2023, la primera superpotencia mundial -Estados Unidos &#8211; destin\u00f3 unos 916 billones de d\u00f3lares, casi un trill\u00f3n de d\u00f3lares, al presupuesto <a href=\"https:\/\/espanol.almayadeen.net\/noticias\/medios-internacionales\/1848612\/el-gasto-mundial-en-armas-alcanza-los-2-5-billones-de-d%C3%B3lare\">militar<\/a>. Para ser m\u00e1s ilustrativos, esto significa que, por cada d\u00f3lar que posee el gobierno federal, un poco m\u00e1s de la mitad se invierte en presupuesto militar; sin contar, a\u00fan, la gran inversi\u00f3n que hace el Estado estadounidense en otros dispositivos de represi\u00f3n antipopular, como las prisiones y las -cada vez m\u00e1s militarizadas &#8211; instituciones de control migratorio.<\/p>\n\n\n\n<p class=\"has-black-color has-text-color has-link-color wp-elements-fe1e259a411ac73992204a2c2a6d3075\">Este aparato defensivo del imperialismo yanqui se ha extendido por el mundo. Parte del presupuesto militar norteamericano ha estado invertido en generar una red de blindaje que asegure sus intereses en territorios estrat\u00e9gicos de todo el globo. Un ejemplo de esto es la expansi\u00f3n de la OTAN &#8211; Organizaci\u00f3n del Tratado del Atl\u00e1ntico Norte. Desde 1991, esta estructura, que ten\u00eda un objetivo principalmente antisovi\u00e9tico en su origen, ha venido fortaleci\u00e9ndose y expandi\u00e9ndose sirviendo a los objetivos de intervenci\u00f3n militar a favor de los intereses estadounidenses en diferentes territorios como la Yugoslavia, Afganist\u00e1n e Iraq.<\/p>\n\n\n\n<p class=\"has-black-color has-text-color has-link-color wp-elements-4dfe307713140087ea5b178b5972c46f\">Hoy en d\u00eda, la guerra en Ucrania se encuentra en un punto en que una quinta parte del pa\u00eds est\u00e1 bajo control ruso y la OTAN se ha pronunciado sobre la posibilidad de inmiscuirse m\u00e1s frontalmente en la guerra a partir de apoyo y <a href=\"https:\/\/www.prensa-latina.cu\/2024\/05\/25\/otan-mantendra-ayuda-a-ucrania-pero-no-con-medios-aereos-ni-tropas\/\">entrenamiento militar<\/a>. Adem\u00e1s, se est\u00e1 estudiando hacer ejercicios militares desde territorios de pa\u00edses adheridos a la OTAN que compartan frontera con Rusia. De hecho, en abril de 2023, Finlandia, que comparte una frontera de 1.400 kil\u00f3metros con Rusia, fue adherida a la OTAN.<\/p>\n\n\n\n<p class=\"has-black-color has-text-color has-link-color wp-elements-5c9fee4591798ada7352142193e25bb5\">Como lo apunta el Instituto Internacional de Estocolmo para la Investigaci\u00f3n de la Paz (SIPRI), la guerra de agresi\u00f3n imperialista provocada en Ucrania ha llevado al aumento del gasto militar de los pa\u00edses de la OTAN, la cual, sin embargo, a\u00fan mantiene ante los medios una careta de no implicarse en el conflicto. Toda esta implicaci\u00f3n y complicidad militar en el conflicto contra Rusia, a expensas del pueblo ucraniano, refleja crudamente c\u00f3mo el imperialismo est\u00e1 dispuesto a pisotear y dividir a los pueblos para sobrevivir.<\/p>\n\n\n\n<p class=\"has-black-color has-text-color has-link-color wp-elements-a42227ceb8aa297d737496c5c1cf4a8d\">Con todo, los intereses proyanquis no se han impuesto en esta zona; m\u00e1s bien los <a href=\"https:\/\/nuevademocracia.com.co\/?p=25964\">rusos<\/a>. Por eso, es importante destacar que esta coyuntura actual est\u00e1 poniendo sobre la mesa el desmoronamiento del imperialismo en general, ya que el sistema se est\u00e1 fragmentando en diferentes bloques geopol\u00edticos rivales que se enfrentan entre s\u00ed y a los pueblos, y de la superpotencia estadounidense y sus aliados, en particular. En el escenario de semejante fragmentaci\u00f3n, los pueblos solidifican su organizaci\u00f3n: en Ucrania, m\u00e1s organizaciones revolucionarias emergen al calor de la lucha por la liberaci\u00f3n del pueblo.<\/p>\n\n\n\n<p class=\"has-black-color has-text-color has-link-color wp-elements-bb25084258758fb9fa6db827b305add8\">M\u00e1s a\u00fan, el gran progreso que ha provisto el escenario actual a la hist\u00f3rica lucha de la Resistencia Nacional Palestina tambi\u00e9n vale como demostraci\u00f3n, tanto del deterioro de la hegemon\u00eda noratl\u00e1ntica y del sistema imperialista, como del avance de la organizaci\u00f3n popular en medio de la lucha antiimperialista. El debilitamiento del imperialismo lo ha llevado a apelar al genocidio para demostrarse a s\u00ed mismo y al mundo que a\u00fan tiene garras, lo cual, solo ha generado repudio y odio en los pueblos de todo el mundo hacia \u201cIsrael\u201d y Estados Unidos. Mientras tanto, la Resistencia Palestina ha logrado importantes victorias en su cualificaci\u00f3n militar y defensa territorial.<\/p>\n\n\n\n<p class=\"has-black-color has-text-color has-link-color wp-elements-ee9ca974dd0f1a56e833760a5cdc12d2\">Tanto el resquebrajamiento de la primera superpotencia mundial, como los avances desiguales en las luchas antiimperialistas, ponen de presente la grave crisis que atraviesa la actual configuraci\u00f3n socioecon\u00f3mica del mundo. En medio de esta coyuntura se avizora tanto el avance de las potencias Rusia y China, que se aprovechan de la debilidad de sus competidores para posicionar sus intereses en los pa\u00edses oprimidos, como el avance de las luchas populares que, solo consiguiendo su independencia pol\u00edtica van a lograr barrer del mundo al imperialismo y, en consecuencia, a la opresi\u00f3n entre naciones y entre clases. La pelota est\u00e1, pues, del lado del pueblo y es deber de los revolucionarios y de las personas democr\u00e1ticas colaborar en la construcci\u00f3n de un futuro diferente.<\/p>\n","protected":false},"excerpt":{"rendered":"<p>Como ense\u00f1\u00f3 Lenin, la fase decadente del sistema imperialista mundial trae consigo una agudizaci\u00f3n de la lucha de clases a nivel global, la cual corre paralela, a su vez, con un aumento de los conflictos entre potencias y superpotencias mundiales por la hegemon\u00eda. Los Estados m\u00e1s poderosos se disputan la conquista de nuevos territorios de [&hellip;]<\/p>\n","protected":false},"author":1,"featured_media":26471,"comment_status":"open","ping_status":"open","sticky":false,"template":"","format":"standard","meta":{"footnotes":""},"categories":[116,31],"tags":[],"class_list":["post-26470","post","type-post","status-publish","format-standard","has-post-thumbnail","hentry","category-imperialismo","category-internacional"],"blocksy_meta":[],"_links":{"self":[{"href":"https:\/\/nuevademocracia.com.co\/index.php?rest_route=\/wp\/v2\/posts\/26470","targetHints":{"allow":["GET"]}}],"collection":[{"href":"https:\/\/nuevademocracia.com.co\/index.php?rest_route=\/wp\/v2\/posts"}],"about":[{"href":"https:\/\/nuevademocracia.com.co\/index.php?rest_route=\/wp\/v2\/types\/post"}],"author":[{"embeddable":true,"href":"https:\/\/nuevademocracia.com.co\/index.php?rest_route=\/wp\/v2\/users\/1"}],"replies":[{"embeddable":true,"href":"https:\/\/nuevademocracia.com.co\/index.php?rest_route=%2Fwp%2Fv2%2Fcomments&post=26470"}],"version-history":[{"count":1,"href":"https:\/\/nuevademocracia.com.co\/index.php?rest_route=\/wp\/v2\/posts\/26470\/revisions"}],"predecessor-version":[{"id":26472,"href":"https:\/\/nuevademocracia.com.co\/index.php?rest_route=\/wp\/v2\/posts\/26470\/revisions\/26472"}],"wp:featuredmedia":[{"embeddable":true,"href":"https:\/\/nuevademocracia.com.co\/index.php?rest_route=\/wp\/v2\/media\/26471"}],"wp:attachment":[{"href":"https:\/\/nuevademocracia.com.co\/index.php?rest_route=%2Fwp%2Fv2%2Fmedia&parent=26470"}],"wp:term":[{"taxonomy":"category","embeddable":true,"href":"https:\/\/nuevademocracia.com.co\/index.php?rest_route=%2Fwp%2Fv2%2Fcategories&post=26470"},{"taxonomy":"post_tag","embeddable":true,"href":"https:\/\/nuevademocracia.com.co\/index.php?rest_route=%2Fwp%2Fv2%2Ftags&post=26470"}],"curies":[{"name":"wp","href":"https:\/\/api.w.org\/{rel}","templated":true}]}}