{"id":26477,"date":"2024-06-11T14:36:10","date_gmt":"2024-06-11T19:36:10","guid":{"rendered":"https:\/\/nuevademocracia.com.co\/?p=26477"},"modified":"2024-10-23T10:45:30","modified_gmt":"2024-10-23T15:45:30","slug":"and-la-extrema-derecha-avanza-sin-credibilidad-en-las-boicoteadas-elecciones-al-parlamento-europeo","status":"publish","type":"post","link":"https:\/\/nuevademocracia.com.co\/?p=26477","title":{"rendered":"La extrema derecha avanza sin credibilidad en las boicoteadas elecciones al Parlamento Europeo"},"content":{"rendered":"\n<p class=\"has-black-color has-text-color has-link-color wp-elements-7f956d71c10495f9e4c525bbd0abfcc5\">Compartimos esta traducci\u00f3n no oficial de un art\u00edculo encontrado en <a href=\"https:\/\/anovademocracia.com.br\/extrema-direita-avanca-sem-credibilidade-em-eleicoes-boicotadas-para-o-parlamento-europeu\/\">A Nova Democracia. <\/a><\/p>\n\n\n\n<figure class=\"wp-block-image aligncenter size-full is-resized\"><img loading=\"lazy\" decoding=\"async\" width=\"1024\" height=\"683\" src=\"https:\/\/nuevademocracia.com.co\/wp-content\/uploads\/2024\/06\/image-32.png\" alt=\"\" class=\"wp-image-26478\" style=\"width:726px;height:auto\" srcset=\"https:\/\/nuevademocracia.com.co\/wp-content\/uploads\/2024\/06\/image-32.png 1024w, https:\/\/nuevademocracia.com.co\/wp-content\/uploads\/2024\/06\/image-32-300x200.png 300w, https:\/\/nuevademocracia.com.co\/wp-content\/uploads\/2024\/06\/image-32-768x512.png 768w\" sizes=\"auto, (max-width: 1024px) 100vw, 1024px\" \/><\/figure>\n\n\n\n<p><\/p>\n\n\n\n<p class=\"has-black-color has-text-color has-link-color wp-elements-87462bfcb90054ff5a132b0992c39e7c\">La extrema derecha ha crecido en el Parlamento Europeo, seg\u00fan las primeras proyecciones de los votos emitidos en las elecciones celebradas entre el 6 y el 9 de junio. Marcadas por una baja participaci\u00f3n del 51% del electorado, hecho asociado a la campa\u00f1a de boicot electoral promovida por los revolucionarios en varios pa\u00edses europeos, las elecciones reunieron a candidatos de 27 pa\u00edses, entre ellos Alemania, Austria, B\u00e9lgica, Bulgaria, Eslovaquia, Francia, Hungr\u00eda, Italia, Polonia, Ruman\u00eda y la Rep\u00fablica Checa.<\/p>\n\n\n\n<p class=\"has-black-color has-text-color has-link-color wp-elements-2c21a2434e16dfc138e043b59159bf5d\">El proceso electoral se desarrolla en cada pa\u00eds, cada uno con sus propias reglas. Los ciudadanos votan a partidos de su propio pa\u00eds, que forman coaliciones con organizaciones de otros pa\u00edses para ocupar los 720 esca\u00f1os del Parlamento.<\/p>\n\n\n\n<p class=\"has-black-color has-text-color has-link-color wp-elements-c2a831e03b1c20e77f2924a4f46e2214\">En Alemania, el partido de extrema derecha Alternativa para Alemania (AfD) qued\u00f3 tercero, por detr\u00e1s de la reaccionaria Uni\u00f3n Cristianodem\u00f3crata de Ursula von der Leyen y la Uni\u00f3n Socialcristiana. La AfD obtuvo un aumento del 5% respecto a su \u00faltimo resultado en 2019. Se prev\u00e9 que el Partido Dem\u00f3crata Cristiano de Alemania obtenga el 29,5% de los votos.<\/p>\n\n\n\n<p class=\"has-black-color has-text-color has-link-color wp-elements-c6a8b6cd16a938109e9b1d11ffe67fc7\">En Francia, la coalici\u00f3n de extrema derecha llamada Identidad y Democracia reuni\u00f3 la mayor\u00eda de los votos, impulsada por el partido Reconstrucci\u00f3n Nacional (RN). RN acumul\u00f3 m\u00e1s del doble de votos que el partido Renacimiento del actual presidente Emmanuel Macron. Renacimiento qued\u00f3 en segundo lugar, con el 14,60%, y Uni\u00f3n Nacional sum\u00f3 el 31,3%. Tras los resultados, Macron disolvi\u00f3 la Asamblea Nacional de Francia y program\u00f3 nuevas elecciones para el 30 de junio y el 7 de julio.<\/p>\n\n\n\n<p class=\"has-black-color has-text-color has-link-color wp-elements-082f6c4f089b853042240a49850e9d0d\">En el sur del continente europeo, el partido Hermanos de Italia, de la primera ministra Giorgia Meloni, se llev\u00f3 la mayor\u00eda de los votos (28,8%) y obtuvo 24 esca\u00f1os. La coalici\u00f3n Identidad y Democracia tambi\u00e9n obtuvo 8 esca\u00f1os en las elecciones italianas.<\/p>\n\n\n\n<p class=\"has-black-color has-text-color has-link-color wp-elements-fcfe02299987ad478d0ce76fde83dd1f\">Otro l\u00edder que impuls\u00f3 a su propio partido fue Viktor \u00d3rban, del partido h\u00fangaro Fidesz. Fidesz se present\u00f3 en coalici\u00f3n con el Partido Popular Dem\u00f3crata Cristiano y se hizo con el 43,8% de los votos, es decir, 10 esca\u00f1os en el Parlamento. A pesar de la ventaja, se trata de un descenso de casi el 10% respecto a 2019.<\/p>\n\n\n\n<p class=\"has-black-color has-text-color has-link-color wp-elements-cb8a3223827bbb6c5463877c1ad67f30\">En B\u00e9lgica, el partido de extrema derecha Vlaams Belang avanz\u00f3, junto con la reaccionaria Nueva Alianza Flamenca, el partido m\u00e1s grande del pa\u00eds. Los dos partidos obtuvieron tres esca\u00f1os cada uno. En Austria, el Partido de la Libertad, tambi\u00e9n de extrema derecha y miembro de la coalici\u00f3n internacional Identidad y Democracia, fue el vencedor.<\/p>\n\n\n\n<p class=\"has-black-color has-text-color has-link-color wp-elements-8c696d0a936d271106477a83d5a9fc3f\">En pa\u00edses como Ruman\u00eda, Polonia y Eslovaquia, la extrema derecha no se llev\u00f3 las elecciones.<\/p>\n\n\n\n<p class=\"has-black-color has-text-color has-link-color wp-elements-e5d9d400fc8c2eb65bab27d3a949f81f\">En toda Europa, los revolucionarios denunciaron las elecciones como un intento de legitimar el orden reaccionario. \u00abLa Uni\u00f3n Europea naci\u00f3 como una alianza de imperialistas y sigue si\u00e9ndolo hoy. No hay posibilidad de una Europa &#8216;social&#8217; o &#8216;democr\u00e1tica&#8217; bajo el imperialismo. Por eso llaman a una alta participaci\u00f3n: quieren legitimar los proyectos reaccionarios del imperialismo ante la opini\u00f3n p\u00fablica\u00bb, dice una declaraci\u00f3n conjunta firmada por organizaciones de Austria, Dinamarca, Finlandia, Francia, Alemania, Holanda, Noruega y Espa\u00f1a.<\/p>\n\n\n\n<div class=\"wp-block-group is-nowrap is-layout-flex wp-container-core-group-is-layout-6c531013 wp-block-group-is-layout-flex\">\n<figure class=\"wp-block-image size-full is-resized\"><img loading=\"lazy\" decoding=\"async\" width=\"1024\" height=\"682\" src=\"https:\/\/nuevademocracia.com.co\/wp-content\/uploads\/2024\/06\/image-33.png\" alt=\"\" class=\"wp-image-26479\" style=\"width:527px;height:auto\" srcset=\"https:\/\/nuevademocracia.com.co\/wp-content\/uploads\/2024\/06\/image-33.png 1024w, https:\/\/nuevademocracia.com.co\/wp-content\/uploads\/2024\/06\/image-33-300x200.png 300w, https:\/\/nuevademocracia.com.co\/wp-content\/uploads\/2024\/06\/image-33-768x512.png 768w\" sizes=\"auto, (max-width: 1024px) 100vw, 1024px\" \/><figcaption class=\"wp-element-caption\"><em><mark style=\"background-color:rgba(0, 0, 0, 0)\" class=\"has-inline-color has-black-color\">Panfleto firmado por organizaciones de varios pa\u00edses contra las elecciones al Parlamento Europeo. Foto: Reproducci\u00f3n<\/mark><\/em><\/figcaption><\/figure>\n\n\n\n<div class=\"wp-block-group is-nowrap is-layout-flex wp-container-core-group-is-layout-6c531013 wp-block-group-is-layout-flex\">\n<div class=\"wp-block-group is-vertical is-layout-flex wp-container-core-group-is-layout-fe9cc265 wp-block-group-is-layout-flex\">\n<div class=\"wp-block-group is-vertical is-layout-flex wp-container-core-group-is-layout-fe9cc265 wp-block-group-is-layout-flex\">\n<figure class=\"wp-block-image size-full is-resized\"><img loading=\"lazy\" decoding=\"async\" width=\"1024\" height=\"682\" src=\"https:\/\/nuevademocracia.com.co\/wp-content\/uploads\/2024\/06\/image-34.png\" alt=\"\" class=\"wp-image-26480\" style=\"width:521px;height:auto\" srcset=\"https:\/\/nuevademocracia.com.co\/wp-content\/uploads\/2024\/06\/image-34.png 1024w, https:\/\/nuevademocracia.com.co\/wp-content\/uploads\/2024\/06\/image-34-300x200.png 300w, https:\/\/nuevademocracia.com.co\/wp-content\/uploads\/2024\/06\/image-34-768x512.png 768w\" sizes=\"auto, (max-width: 1024px) 100vw, 1024px\" \/><figcaption class=\"wp-element-caption\"><em><mark style=\"background-color:rgba(0, 0, 0, 0)\" class=\"has-inline-color has-black-color\">Agitaci\u00f3n revolucionaria en Europa. Foto: Reproducci\u00f3n<\/mark><\/em><\/figcaption><\/figure>\n\n\n\n<figure class=\"wp-block-image size-full is-resized\"><img loading=\"lazy\" decoding=\"async\" width=\"1024\" height=\"567\" src=\"https:\/\/nuevademocracia.com.co\/wp-content\/uploads\/2024\/06\/image-35.png\" alt=\"\" class=\"wp-image-26481\" style=\"width:527px;height:auto\" srcset=\"https:\/\/nuevademocracia.com.co\/wp-content\/uploads\/2024\/06\/image-35.png 1024w, https:\/\/nuevademocracia.com.co\/wp-content\/uploads\/2024\/06\/image-35-300x166.png 300w, https:\/\/nuevademocracia.com.co\/wp-content\/uploads\/2024\/06\/image-35-768x425.png 768w\" sizes=\"auto, (max-width: 1024px) 100vw, 1024px\" \/><figcaption class=\"wp-element-caption\"><em><mark style=\"background-color:rgba(0, 0, 0, 0)\" class=\"has-inline-color has-black-color\">Manifestaci\u00f3n para boicotear las elecciones al Parlamento Europeo en Grecia. Foto: Reproducci\u00f3n<\/mark><\/em><\/figcaption><\/figure>\n<\/div>\n<\/div>\n<\/div>\n<\/div>\n\n\n\n<p class=\"has-black-color has-text-color has-link-color wp-elements-1b1cb3f8185dd507c10417e7b1af0218\">El documento denuncia tambi\u00e9n los proyectos de dominaci\u00f3n imperialista, tanto contra las naciones oprimidas en las regiones europeas como en el resto del mundo, y el proceso de militarizaci\u00f3n de Europa, especialmente desde el inicio de la guerra de agresi\u00f3n imperialista rusa contra Ucrania. Por otro lado, los revolucionarios exaltan las luchas revolucionarias y populares en curso en el mundo, como la guerra de liberaci\u00f3n nacional del pueblo palestino, las protestas que han tenido lugar en Francia y las jornadas de manifestaciones de los campesinos europeos. Es un conjunto de fen\u00f3menos que lleva a los activistas a concluir la necesidad de elevar la organizaci\u00f3n y la lucha revolucionaria de las masas. \u00abLa bandera azul de las 12 estrellas est\u00e1 m\u00e1s baja que nunca. Levantemos bien alto la bandera roja\u00bb, concluyen.<\/p>\n\n\n\n<p class=\"has-black-color has-text-color has-link-color wp-elements-af0d40100b46a308921c2587bd738f03\">Los activistas lanzaron una campa\u00f1a con el lema \u00a1Abajo la alianza imperialista! Boicot a las elecciones del \u00abParlamento Europeo\u00bb. Adopt\u00f3 la forma de agitaciones, protestas, pancartas y pintadas.<\/p>\n\n\n\n<p class=\"has-black-color has-text-color has-link-color wp-elements-4bf3d26239196bb770c9791c70a130f0\">Adem\u00e1s de los firmantes del documento, organizaciones de Grecia, Galicia e Irlanda compartieron la carta y participaron en movilizaciones para boicotear las elecciones al Parlamento Europeo.<\/p>\n","protected":false},"excerpt":{"rendered":"<p>Compartimos esta traducci\u00f3n no oficial de un art\u00edculo encontrado en A Nova Democracia. La extrema derecha ha crecido en el Parlamento Europeo, seg\u00fan las primeras proyecciones de los votos emitidos en las elecciones celebradas entre el 6 y el 9 de junio. Marcadas por una baja participaci\u00f3n del 51% del electorado, hecho asociado a la [&hellip;]<\/p>\n","protected":false},"author":1,"featured_media":26478,"comment_status":"open","ping_status":"open","sticky":false,"template":"","format":"standard","meta":{"footnotes":""},"categories":[116,31],"tags":[],"class_list":["post-26477","post","type-post","status-publish","format-standard","has-post-thumbnail","hentry","category-imperialismo","category-internacional"],"blocksy_meta":[],"_links":{"self":[{"href":"https:\/\/nuevademocracia.com.co\/index.php?rest_route=\/wp\/v2\/posts\/26477","targetHints":{"allow":["GET"]}}],"collection":[{"href":"https:\/\/nuevademocracia.com.co\/index.php?rest_route=\/wp\/v2\/posts"}],"about":[{"href":"https:\/\/nuevademocracia.com.co\/index.php?rest_route=\/wp\/v2\/types\/post"}],"author":[{"embeddable":true,"href":"https:\/\/nuevademocracia.com.co\/index.php?rest_route=\/wp\/v2\/users\/1"}],"replies":[{"embeddable":true,"href":"https:\/\/nuevademocracia.com.co\/index.php?rest_route=%2Fwp%2Fv2%2Fcomments&post=26477"}],"version-history":[{"count":5,"href":"https:\/\/nuevademocracia.com.co\/index.php?rest_route=\/wp\/v2\/posts\/26477\/revisions"}],"predecessor-version":[{"id":26925,"href":"https:\/\/nuevademocracia.com.co\/index.php?rest_route=\/wp\/v2\/posts\/26477\/revisions\/26925"}],"wp:featuredmedia":[{"embeddable":true,"href":"https:\/\/nuevademocracia.com.co\/index.php?rest_route=\/wp\/v2\/media\/26478"}],"wp:attachment":[{"href":"https:\/\/nuevademocracia.com.co\/index.php?rest_route=%2Fwp%2Fv2%2Fmedia&parent=26477"}],"wp:term":[{"taxonomy":"category","embeddable":true,"href":"https:\/\/nuevademocracia.com.co\/index.php?rest_route=%2Fwp%2Fv2%2Fcategories&post=26477"},{"taxonomy":"post_tag","embeddable":true,"href":"https:\/\/nuevademocracia.com.co\/index.php?rest_route=%2Fwp%2Fv2%2Ftags&post=26477"}],"curies":[{"name":"wp","href":"https:\/\/api.w.org\/{rel}","templated":true}]}}