{"id":26498,"date":"2024-07-04T16:32:29","date_gmt":"2024-07-04T21:32:29","guid":{"rendered":"https:\/\/nuevademocracia.com.co\/?p=26498"},"modified":"2024-07-04T16:32:30","modified_gmt":"2024-07-04T21:32:30","slug":"la-lucha-de-tierras-en-caucasia-y-la-pugna-entre-las-clases-dominantes","status":"publish","type":"post","link":"https:\/\/nuevademocracia.com.co\/?p=26498","title":{"rendered":"La lucha de tierras en Caucasia y la pugna entre las clases dominantes"},"content":{"rendered":"\n<figure class=\"wp-block-image aligncenter size-full is-resized\"><img loading=\"lazy\" decoding=\"async\" width=\"647\" height=\"364\" src=\"https:\/\/nuevademocracia.com.co\/wp-content\/uploads\/2024\/07\/image.png\" alt=\"\" class=\"wp-image-26499\" style=\"width:515px;height:auto\" srcset=\"https:\/\/nuevademocracia.com.co\/wp-content\/uploads\/2024\/07\/image.png 647w, https:\/\/nuevademocracia.com.co\/wp-content\/uploads\/2024\/07\/image-300x169.png 300w\" sizes=\"auto, (max-width: 647px) 100vw, 647px\" \/><figcaption class=\"wp-element-caption\"><em><strong><mark style=\"background-color:rgba(0, 0, 0, 0)\" class=\"has-inline-color has-black-color\">Foto: Nathalia Angarita. El Pa\u00eds<\/mark><\/strong><\/em><\/figcaption><\/figure>\n\n\n\n<p class=\"has-black-color has-text-color has-link-color wp-elements-262029af3c2624aeba4ee43413d4776b\">Desde el 24 de marzo del presente a\u00f1o, la regi\u00f3n de Caucasia ha estado en la mirada de la opini\u00f3n p\u00fablica, debido a que se est\u00e1 presentado all\u00ed la invasi\u00f3n de tierras m\u00e1s grande en la actualidad. Se calcula que son m\u00e1s de 5.000 familias que est\u00e1n ocupando un lote de 378 hect\u00e1reas, al que poco a poco han ido llegado familias desterradas del Bajo Cauca y de otras partes del pa\u00eds, especialmente trabajadores informales del sector minero, construcci\u00f3n y campesinos. Las familias han hecho all\u00ed ranchos y cultivos, y han generado toda una incipiente red de vida social en ese territorio. Ciertamente, desde antes de esta visibilizaci\u00f3n medi\u00e1tica del fen\u00f3meno, ya la ocupaci\u00f3n ven\u00eda sucediendo en un menor grado num\u00e9rico.<\/p>\n\n\n\n<p class=\"has-black-color has-text-color has-link-color wp-elements-7918127b3c92032ea1b19c22f1fdce26\">En medio de muchas promesas e intereses politiqueros que buscaban utilizar a los pobladores, la comunidad se fue organizando, estableciendo la figura de una Junta Comunitaria llamada Los Campanos para su vocer\u00eda. El nombre que se le dio al asentamiento fue Nueva Jerusal\u00e9n.<\/p>\n\n\n\n<figure class=\"wp-block-image aligncenter size-full is-resized\"><img loading=\"lazy\" decoding=\"async\" width=\"553\" height=\"401\" src=\"https:\/\/nuevademocracia.com.co\/wp-content\/uploads\/2024\/07\/image-1.png\" alt=\"\" class=\"wp-image-26500\" style=\"width:494px;height:auto\" srcset=\"https:\/\/nuevademocracia.com.co\/wp-content\/uploads\/2024\/07\/image-1.png 553w, https:\/\/nuevademocracia.com.co\/wp-content\/uploads\/2024\/07\/image-1-300x218.png 300w\" sizes=\"auto, (max-width: 553px) 100vw, 553px\" \/><figcaption class=\"wp-element-caption\"><strong><em><mark style=\"background-color:rgba(0, 0, 0, 0)\" class=\"has-inline-color has-black-color\">Foto: Manuel Saldarriaga de El Colombiano.<\/mark><\/em><\/strong><\/figcaption><\/figure>\n\n\n\n<p class=\"has-vivid-red-color has-text-color has-link-color wp-elements-473712e4d6aa60dc2620f2cc683e19ea\"><strong>Los intereses en juego<\/strong><\/p>\n\n\n\n<p class=\"has-black-color has-text-color has-link-color wp-elements-14c9f271512febff66e1366c195246be\">Desde 1998 el terreno en cuesti\u00f3n form\u00f3 parte de los activos del narcotraficante Juan Gabriel \u00dasuga Nore\u00f1a. En el a\u00f1o 2001, \u00e9ste fue extraditado a Estados Unidos, pero las tierras siguieron siendo de \u00e9l hasta 2003, cuando aparentemente las vendi\u00f3 a una empresa de gas y energ\u00eda llamada Promigas. En 2004, estas tierras fueron embargadas por la Fiscal\u00eda y al sol de hoy las tierras son administradas por la Sociedad de Activos Especiales SAE.<\/p>\n\n\n\n<p class=\"has-black-color has-text-color has-link-color wp-elements-b0c3625361adedd59dc8def2d92f2d29\">Empero, esta decisi\u00f3n de embargo fue apelada por \u00dasuga y el juez fall\u00f3 a su favor, lo cual ha dejado la cuesti\u00f3n de la propiedad legal de esta tierra en un estatus ambiguo, favorable a los intereses del narco. De esta manera, la SAE solo qued\u00f3 siendo administradora de la empresa \u201cFinca Santa Helena S.A\u201d que fue el nombre dado por \u00dasuga, pero eso no la autoriza como propietaria privada de las tierras. La persona a cargo de la liquidaci\u00f3n de esta empresa, es Army Judith Escand\u00f3n, quien hizo la petici\u00f3n formal del desalojo a las autoridades.<\/p>\n\n\n\n<p class=\"has-black-color has-text-color has-link-color wp-elements-ae401880085ccacdb6b2789f940a1ef4\">Por lo visto, entonces, mientras la SAE funge como administradora formal, el narco ha jugado sus cartas para mantenerse con el control real de la tierra. Escand\u00f3n firm\u00f3 un contrato de arrendamiento de estas tierras con Faryd V\u00e9lez, due\u00f1o del Polit\u00e9cnico del Cauca CIAMDCO, quien es el testaferro de Jos\u00e9 Bayron Piedrah\u00edta, alias \u201cEl Patr\u00f3n de Caucasia\u201d, uno de los narcotraficantes m\u00e1s poderosos del <a href=\"https:\/\/www.pulzo.com\/nacion\/dicen-quien-es-megalote-hacienda-santa-helena-antioquia-que-invadieron-PP3610400A\">Bajo Cauca antioque\u00f1o<\/a>. Adem\u00e1s de esto, habr\u00eda otro particular reclamando la tierra de quien no se conoce mucho, y se suman las Empresas P\u00fablicas de Medell\u00edn, bajo control del GEA, que tambi\u00e9n tienen intereses en la zona.<\/p>\n\n\n\n<p class=\"has-black-color has-text-color has-link-color wp-elements-53131429ecaabb6c896c1d7bace2a624\">Hoy en d\u00eda, la toma de las tierras por parte de las masas campesinas ha puesto al Estado entre la espada y la pared: los intereses de Petro, actual administrador del Estado, de mantener una imagen popular para sostener su capital pol\u00edtico, se chocan contra la mafia terrateniente de la regi\u00f3n que aboga por un desalojo inmediato de los campesinos.<\/p>\n\n\n\n<p class=\"has-black-color has-text-color has-link-color wp-elements-8bbb26696b2896732952d82c0d565f35\">El 27 de mayo de 2024 se expidi\u00f3 el Decreto 0064 de la Alcald\u00eda de Caucasia, por el cual, se ordenaron una serie de medidas para facilitar el desalojo de 378 hect\u00e1reas de tierra en la zona urbana del municipio. Se orden\u00f3 la restricci\u00f3n del uso de drones, estacionamiento en 200 metros a la redonda de la hacienda y prohibici\u00f3n del porte de armas a civiles en el municipio, con el fin de llevar a cabo el operativo del desalojo. A estas iniciativas de desalojo por la fuerza, se han opuesto algunos miembros del partido de gobierno, quienes abogan por un desalojo consensuado con las masas campesinas.<\/p>\n\n\n\n<p class=\"has-black-color has-text-color has-link-color wp-elements-71ebfe4d1ca1d1c9ed68d1b0f658f6e7\">Lo anterior expresa una pugna entre, por un lado, la alcald\u00eda de Caucasia y la gobernaci\u00f3n de Antioquia, quienes han actuado en favor de desalojar por la fuerza y, por otro lado, el gobierno nacional y la Sociedad de Activos Especiales, actual administradora del predio, quienes mantienen una postura de evitar el uso de la fuerza. El gobierno est\u00e1 tratando de persuadir a la comunidad para que salga del terreno voluntariamente, alegando que \u201cno es la ocupaci\u00f3n la v\u00eda para acceder a los bienes de la SAE\u201d y que \u201ciniciaremos el debido proceso para recuperar el predio\u201d para ofrecer alternativas de vivienda a la <a href=\"https:\/\/x.com\/activosSAE\/status\/1794152032896528473\">comunidad<\/a>. Ambos sectores del poder, pues, est\u00e1n en contra de que la comunidad campesina haya adquirido su derecho a la tierra por la v\u00eda de los hechos y buscan desmovilizar a la comunidad de su lucha, retir\u00e1ndoles su conquista y encaminando sus reivindicaciones por una v\u00eda burocr\u00e1tica m\u00e1s controlable para el Estado o simplemente reprimi\u00e9ndolas de manera tajante. As\u00ed pues, aunque en la pugna entre el gobierno nacional y el gobierno local vemos dos formas de abordar el problema, el resultado al final ser\u00eda el mismo: quitarles la tierra a las masas.<\/p>\n\n\n\n<p class=\"has-vivid-red-color has-text-color has-link-color wp-elements-635953b13269d11c0df9eecdbf6de4fc\"><strong>El inter\u00e9s popular contra el Estado<\/strong><\/p>\n\n\n\n<p class=\"has-black-color has-text-color has-link-color wp-elements-4ea2c20a680755b6ec0335b72a3d04f7\">\u201cTengo derecho a un techo digno que me permita crecer y vivir plenamente\u201d se lee en uno de los carteles hechos por las familias, en una manifestaci\u00f3n que se hizo en protesta para exigirle a Gustavo Petro que garantice ese derecho que ellos conquistaron a partir de la <a href=\"https:\/\/www.facebook.com\/Npnoticiasbajocauca\/videos\/caucasiafamilias-de-la-invasi%C3%B3n-en-la-hacienda-santa-elena-protestan-a-esta-hora\/1465622941003963\/\">lucha<\/a>.<\/p>\n\n\n\n<p class=\"has-black-color has-text-color has-link-color wp-elements-ddf60b8296d99ed8c4b0b65bcc9cf2cd\">La toma de estos terrenos por parte de la comunidad responde a una necesidad imperiosa de democratizaci\u00f3n de la propiedad y el uso de las tierras en el pa\u00eds. Las cifras m\u00e1s actualizadas apuntan a que el 14% de los propietarios controlan el 80% del territorio y, en perspectiva hist\u00f3rica, esto refleja un proceso de <a href=\"https:\/\/revfinypolecon.ucatolica.edu.co\/article\/view\/5313\/4668#:~:text=En%20cuanto%20a%20la%20propiedad,1960%20a%200%2C885%20en%202009.\">concentraci\u00f3n de la tierra<\/a> y, con ello, de profundizaci\u00f3n del atraso social generado por el control de los recursos territoriales de la naci\u00f3n por unas clases dominantes agroexportadoras, quienes imponen sus intereses en el uso y tenencia de las tierras, a espaldas de las necesidades de desarrollo del pa\u00eds, las cuales s\u00f3lo se satisfacen con la soberan\u00eda popular del territorio.<\/p>\n\n\n\n<p class=\"has-black-color has-text-color has-link-color wp-elements-66f342d3690ef348e54b65dfb3a9892e\">La masificaci\u00f3n de la ocupaci\u00f3n de tierras en el pa\u00eds o, la mayor visibilizaci\u00f3n de ese fen\u00f3meno, se da en medio de una particular coyuntura pol\u00edtica. El gobierno liberal de Gustavo Petro se aprovech\u00f3 del descontento popular para catapultarse y, esas masas populares a quienes Petro prometi\u00f3 un cambio, comenzaron a desbordar al gobierno oportunista, abriendo un espacio para que se haga m\u00e1s n\u00edtida la grieta entre los intereses populares de revoluci\u00f3n agraria y los intereses del gobierno de conservaci\u00f3n y conciliaci\u00f3n con el latifundio.<\/p>\n","protected":false},"excerpt":{"rendered":"<p>Desde el 24 de marzo del presente a\u00f1o, la regi\u00f3n de Caucasia ha estado en la mirada de la opini\u00f3n p\u00fablica, debido a que se est\u00e1 presentado all\u00ed la invasi\u00f3n de tierras m\u00e1s grande en la actualidad. Se calcula que son m\u00e1s de 5.000 familias que est\u00e1n ocupando un lote de 378 hect\u00e1reas, al que [&hellip;]<\/p>\n","protected":false},"author":1,"featured_media":26499,"comment_status":"open","ping_status":"open","sticky":false,"template":"","format":"standard","meta":{"footnotes":""},"categories":[4,144],"tags":[],"class_list":["post-26498","post","type-post","status-publish","format-standard","has-post-thumbnail","hentry","category-colombia","category-lucha-por-la-tierra"],"blocksy_meta":[],"_links":{"self":[{"href":"https:\/\/nuevademocracia.com.co\/index.php?rest_route=\/wp\/v2\/posts\/26498","targetHints":{"allow":["GET"]}}],"collection":[{"href":"https:\/\/nuevademocracia.com.co\/index.php?rest_route=\/wp\/v2\/posts"}],"about":[{"href":"https:\/\/nuevademocracia.com.co\/index.php?rest_route=\/wp\/v2\/types\/post"}],"author":[{"embeddable":true,"href":"https:\/\/nuevademocracia.com.co\/index.php?rest_route=\/wp\/v2\/users\/1"}],"replies":[{"embeddable":true,"href":"https:\/\/nuevademocracia.com.co\/index.php?rest_route=%2Fwp%2Fv2%2Fcomments&post=26498"}],"version-history":[{"count":1,"href":"https:\/\/nuevademocracia.com.co\/index.php?rest_route=\/wp\/v2\/posts\/26498\/revisions"}],"predecessor-version":[{"id":26501,"href":"https:\/\/nuevademocracia.com.co\/index.php?rest_route=\/wp\/v2\/posts\/26498\/revisions\/26501"}],"wp:featuredmedia":[{"embeddable":true,"href":"https:\/\/nuevademocracia.com.co\/index.php?rest_route=\/wp\/v2\/media\/26499"}],"wp:attachment":[{"href":"https:\/\/nuevademocracia.com.co\/index.php?rest_route=%2Fwp%2Fv2%2Fmedia&parent=26498"}],"wp:term":[{"taxonomy":"category","embeddable":true,"href":"https:\/\/nuevademocracia.com.co\/index.php?rest_route=%2Fwp%2Fv2%2Fcategories&post=26498"},{"taxonomy":"post_tag","embeddable":true,"href":"https:\/\/nuevademocracia.com.co\/index.php?rest_route=%2Fwp%2Fv2%2Ftags&post=26498"}],"curies":[{"name":"wp","href":"https:\/\/api.w.org\/{rel}","templated":true}]}}