{"id":26507,"date":"2024-07-05T08:00:00","date_gmt":"2024-07-05T13:00:00","guid":{"rendered":"https:\/\/nuevademocracia.com.co\/?p=26507"},"modified":"2024-07-10T13:14:44","modified_gmt":"2024-07-10T18:14:44","slug":"brasil-entrevista-a-campesinos-del-area-revolucionaria-renato-nathan","status":"publish","type":"post","link":"https:\/\/nuevademocracia.com.co\/?p=26507","title":{"rendered":"Brasil: Entrevista a campesinos del \u00c1rea Revolucionaria Renato Nathan"},"content":{"rendered":"\n<p class=\"has-black-color has-text-color has-link-color wp-elements-39a14ab9556fe244e10b9f5c8d98d042\">Compartimos la traducci\u00f3n no oficial hecha por el <a href=\"https:\/\/heraldorojo.org\/2024\/06\/24\/brasil-entrevista-a-campesinos-del-area-revolucionaria-renato-nathan\/\">Heraldo Rojo<\/a> de la entrevista publicada en\u00a0<a href=\"https:\/\/anovademocracia.com.br\/entrevista-camponeses-relatam-sobre-area-revolucionaria-renato-nathan-em-meio-a-ameacas-de-despejo\/\">A Nova Democracia<\/a>.<\/p>\n\n\n\n<h3 class=\"wp-block-heading has-vivid-red-color has-text-color has-link-color wp-elements-03a824c96668801c2fe4be6749cbe5d9\">Entrevista \u2013 Campesinos informan sobre el \u00c1rea Revolucionaria Renato Nathan en medio de amenazas de desalojo<\/h3>\n\n\n\n<p class=\"has-black-color has-text-color has-link-color wp-elements-d5d05e0b7dcc869753e231ba6c37c591\">En una entrevista en el \u00c1rea Revolucionaria Renato Nathan en Messias\/Lajeiro, en medio de amenazas de desalojo por parte del poder judicial, campesinos organizados por la Liga de Campesinos Pobres (LCP) durante casi dos d\u00e9cadas nos contaron sobre su vida, producci\u00f3n y lucha. Un campesino nos cont\u00f3 lo siguiente sobre su producci\u00f3n:<\/p>\n\n\n\n<p class=\"has-black-color has-text-color has-link-color wp-elements-0239db3275adc560f0147a6a29c9a0ce\">\u201cLlegamos aqu\u00ed y llegamos al bosque, \u00bfno? No hab\u00eda due\u00f1o y tal\u2026 Y empezamos a sembrar cocoteros, plantar naranjas, anacardos, mangos, acerola, guan\u00e1bana, yuca, ma\u00edz\u2026 Dos vacas de leche para hacer queso para vender\u2026 Que la gente tambi\u00e9n sobreviven del queso, que aqu\u00ed vendemos un queso todos los d\u00edas. Y vas vendiendo a la gente aqu\u00ed mismo en la ciudad, eh\u2026 Y unas gallinas, unas cabras all\u00e1 atr\u00e1s\u2026. Y dos peceras, lo cual es normal tener, \u00bfno? Un pavo peque\u00f1o, algo\u2026 Y un carrito viejo para trabajar, \u00bfno? Y as\u00ed seguimos con nuestras vidas\u2026 No vivimos de la tierra, alimentamos a la ciudad. [\u2026] porque aqu\u00ed la ciudad depende de nosotros.\u201d<\/p>\n\n\n\n<div class=\"wp-block-group is-content-justification-center is-nowrap is-layout-flex wp-container-core-group-is-layout-23441af8 wp-block-group-is-layout-flex\">\n<figure class=\"wp-block-image size-full is-resized\"><img loading=\"lazy\" decoding=\"async\" width=\"1024\" height=\"576\" src=\"https:\/\/nuevademocracia.com.co\/wp-content\/uploads\/2024\/07\/image-3.png\" alt=\"\" class=\"wp-image-26508\" style=\"width:434px;height:auto\" srcset=\"https:\/\/nuevademocracia.com.co\/wp-content\/uploads\/2024\/07\/image-3.png 1024w, https:\/\/nuevademocracia.com.co\/wp-content\/uploads\/2024\/07\/image-3-300x169.png 300w, https:\/\/nuevademocracia.com.co\/wp-content\/uploads\/2024\/07\/image-3-768x432.png 768w\" sizes=\"auto, (max-width: 1024px) 100vw, 1024px\" \/><\/figure>\n\n\n\n<figure class=\"wp-block-image size-full is-resized\"><img loading=\"lazy\" decoding=\"async\" width=\"1024\" height=\"576\" src=\"https:\/\/nuevademocracia.com.co\/wp-content\/uploads\/2024\/07\/image-4.png\" alt=\"\" class=\"wp-image-26509\" style=\"width:432px;height:auto\" srcset=\"https:\/\/nuevademocracia.com.co\/wp-content\/uploads\/2024\/07\/image-4.png 1024w, https:\/\/nuevademocracia.com.co\/wp-content\/uploads\/2024\/07\/image-4-300x169.png 300w, https:\/\/nuevademocracia.com.co\/wp-content\/uploads\/2024\/07\/image-4-768x432.png 768w\" sizes=\"auto, (max-width: 1024px) 100vw, 1024px\" \/><\/figure>\n\n\n\n<figure class=\"wp-block-image size-full is-resized\"><img loading=\"lazy\" decoding=\"async\" width=\"945\" height=\"540\" src=\"https:\/\/nuevademocracia.com.co\/wp-content\/uploads\/2024\/07\/image-5.png\" alt=\"\" class=\"wp-image-26510\" style=\"width:427px;height:auto\" srcset=\"https:\/\/nuevademocracia.com.co\/wp-content\/uploads\/2024\/07\/image-5.png 945w, https:\/\/nuevademocracia.com.co\/wp-content\/uploads\/2024\/07\/image-5-300x171.png 300w, https:\/\/nuevademocracia.com.co\/wp-content\/uploads\/2024\/07\/image-5-768x439.png 768w\" sizes=\"auto, (max-width: 945px) 100vw, 945px\" \/><\/figure>\n<\/div>\n\n\n\n<p><\/p>\n\n\n\n<p class=\"has-black-color has-text-color has-link-color wp-elements-78ee5cb21de0508c5b0870c3763b4bf2\">Demostrando en su discurso la importancia del \u00c1rea Revolucionaria, no s\u00f3lo para los propios campesinos, sino para los que viven en la ciudad en general que se benefician de la producci\u00f3n campesina. Otro campesino nos cont\u00f3 c\u00f3mo era la regi\u00f3n antes de la distribuci\u00f3n popular de la tierra:<\/p>\n\n\n\n<p class=\"has-black-color has-text-color has-link-color wp-elements-1aebad7270984981ab0b69bea28cb2da\">\u201cBueno, cuando llegu\u00e9 aqu\u00ed, en realidad no hab\u00eda nada aqu\u00ed. Esto no ten\u00eda nada, no hab\u00eda un \u00e1rbol de yaca, no hab\u00eda nada debajo de lo cual pudieras cubrirte. Lo que hab\u00eda era s\u00f3lo hierba, s\u00f3lo hierba y arbustos. Eso era lo que exist\u00eda aqu\u00ed en Lajeiro. Entonces\u2026 Llegamos, hab\u00eda unas personas all\u00ed que empezaron a sembrar un peque\u00f1o campo all\u00ed, pero no pudieron cosechar\u2026 Sembraron, la gente rob\u00f3. Luego aqu\u00ed fue la multiplicaci\u00f3n de los animales, luego fue la de los humanos. Yo no estaba all\u00ed, pero encontraron el cuerpo en alguna parte, llamaron a la polic\u00eda y as\u00ed\u2026 de vez en cuando encontr\u00e9 gente tirada aqu\u00ed, en esta zona aqu\u00ed, porque estaba deshabitada, este lugar estaba deshabitado\u201d.<\/p>\n\n\n\n<p class=\"has-black-color has-text-color has-link-color wp-elements-95ab36a4e95deb48a983dba4580a24e7\">Preguntamos sobre la Liga de Campesinos Pobres y uno de los entrevistados respondi\u00f3 con su valoraci\u00f3n sobre el movimiento campesino:<\/p>\n\n\n\n<p class=\"has-black-color has-text-color has-link-color wp-elements-c203373a3a5bb0cf08f576664ae08671\">\u00ab\u00a1Muy buena! Mire, la Liga, esta Liga de aqu\u00ed es una familia. Es una familia unida, porque nadie tiene poder solo por ser presidente, ni nadie crece m\u00e1s que nadie. Porque es uno, como el propio l\u00edder, que es luchador. Ali es un luchador, s\u00f3lo vive luchando por los dem\u00e1s. Y no es una batalla por \u00e9l, batalla para los otros, \u00bfno? Como muchos en la Liga, \u00bfno? \u00bfEntendiste? S\u00f3lo hace falta tierra para que la gente trabaje. Convivir creo que es muy bueno, muy, muy, muy bueno. No tiene que faltar la compa\u00f1era coordinadora, mi amiga. No, ella no le habla a nadie como presidenta, habla como todos los dem\u00e1s. La Liga es muy buena\u201d.<\/p>\n\n\n\n<p class=\"has-black-color has-text-color has-link-color wp-elements-9b7ab23f74e05f19f5424567611abbc0\">Con mucha indignaci\u00f3n uno de ellos nos respondi\u00f3 sobre quienes quieren negar que esa tierra es de los campesinos:<\/p>\n\n\n\n<p class=\"has-black-color has-text-color has-link-color wp-elements-4d556aec9a7b32f355b28fa00e203e0b\">\u201cQue nadie me diga eso a la cara, que van a acabar en mal, con una bala\u2026 El que me llame vagabundo tiene que ser un hombre de verdad porque no es f\u00e1cil\u2026 Vivimos en esta lucha por luchar por el pan de cada d\u00eda como vivimos todos aqu\u00ed. Es como si viene un vagabundo a decirme que soy un vagabundo\u2026 sobre todo, la gente que no tiene nada que ver con la tierra. Los que dicen esto son los que no tienen nada que ver, los que defienden a los due\u00f1os de las centrales que no viven en la tierra, los que est\u00e1n celosos, los que est\u00e1n enojados\u2026 luego siguen diciendo eso. Tenemos mucha gente all\u00e1 en Messias que dice \u201cah, porque esta gente realmente se tiene que ir, se siguen llevando lo que es de la planta\u201d\u2026 Pero no lo dicen delante de nosotros porque si lo dicen\u2026 S\u00e9 que no lo dir\u00e1n. Si preguntas, te dicen \u201cno, pero est\u00e1 bien\u2026\u201d.<\/p>\n\n\n\n<div class=\"wp-block-group is-content-justification-center is-nowrap is-layout-flex wp-container-core-group-is-layout-23441af8 wp-block-group-is-layout-flex\">\n<figure class=\"wp-block-image size-full is-resized\"><img loading=\"lazy\" decoding=\"async\" width=\"1024\" height=\"768\" src=\"https:\/\/nuevademocracia.com.co\/wp-content\/uploads\/2024\/07\/image-6.png\" alt=\"\" class=\"wp-image-26512\" style=\"width:363px;height:auto\" srcset=\"https:\/\/nuevademocracia.com.co\/wp-content\/uploads\/2024\/07\/image-6.png 1024w, https:\/\/nuevademocracia.com.co\/wp-content\/uploads\/2024\/07\/image-6-300x225.png 300w, https:\/\/nuevademocracia.com.co\/wp-content\/uploads\/2024\/07\/image-6-768x576.png 768w\" sizes=\"auto, (max-width: 1024px) 100vw, 1024px\" \/><\/figure>\n\n\n\n<figure class=\"wp-block-image size-full is-resized\"><img loading=\"lazy\" decoding=\"async\" width=\"1024\" height=\"768\" src=\"https:\/\/nuevademocracia.com.co\/wp-content\/uploads\/2024\/07\/image-7.png\" alt=\"\" class=\"wp-image-26513\" style=\"width:361px;height:auto\" srcset=\"https:\/\/nuevademocracia.com.co\/wp-content\/uploads\/2024\/07\/image-7.png 1024w, https:\/\/nuevademocracia.com.co\/wp-content\/uploads\/2024\/07\/image-7-300x225.png 300w, https:\/\/nuevademocracia.com.co\/wp-content\/uploads\/2024\/07\/image-7-768x576.png 768w\" sizes=\"auto, (max-width: 1024px) 100vw, 1024px\" \/><\/figure>\n\n\n\n<figure class=\"wp-block-image size-full is-resized\"><img loading=\"lazy\" decoding=\"async\" width=\"768\" height=\"1024\" src=\"https:\/\/nuevademocracia.com.co\/wp-content\/uploads\/2024\/07\/image-8.png\" alt=\"\" class=\"wp-image-26514\" style=\"width:358px;height:auto\" srcset=\"https:\/\/nuevademocracia.com.co\/wp-content\/uploads\/2024\/07\/image-8.png 768w, https:\/\/nuevademocracia.com.co\/wp-content\/uploads\/2024\/07\/image-8-225x300.png 225w\" sizes=\"auto, (max-width: 768px) 100vw, 768px\" \/><\/figure>\n<\/div>\n\n\n\n<p><\/p>\n\n\n\n<p class=\"has-black-color has-text-color has-link-color wp-elements-fcfa1f3432a10062c2620305aaf69c5a\">Sobre la lucha contra las amenazas de desalojo uno de los campesinos nos cont\u00f3 a larga lucha contra sucesivos ataques y la disposici\u00f3n a luchar:<\/p>\n\n\n\n<p class=\"has-black-color has-text-color has-link-color wp-elements-bb10ab476dca58ccc018d5c71885bab0\">\u201cYa han sido cinco, aparte de esta amenaza de ahora. Ya ha derribado cinco. Porque aqu\u00ed, vinimos aqu\u00ed\u2026 Y nos quedamos aqu\u00ed, por un a\u00f1o o as\u00ed, llamamos por dos a\u00f1os, y siempre est\u00e1bamos construyendo. Y la Liga siempre nos apoya, nos da apoyo y busca la realidad. La Liga dijo que lucharemos hasta el final\u201d.<\/p>\n\n\n\n<p class=\"has-black-color has-text-color has-link-color wp-elements-152278f190c63a3130ffc77e94dd0132\">Al final de la entrevista pudimos percibir el clima de revuelta entre los campesinos ante un nuevo intento de desalojo por parte de los due\u00f1os del molino. Uno de los campesinos afirm\u00f3:<\/p>\n\n\n\n<p class=\"has-black-color has-text-color has-link-color wp-elements-eff0d5336689126a6a577b8def11113a\">\u201cLo que yo ten\u00eda, lo vend\u00ed para invertir aqu\u00ed, es lo que se ve aqu\u00ed en el recinto. Las peque\u00f1as cosas las tuve que invertir, eso es todo. No tienes casa, si dices \u201choy\u2026\u201d \u2013 \u00a1Dios no lo quiera! \u2013 \u201cvoy a dejar Lajeiro\u201d, me voy a quedar en la calle. Eso lo digo hoy, en esta entrevista que estoy grabando. Aqu\u00ed le pido a Dios que Dios tome la iniciativa y que no venga nada malo. Porque aqu\u00ed, para sacarme de aqu\u00ed, hay que tener buenas tropas. Porque sino habr\u00e1 conflicto, habr\u00e1 balas y fuego, porque \u00bfqu\u00e9 m\u00e1s voy a hacer si me voy de aqu\u00ed?\u201d.<\/p>\n\n\n\n<figure class=\"wp-block-image size-full\"><img loading=\"lazy\" decoding=\"async\" width=\"1024\" height=\"576\" src=\"https:\/\/nuevademocracia.com.co\/wp-content\/uploads\/2024\/07\/image-9.png\" alt=\"\" class=\"wp-image-26516\" srcset=\"https:\/\/nuevademocracia.com.co\/wp-content\/uploads\/2024\/07\/image-9.png 1024w, https:\/\/nuevademocracia.com.co\/wp-content\/uploads\/2024\/07\/image-9-300x169.png 300w, https:\/\/nuevademocracia.com.co\/wp-content\/uploads\/2024\/07\/image-9-768x432.png 768w\" sizes=\"auto, (max-width: 1024px) 100vw, 1024px\" \/><\/figure>\n","protected":false},"excerpt":{"rendered":"<p>Compartimos la traducci\u00f3n no oficial hecha por el Heraldo Rojo de la entrevista publicada en\u00a0A Nova Democracia. Entrevista \u2013 Campesinos informan sobre el \u00c1rea Revolucionaria Renato Nathan en medio de amenazas de desalojo En una entrevista en el \u00c1rea Revolucionaria Renato Nathan en Messias\/Lajeiro, en medio de amenazas de desalojo por parte del poder judicial, [&hellip;]<\/p>\n","protected":false},"author":1,"featured_media":26516,"comment_status":"open","ping_status":"open","sticky":false,"template":"","format":"standard","meta":{"footnotes":""},"categories":[31,144],"tags":[],"class_list":["post-26507","post","type-post","status-publish","format-standard","has-post-thumbnail","hentry","category-internacional","category-lucha-por-la-tierra"],"blocksy_meta":[],"_links":{"self":[{"href":"https:\/\/nuevademocracia.com.co\/index.php?rest_route=\/wp\/v2\/posts\/26507","targetHints":{"allow":["GET"]}}],"collection":[{"href":"https:\/\/nuevademocracia.com.co\/index.php?rest_route=\/wp\/v2\/posts"}],"about":[{"href":"https:\/\/nuevademocracia.com.co\/index.php?rest_route=\/wp\/v2\/types\/post"}],"author":[{"embeddable":true,"href":"https:\/\/nuevademocracia.com.co\/index.php?rest_route=\/wp\/v2\/users\/1"}],"replies":[{"embeddable":true,"href":"https:\/\/nuevademocracia.com.co\/index.php?rest_route=%2Fwp%2Fv2%2Fcomments&post=26507"}],"version-history":[{"count":3,"href":"https:\/\/nuevademocracia.com.co\/index.php?rest_route=\/wp\/v2\/posts\/26507\/revisions"}],"predecessor-version":[{"id":26517,"href":"https:\/\/nuevademocracia.com.co\/index.php?rest_route=\/wp\/v2\/posts\/26507\/revisions\/26517"}],"wp:featuredmedia":[{"embeddable":true,"href":"https:\/\/nuevademocracia.com.co\/index.php?rest_route=\/wp\/v2\/media\/26516"}],"wp:attachment":[{"href":"https:\/\/nuevademocracia.com.co\/index.php?rest_route=%2Fwp%2Fv2%2Fmedia&parent=26507"}],"wp:term":[{"taxonomy":"category","embeddable":true,"href":"https:\/\/nuevademocracia.com.co\/index.php?rest_route=%2Fwp%2Fv2%2Fcategories&post=26507"},{"taxonomy":"post_tag","embeddable":true,"href":"https:\/\/nuevademocracia.com.co\/index.php?rest_route=%2Fwp%2Fv2%2Ftags&post=26507"}],"curies":[{"name":"wp","href":"https:\/\/api.w.org\/{rel}","templated":true}]}}