{"id":26519,"date":"2024-07-10T13:13:30","date_gmt":"2024-07-10T18:13:30","guid":{"rendered":"https:\/\/nuevademocracia.com.co\/?p=26519"},"modified":"2024-07-10T13:14:11","modified_gmt":"2024-07-10T18:14:11","slug":"jornada-de-protesta-continental-antiimperialista-e-internacionalista-en-medellin","status":"publish","type":"post","link":"https:\/\/nuevademocracia.com.co\/?p=26519","title":{"rendered":"Jornada de Protesta Continental Antiimperialista e Internacionalista en Medell\u00edn"},"content":{"rendered":"\n<figure class=\"wp-block-image aligncenter size-full is-resized\"><img loading=\"lazy\" decoding=\"async\" width=\"578\" height=\"574\" src=\"https:\/\/nuevademocracia.com.co\/wp-content\/uploads\/2024\/07\/image-11.png\" alt=\"\" class=\"wp-image-26521\" style=\"width:511px;height:auto\" srcset=\"https:\/\/nuevademocracia.com.co\/wp-content\/uploads\/2024\/07\/image-11.png 578w, https:\/\/nuevademocracia.com.co\/wp-content\/uploads\/2024\/07\/image-11-300x298.png 300w, https:\/\/nuevademocracia.com.co\/wp-content\/uploads\/2024\/07\/image-11-150x150.png 150w\" sizes=\"auto, (max-width: 578px) 100vw, 578px\" \/><figcaption class=\"wp-element-caption\"><strong><em><mark style=\"background-color:rgba(0, 0, 0, 0)\" class=\"has-inline-color has-black-color\">Foto: Instagram Resistencia Juvenil<\/mark><\/em><\/strong><\/figcaption><\/figure>\n\n\n\n<p><\/p>\n\n\n\n<p class=\"has-black-color has-text-color has-link-color wp-elements-0e75f36d21b2b8e91f538ea08b9371e7\">El pasado 4 de julio en Colombia, grupos de activistas, luchadores y revolucionarios se sumaron a la convocatoria Antimperialista, citada por varias organizaciones populares de Am\u00e9rica Latina, enarbolando la bandera del pueblo Palestino en contra de la opresi\u00f3n del imperialismo principalmente yanqui en el pa\u00eds.<\/p>\n\n\n\n<p class=\"has-black-color has-text-color has-link-color wp-elements-faf3af6886e6383db207e1f3db62029b\">En Medell\u00edn, la jornada inicio desde las 4:00 pm, se reunieron sindicalistas, estudiantes, miembros de la comunidad \u00e1rabe y activistas de otras organizaciones sociales, concentrando un grupo de personas en el parque de la Resistencia, este bloque se tom\u00f3 la calle, con varias banderas Palestinas, cantando consignas por \u00a1tierra para quien la trabaja! Contra el imperialismo \u00a1Fuera yanquis! Y en solidaridad con el pueblo palestino \u00a1Gaza aguanta el pueblo se levanta!<\/p>\n\n\n\n<figure class=\"wp-block-image aligncenter size-full is-resized\"><img loading=\"lazy\" decoding=\"async\" width=\"604\" height=\"626\" src=\"https:\/\/nuevademocracia.com.co\/wp-content\/uploads\/2024\/07\/image-10.png\" alt=\"\" class=\"wp-image-26520\" style=\"width:525px;height:auto\" srcset=\"https:\/\/nuevademocracia.com.co\/wp-content\/uploads\/2024\/07\/image-10.png 604w, https:\/\/nuevademocracia.com.co\/wp-content\/uploads\/2024\/07\/image-10-289x300.png 289w\" sizes=\"auto, (max-width: 604px) 100vw, 604px\" \/><figcaption class=\"wp-element-caption\"><strong><em><mark style=\"background-color:rgba(0, 0, 0, 0)\" class=\"has-inline-color has-black-color\">Foto: Instagram Resistencia Juvenil<\/mark><\/em><\/strong><\/figcaption><\/figure>\n\n\n\n<p><\/p>\n\n\n\n<p class=\"has-black-color has-text-color has-link-color wp-elements-91b6aeedcf6713cf7acdf56aeea4057a\">En medio de la jornada, la marcha paso por barrios populares en los que los manifestantes explicaron al pueblo trabajador, porque se estaba denunciando al imperialismo que oprime a las naciones como la nuestra, como era justa la solidaridad con el pueblo Palestino y la tarea del pueblo colombiano de luchar por soberan\u00eda nacional y expulsar al imperialismo, tambi\u00e9n gritaron la consigna:<em> \u201clos yanquis quieren hacer de mi patria su fort\u00edn, pero de aqu\u00ed los sacamos a machete y a bal\u00edn\u201d<\/em><\/p>\n\n\n\n<p class=\"has-black-color has-text-color has-link-color wp-elements-5e887f5c86b1cb3cca88c9f7b5d03c90\">La jornada finalizo con la quema de banderas de EE.UU, mientras mujeres activistas hablaban de lo que significaba el imperialismo en nuestro pa\u00eds y los pueblos oprimidos en el mundo. Adem\u00e1s, las compa\u00f1eras denunciaron lo que significaba para las mujeres del pueblo colombiano el imperialismo yanqui, y la necesidad de romper las cadenas uni\u00e9ndose a la lucha. Luego de las palabras de las activistas, un miembro de la comunidad \u00e1rabe, hablo de la situaci\u00f3n del pueblo palestino y el valor de las acciones antimperialistas contra el enemigo com\u00fan de los pueblos oprimidos. Varios activistas que participaron de la jornada expresaron gran alegr\u00eda, pues, ellos ven que el movimiento social se fortalece en medio que avanza su lucha antiimperialista.<\/p>\n\n\n\n<p><\/p>\n\n\n\n<figure class=\"wp-block-video aligncenter\"><video height=\"1280\" style=\"aspect-ratio: 720 \/ 1280;\" width=\"720\" controls src=\"https:\/\/nuevademocracia.com.co\/wp-content\/uploads\/2024\/07\/Jornada-continental-de-protesta-internacionalista-y-anti-imperialistas-en-Medellin-este-4-de-julio.-LOS-PUEBLOS-VENCEREMOS-1.mp4\"><\/video><figcaption class=\"wp-element-caption\"><strong><em><mark style=\"background-color:rgba(0, 0, 0, 0)\" class=\"has-inline-color has-black-color\">Foto: Instagram Resistencia Juvenil <br><a href=\"https:\/\/www.instagram.com\/reel\/C9BKOOBPF70\/?igsh=MTF5OHh0dmhmcHBmYg==\">https:\/\/www.instagram.com\/reel\/C9BKOOBPF70\/?igsh=MTF5OHh0dmhmcHBmYg==<\/a><\/mark><\/em><\/strong><\/figcaption><\/figure>\n\n\n\n<p><\/p>\n","protected":false},"excerpt":{"rendered":"<p>El pasado 4 de julio en Colombia, grupos de activistas, luchadores y revolucionarios se sumaron a la convocatoria Antimperialista, citada por varias organizaciones populares de Am\u00e9rica Latina, enarbolando la bandera del pueblo Palestino en contra de la opresi\u00f3n del imperialismo principalmente yanqui en el pa\u00eds. En Medell\u00edn, la jornada inicio desde las 4:00 pm, se [&hellip;]<\/p>\n","protected":false},"author":1,"featured_media":26521,"comment_status":"open","ping_status":"open","sticky":false,"template":"","format":"standard","meta":{"footnotes":""},"categories":[16,4,116,31,135],"tags":[],"class_list":["post-26519","post","type-post","status-publish","format-standard","has-post-thumbnail","hentry","category-carrusel","category-colombia","category-imperialismo","category-internacional","category-resistencia-palestina"],"blocksy_meta":[],"_links":{"self":[{"href":"https:\/\/nuevademocracia.com.co\/index.php?rest_route=\/wp\/v2\/posts\/26519","targetHints":{"allow":["GET"]}}],"collection":[{"href":"https:\/\/nuevademocracia.com.co\/index.php?rest_route=\/wp\/v2\/posts"}],"about":[{"href":"https:\/\/nuevademocracia.com.co\/index.php?rest_route=\/wp\/v2\/types\/post"}],"author":[{"embeddable":true,"href":"https:\/\/nuevademocracia.com.co\/index.php?rest_route=\/wp\/v2\/users\/1"}],"replies":[{"embeddable":true,"href":"https:\/\/nuevademocracia.com.co\/index.php?rest_route=%2Fwp%2Fv2%2Fcomments&post=26519"}],"version-history":[{"count":2,"href":"https:\/\/nuevademocracia.com.co\/index.php?rest_route=\/wp\/v2\/posts\/26519\/revisions"}],"predecessor-version":[{"id":26525,"href":"https:\/\/nuevademocracia.com.co\/index.php?rest_route=\/wp\/v2\/posts\/26519\/revisions\/26525"}],"wp:featuredmedia":[{"embeddable":true,"href":"https:\/\/nuevademocracia.com.co\/index.php?rest_route=\/wp\/v2\/media\/26521"}],"wp:attachment":[{"href":"https:\/\/nuevademocracia.com.co\/index.php?rest_route=%2Fwp%2Fv2%2Fmedia&parent=26519"}],"wp:term":[{"taxonomy":"category","embeddable":true,"href":"https:\/\/nuevademocracia.com.co\/index.php?rest_route=%2Fwp%2Fv2%2Fcategories&post=26519"},{"taxonomy":"post_tag","embeddable":true,"href":"https:\/\/nuevademocracia.com.co\/index.php?rest_route=%2Fwp%2Fv2%2Ftags&post=26519"}],"curies":[{"name":"wp","href":"https:\/\/api.w.org\/{rel}","templated":true}]}}