{"id":26577,"date":"2024-07-30T12:07:49","date_gmt":"2024-07-30T17:07:49","guid":{"rendered":"https:\/\/nuevademocracia.com.co\/?p=26577"},"modified":"2024-10-23T10:44:38","modified_gmt":"2024-10-23T15:44:38","slug":"and-editorial-disparo-lo-que-vio-acerto-a-lo-que-no-vio","status":"publish","type":"post","link":"https:\/\/nuevademocracia.com.co\/?p=26577","title":{"rendered":"Editorial AND \u2013 \u00a1dispar\u00f3 lo que vio, acert\u00f3 a lo que no vio!"},"content":{"rendered":"\n<p class=\"has-black-color has-text-color has-link-color wp-elements-00d8cd44dae78fa319ca651ad9277daf\">Publicamos una traducci\u00f3n no oficial encontrada en el <a href=\"https:\/\/heraldorojo.org\/2024\/07\/27\/and-editorial-disparo-lo-que-vio-acerto-a-lo-que-no-vio\/\">Heraldo Rojo<\/a> del editorial de\u00a0<a href=\"https:\/\/anovademocracia.com.br\/editorial-atirou-no-que-viu-acertou-no-que-nao-viu\/\">A Nova Democracia<\/a>.<\/p>\n\n\n\n<p class=\"has-black-color has-text-color has-link-color wp-elements-a5b71acf55695bb2236d80cb88e9f0a5\">Hay varios s\u00edntomas de una aguda crisis general de descomposici\u00f3n del imperialismo.<\/p>\n\n\n\n<hr class=\"wp-block-separator has-text-color has-black-color has-alpha-channel-opacity has-black-background-color has-background\"\/>\n\n\n\n<figure class=\"wp-block-image aligncenter size-full is-resized\"><img loading=\"lazy\" decoding=\"async\" width=\"1024\" height=\"732\" src=\"https:\/\/nuevademocracia.com.co\/wp-content\/uploads\/2024\/07\/image-16.png\" alt=\"\" class=\"wp-image-26578\" style=\"width:653px;height:auto\" srcset=\"https:\/\/nuevademocracia.com.co\/wp-content\/uploads\/2024\/07\/image-16.png 1024w, https:\/\/nuevademocracia.com.co\/wp-content\/uploads\/2024\/07\/image-16-300x214.png 300w, https:\/\/nuevademocracia.com.co\/wp-content\/uploads\/2024\/07\/image-16-768x549.png 768w\" sizes=\"auto, (max-width: 1024px) 100vw, 1024px\" \/><\/figure>\n\n\n\n<p><\/p>\n\n\n\n<p class=\"has-black-color has-text-color has-link-color wp-elements-bb710f60c36163e3afcdc09ffe707e0b\">Kamala Harris, vicepresidenta de Estados Unidos, al asumir la cabeza de la carrera presidencial de la mafia del \u201cPartido Dem\u00f3crata\u201d, resucita la disputa electoral, que ya estaba pr\u00e1cticamente definida. En este sentido, cualquiera que fuera la motivaci\u00f3n del francotirador de Pensilvania, al disparar con su AR-15, es el t\u00edpico caso que alguien que dispara a lo que ve y acierta en lo que no ve, resultando en una situaci\u00f3n inesperada: la candidatura de Joe Biden fue fulminada con un tiro en la oreja de otro. De continuar esa disputa, Trump ya estar\u00eda virtualmente elegido, no s\u00f3lo por la notable incapacidad del actual presidente yanqui, sino principalmente porque la disputa pol\u00edtica quedar\u00eda atrapada en comparaciones entre ambos gobiernos, y en esta comparaci\u00f3n, por razones econ\u00f3micas, A Biden le va peor. No con Kamala: la disputa pol\u00edtica, al menos centralmente, no est\u00e1 en la comparaci\u00f3n entre gobiernos, despu\u00e9s de todo, ella nunca fue presidenta, sino en la cacareante defensa de la \u201cdemocracia\u201d en la rid\u00edcula polarizaci\u00f3n \u201cdemocracia&nbsp;<em>versus&nbsp;<\/em>fascismo\u201d, como si ella y la banda genocida de \u201cdem\u00f3cratas\u201d ten\u00eda alguna identidad con los derechos y libertades democr\u00e1ticos, que tanto violan, \u00a1especialmente en las naciones oprimidas!<\/p>\n\n\n\n<p class=\"has-black-color has-text-color has-link-color wp-elements-b34c605582f84c3108603578d1b40fec\">Todo el oportunismo de la falsa izquierda no puede contenerse y ya est\u00e1 iniciando una repugnante campa\u00f1a a favor de Kamala Harris. Al fin y al cabo, es negra, asi\u00e1tica, mujer e incluso defiende la regularizaci\u00f3n del aborto en Estados Unidos: esto, por supuesto, no le impide ser part\u00edcipe y c\u00f3mplice del genocidio del pueblo palestino, ya que forma parte de siendo el actual gobierno responsable de todo el apoyo militar, log\u00edstico, material y pol\u00edtico-diplom\u00e1tico al Estado nazi-sionista de Israel en su campa\u00f1a de asedio y exterminio. La pol\u00edtica posmodernista es, una vez m\u00e1s, una reserva para legitimar la democracia burguesa genocida en avanzado estado de putrefacci\u00f3n, para continuar la siniestra marcha de subyugar al mundo al imperialismo.<\/p>\n\n\n\n<p class=\"has-black-color has-text-color has-link-color wp-elements-83581dbb07062d5b9f73e92ee0354619\">Hablando de eso, la Resistencia Palestina logra nuevas victorias \u2013 la m\u00e1s reciente es el acuerdo establecido entre las fuerzas de resistencia nacional y aquellas que son vacilantes y conciliadoras (la derecha de Al Fatah) para la unidad nacional contra el sionismo. Hamas, FPLP, FDLP, Yihad Isl\u00e1mica, Fatah y otras organizaciones definieron, como punto de unidad, el \u201cestablecimiento de un Estado palestino independiente con Jerusal\u00e9n como capital\u201d y \u201cgarantizar el derecho de retorno\u201d de los refugiados. Se trata de una contundente victoria de la corriente de izquierda de la Resistencia Palestina y choca frontalmente con los planes sionistas de Israel y el imperialismo yanqui que los gestiona. Es un reconocimiento de la necesidad de barrer al sionismo, a trav\u00e9s de la guerra de liberaci\u00f3n nacional, arrastrando a las fuerzas capitulacionistas que, hasta ayer, se limitaban a los planes de Israel como reserva para mantener su&nbsp;<em>apartheid&nbsp;<\/em>con una \u201cAutoridad Palestina\u201d bajo tutela sionista, y ahora est\u00e1n comprometidos con la resistencia. Es, finalmente, otra victoria de la Resistencia Palestina, un importante paso adelante en la unidad nacional y causa graves da\u00f1os a los planes imperialistas.<\/p>\n\n\n\n<p class=\"has-black-color has-text-color has-link-color wp-elements-206d8b03a2d28bd5a5318518c6809793\">Finalmente, en Venezuela la situaci\u00f3n tambi\u00e9n escala, como se\u00f1ales de la crisis del imperialismo. Nicol\u00e1s Maduro y su r\u00e9gimen de capitalismo burocr\u00e1tico basado en la exportaci\u00f3n de petr\u00f3leo a&nbsp;<em>State<\/em><em>s<\/em><em>&nbsp;<\/em>est\u00e1n acosados. Por un lado, el r\u00e9gimen corporativista est\u00e1 consolidado y ninguna elecci\u00f3n podr\u00e1 cambiar las estructuras del Estado venezolano. Cuando Maduro dice que, sin su amplia victoria, habr\u00e1 una guerra civil, b\u00e1sicamente est\u00e1 diciendo la verdad: por un lado, la oposici\u00f3n ultrarreaccionaria \u2013 banda de lacayo de los intereses imperialistas yanquis\u2013 producir\u00e1 des\u00f3rdenes, dado el grado de crisis pol\u00edtica e institucional y, por el otro, el r\u00e9gimen de tipo corporativo no se dejar\u00e1 subvertir a pesar de las elecciones. Adem\u00e1s, sigue siendo un signo de una crisis pol\u00edtica aguda que el \u201cchavismo\u201d corra el riesgo de ser derrotado electoralmente, con un control casi total sobre el aparato del Estado. Los yanquis, naturalmente, apoyan a su oposici\u00f3n lacaya, pero no intervendr\u00e1n directamente ahora, incluso si el r\u00e9gimen de Maduro \u201crompe las reglas del juego\u201d: desde 2019, cuando iniciaron un proceso de intervenci\u00f3n, los yanquis retrocedieron al llegar a la conclusi\u00f3n de que esto producir\u00eda una tormenta antiimperialista en su patio trasero, y en un contexto en el que la lucha campesina en el subcontinente amenaza seriamente sus intereses, ser\u00eda una decisi\u00f3n casi suicida. Ciertamente aumentaron las sanciones de todo tipo, para presionar el surgimiento de disensiones dentro del r\u00e9gimen, especialmente en las Fuerzas Armadas venezolanas, algo que no han logrado hasta ahora con&nbsp;<em>n&nbsp;<\/em>intentos fallidos, y lo utilizar\u00e1n como pretexto para reforzar su presencia militar en el subcontinente, incluso para combatir los levantamientos campesinos revolucionarios.<\/p>\n\n\n\n<p class=\"has-black-color has-text-color has-link-color wp-elements-bc00259e78b5e04b4489343643b1b72d\">Es c\u00f3mica la reacci\u00f3n de consternaci\u00f3n ante la \u201cfalta de libertad\u201d del r\u00e9gimen venezolano, por parte de los monopolios de prensa en Brasil: dicen que un candidato de la oposici\u00f3n no pudo postularse por \u00f3rdenes de la \u201cdictadura de Maduro\u201d, cuando en Brasil, en 2018, un candidato de la oposici\u00f3n no pudo participar debido a un&nbsp;<em>tuit&nbsp;<\/em>del entonces comandante del Ej\u00e9rcito. \u00bfQui\u00e9n es la democracia y qui\u00e9n es la dictadura despu\u00e9s de todo?<\/p>\n\n\n\n<p class=\"has-black-color has-text-color has-link-color wp-elements-c8ba4e63f523460df4ec5a83909bfcb5\">Todos estos son s\u00edntomas de una aguda crisis general de descomposici\u00f3n del imperialismo, cuyo grado no tiene precedentes en el mundo, provocando des\u00f3rdenes de magnitud cada vez mayor, fomentando la situaci\u00f3n revolucionaria en la que estallan revueltas populares masivas que sacuden todo el sistema de dominaci\u00f3n reaccionaria. donde la lucha revolucionaria de los pueblos avanzar\u00e1 en todo el mundo.<\/p>\n","protected":false},"excerpt":{"rendered":"<p>Publicamos una traducci\u00f3n no oficial encontrada en el Heraldo Rojo del editorial de\u00a0A Nova Democracia. Hay varios s\u00edntomas de una aguda crisis general de descomposici\u00f3n del imperialismo. Kamala Harris, vicepresidenta de Estados Unidos, al asumir la cabeza de la carrera presidencial de la mafia del \u201cPartido Dem\u00f3crata\u201d, resucita la disputa electoral, que ya estaba pr\u00e1cticamente [&hellip;]<\/p>\n","protected":false},"author":1,"featured_media":26578,"comment_status":"open","ping_status":"open","sticky":false,"template":"","format":"standard","meta":{"footnotes":""},"categories":[16,31],"tags":[],"class_list":["post-26577","post","type-post","status-publish","format-standard","has-post-thumbnail","hentry","category-carrusel","category-internacional"],"blocksy_meta":[],"_links":{"self":[{"href":"https:\/\/nuevademocracia.com.co\/index.php?rest_route=\/wp\/v2\/posts\/26577","targetHints":{"allow":["GET"]}}],"collection":[{"href":"https:\/\/nuevademocracia.com.co\/index.php?rest_route=\/wp\/v2\/posts"}],"about":[{"href":"https:\/\/nuevademocracia.com.co\/index.php?rest_route=\/wp\/v2\/types\/post"}],"author":[{"embeddable":true,"href":"https:\/\/nuevademocracia.com.co\/index.php?rest_route=\/wp\/v2\/users\/1"}],"replies":[{"embeddable":true,"href":"https:\/\/nuevademocracia.com.co\/index.php?rest_route=%2Fwp%2Fv2%2Fcomments&post=26577"}],"version-history":[{"count":3,"href":"https:\/\/nuevademocracia.com.co\/index.php?rest_route=\/wp\/v2\/posts\/26577\/revisions"}],"predecessor-version":[{"id":26922,"href":"https:\/\/nuevademocracia.com.co\/index.php?rest_route=\/wp\/v2\/posts\/26577\/revisions\/26922"}],"wp:featuredmedia":[{"embeddable":true,"href":"https:\/\/nuevademocracia.com.co\/index.php?rest_route=\/wp\/v2\/media\/26578"}],"wp:attachment":[{"href":"https:\/\/nuevademocracia.com.co\/index.php?rest_route=%2Fwp%2Fv2%2Fmedia&parent=26577"}],"wp:term":[{"taxonomy":"category","embeddable":true,"href":"https:\/\/nuevademocracia.com.co\/index.php?rest_route=%2Fwp%2Fv2%2Fcategories&post=26577"},{"taxonomy":"post_tag","embeddable":true,"href":"https:\/\/nuevademocracia.com.co\/index.php?rest_route=%2Fwp%2Fv2%2Ftags&post=26577"}],"curies":[{"name":"wp","href":"https:\/\/api.w.org\/{rel}","templated":true}]}}