{"id":26581,"date":"2024-07-31T08:00:00","date_gmt":"2024-07-31T13:00:00","guid":{"rendered":"https:\/\/nuevademocracia.com.co\/?p=26581"},"modified":"2024-08-16T11:22:14","modified_gmt":"2024-08-16T16:22:14","slug":"el-arte-en-la-independencia-un-grito-de-guerra-del-pueblo-colombiano","status":"publish","type":"post","link":"https:\/\/nuevademocracia.com.co\/?p=26581","title":{"rendered":"El arte sobre la independencia: un grito de guerra del pueblo colombiano"},"content":{"rendered":"\n<p class=\"has-black-color has-text-color has-link-color wp-elements-02665599afaa1e4a6e7f5ab77f14c382\">El 20 de Julio, hace 214 a\u00f1os, se dio inicio a un proceso de independencia donde el pueblo colombiano combati\u00f3 valientemente a la corona espa\u00f1ola y los siglos de opresi\u00f3n colonial y feudal. Bajo la direcci\u00f3n de los criollos (hijos de espa\u00f1oles nacidos en Am\u00e9rica), ind\u00edgenas, campesinos, negros y mestizos se alzaron en armas para conquistar la anhelada independencia, que, aunque inconclusa para el pueblo trabajador, que derram\u00f3 su valiosa sangre poniendo muertos y que a\u00fan vive bajo el yugo de la opresi\u00f3n imperialista, represent\u00f3 un periodo de auge en la lucha de las masas y nos dej\u00f3 valiosas lecciones para futuras luchas.<\/p>\n\n\n\n<p class=\"has-black-color has-text-color has-link-color wp-elements-1c62d5128bdd2470fb586076c2ea353f\">Un antecedente importante al proceso de independencia fue la revuelta de los comuneros, pues sent\u00f3 un precedente para los movimientos revolucionarios que lucharon por la independencia definitiva de la corona espa\u00f1ola 30 a\u00f1os despu\u00e9s. En 1781 se gest\u00f3 este movimiento, que luch\u00f3 contra la administraci\u00f3n colonial espa\u00f1ola para exigir un r\u00e9gimen tributario m\u00e1s justo. En el departamento de Antioquia, en Guarne, el impuesto al mazamorreo fue la causa del gran levantamiento campesino armado en la zona, aunque no tan masivo como el de Charal\u00e1 en el departamento de Santander, epicentro de la revuelta.<\/p>\n\n\n\n<p class=\"has-black-color has-text-color has-link-color wp-elements-6a624a4373aedc0807e23af97ff7d519\">En conmemoraci\u00f3n de esa resistencia f\u00e9rrea y decidida de las masas colombianas, queremos presentar una recopilaci\u00f3n de obras art\u00edsticas que expresan la convulsi\u00f3n en los tiempos de guerra independentista y la lucha de las masas por su liberaci\u00f3n.<\/p>\n\n\n\n<p class=\"has-black-color has-text-color has-link-color wp-elements-3bdb4f50101f62b79528f7ce3de23c79\">El artista antioque\u00f1o Pedro Nel G\u00f3mez, realiz\u00f3 una acuarela en 1980 titulada: \u201cLevantamiento de los comuneros de Guarne\u201d; esta obra expresa en todo su esplendor la indignaci\u00f3n y potencia de las masas campesinas, que, con machete y garrote en mano, se dirig\u00edan a la plaza central del pueblo a combatir. Algunas de las reivindicaciones destacadas de esta lucha fueron: abolir las nuevas rentas impuestas por la Corona, dejar de cobrar el antipopular tributo Armada de Barlovento y que se le permitiera al pueblo estar armado para defenderse cuando fuera necesario.<\/p>\n\n\n\n<figure class=\"wp-block-image aligncenter size-full is-resized\"><img loading=\"lazy\" decoding=\"async\" width=\"1024\" height=\"770\" src=\"https:\/\/nuevademocracia.com.co\/wp-content\/uploads\/2024\/07\/Imagen1.jpeg\" alt=\"\" class=\"wp-image-26582\" style=\"width:718px;height:auto\" srcset=\"https:\/\/nuevademocracia.com.co\/wp-content\/uploads\/2024\/07\/Imagen1.jpeg 1024w, https:\/\/nuevademocracia.com.co\/wp-content\/uploads\/2024\/07\/Imagen1-300x226.jpeg 300w, https:\/\/nuevademocracia.com.co\/wp-content\/uploads\/2024\/07\/Imagen1-768x578.jpeg 768w\" sizes=\"auto, (max-width: 1024px) 100vw, 1024px\" \/><figcaption class=\"wp-element-caption\"><em><mark style=\"background-color:rgba(0, 0, 0, 0)\" class=\"has-inline-color has-black-color\">Foto: \u201cLevantamiento de los comuneros de Guarne\u201d de Pedro Nel G\u00f3mez<\/mark><\/em><\/figcaption><\/figure>\n\n\n\n<p class=\"has-black-color has-text-color has-link-color wp-elements-4722b31781c5fc897f1e3087ba0481c6\">Otro hecho que sell\u00f3 la etapa del proceso de independencia del imperio espa\u00f1ol, fue la Batalla de Boyac\u00e1, que tuvo lugar el 7 de agosto de 1819, donde se consolid\u00f3 la victoria de las tropas independentistas dirigidas por Bol\u00edvar, sobre las tropas realistas espa\u00f1olas. Aqu\u00ed, al igual que en todas las transformaciones hist\u00f3ricas, fueron las masas de ind\u00edgenas, negros y campesinos el grueso de combatientes. La obra \u201cLos guerreros Boyacences se despiertan\u201d realizada por el mismo art\u00edsta en 1948, retrata a los luchadores del pueblo en armas y refleja el hero\u00edsmo, la determinaci\u00f3n y el esp\u00edritu combativo del pueblo colombiano en su lucha por la libertad y la independencia.<\/p>\n\n\n\n<figure class=\"wp-block-image aligncenter size-large is-resized\"><img loading=\"lazy\" decoding=\"async\" width=\"1024\" height=\"726\" src=\"https:\/\/nuevademocracia.com.co\/wp-content\/uploads\/2024\/07\/Imagen2-1024x726.jpeg\" alt=\"\" class=\"wp-image-26583\" style=\"width:796px;height:auto\" srcset=\"https:\/\/nuevademocracia.com.co\/wp-content\/uploads\/2024\/07\/Imagen2-1024x726.jpeg 1024w, https:\/\/nuevademocracia.com.co\/wp-content\/uploads\/2024\/07\/Imagen2-300x213.jpeg 300w, https:\/\/nuevademocracia.com.co\/wp-content\/uploads\/2024\/07\/Imagen2-768x545.jpeg 768w, https:\/\/nuevademocracia.com.co\/wp-content\/uploads\/2024\/07\/Imagen2.jpeg 1080w\" sizes=\"auto, (max-width: 1024px) 100vw, 1024px\" \/><figcaption class=\"wp-element-caption\"><em><mark style=\"background-color:rgba(0, 0, 0, 0)\" class=\"has-inline-color has-black-color\">Foto: \u201cLos guerreros Boyacences se despiertan\u201d de Pedro Nel G\u00f3mez<\/mark><\/em><\/figcaption><\/figure>\n\n\n\n<p class=\"has-black-color has-text-color has-link-color wp-elements-9f4604920bbee8aecd39d4409c0ab432\">Resaltamos la vida y obra del artista Pedro Nel G\u00f3mez, que cumpli\u00f3 un importante papel en retratar las condiciones de explotaci\u00f3n del pueblo trabajador, especialmente del campesinado y sus justas luchas, d\u00e1ndole un car\u00e1cter popular y combativo al arte. Particip\u00f3 en la creaci\u00f3n de instituciones como el Museo de Antioquia y la Universidad de Antioquia, donde ense\u00f1\u00f3 y promovi\u00f3 el arte como herramienta de transformaci\u00f3n social y cultural; adem\u00e1s de defender el arte nacional, popular y las tradiciones culturales colombianas, en un contexto donde predominaba la influencia europea y estadounidense del arte conceptual y abstracto.<\/p>\n\n\n\n<p class=\"has-black-color has-text-color has-link-color wp-elements-1ae0435e5a8bba275c56294297695055\">Tenemos claro que concluir el proceso de independencia en nuestra naci\u00f3n es una tarea a\u00fan pendiente para los verdaderos dem\u00f3cratas y revolucionarios, que junto a las amplias masas debemos derrumbar tres grandes monta\u00f1as que a\u00fan oprimen a nuestra naci\u00f3n: la semifeudalidad, la semicolonialidad y el capitalismo burocr\u00e1tico. Sin embargo, reivindicamos este periodo de lucha democr\u00e1tica por la liberaci\u00f3n de la naci\u00f3n como una valiosa experiencia para el pueblo, de la que corresponde sacar lecciones de los problemas y errores para forjar una verdadera direcci\u00f3n revolucionaria que conduzca a la completa emancipaci\u00f3n de las masas populares.&nbsp;<\/p>\n\n\n\n<p class=\"has-black-color has-text-color has-link-color wp-elements-05b2526d774e2a4a0c8c759a3daa2b01\">Finalmente, compartiremos un poema an\u00f3nimo que encontramos sobre la lucha de las masas colombianas por una independencia y soberan\u00eda nacional.<\/p>\n\n\n\n<p class=\"has-text-align-center has-black-color has-text-color has-link-color wp-elements-2928fbcb0b99dec41695fd4a3d89efa0\"><em>En el horizonte se ti\u00f1e el alba,<\/em><\/p>\n\n\n\n<p class=\"has-text-align-center has-black-color has-text-color has-link-color wp-elements-10a9c970ad6d406bbe609a348a3ee01d\"><em>con los colores de la libertad,<\/em><\/p>\n\n\n\n<p class=\"has-text-align-center has-black-color has-text-color has-link-color wp-elements-3854efb31fb2d6e0f9146714f67c8c24\"><em>y en cada rinc\u00f3n de Colombia,<\/em><em><\/em><\/p>\n\n\n\n<p class=\"has-text-align-center has-black-color has-text-color has-link-color wp-elements-ff79cc4beb8937246f9105f0762e4e41\"><em>se despierta un pueblo decidido a luchar.<\/em><\/p>\n\n\n\n<p class=\"has-text-align-center has-black-color has-text-color has-link-color wp-elements-cb55e06ef31ced0537b8c28e2d68bf47\"><em>Los tambores de guerra resuenan,<\/em><\/p>\n\n\n\n<p class=\"has-text-align-center has-black-color has-text-color has-link-color wp-elements-2521744b81cae29d8e64b1959503645d\"><em>acompa\u00f1ados por cantos de esperanza,<\/em><\/p>\n\n\n\n<p class=\"has-text-align-center has-black-color has-text-color has-link-color wp-elements-6d63fb644b037bee41df867ffae17e3a\"><em>mientras el eco de los ca\u00f1onazos<\/em><\/p>\n\n\n\n<p class=\"has-text-align-center has-black-color has-text-color has-link-color wp-elements-f0bf2d12fea131fa0cc2fc3715e1c1c9\"><em>anuncia el fin de la opresi\u00f3n.<\/em><\/p>\n\n\n\n<p class=\"has-text-align-center has-black-color has-text-color has-link-color wp-elements-0aef8e6f8d684ff47b7c7522231361bd\"><em>La lucha se hace poes\u00eda en cada verso,<\/em><\/p>\n\n\n\n<p class=\"has-text-align-center has-black-color has-text-color has-link-color wp-elements-d15de1d94b7712f3d0d2f6e22209111e\"><em>en cada palabra que se pronuncia con fervor,<\/em><\/p>\n\n\n\n<p class=\"has-text-align-center has-black-color has-text-color has-link-color wp-elements-d38557470f33ef24afe461e99a6854b4\"><em>y en el coraz\u00f3n de quienes sue\u00f1an,<\/em><\/p>\n\n\n\n<p class=\"has-text-align-center has-black-color has-text-color has-link-color wp-elements-99709afdfb5741d94a3c5652d91adf9e\"><em>con un pa\u00eds libre y sin temor.<\/em><\/p>\n\n\n\n<p class=\"has-text-align-center has-black-color has-text-color has-link-color wp-elements-18ae0ed072c57162859ecaf3293da695\"><em>Amanece la libertad sobre Colombia,<\/em><\/p>\n\n\n\n<p class=\"has-text-align-center has-black-color has-text-color has-link-color wp-elements-889612ce6f889df411cf7d24d1dae1c3\"><em>y las cadenas que nos ataban se rompen,<\/em><\/p>\n\n\n\n<p class=\"has-text-align-center has-black-color has-text-color has-link-color wp-elements-5e296d644605f82c05fc4bf1fafa4549\"><em>porque somos hijos de la independencia,<\/em><\/p>\n\n\n\n<p class=\"has-text-align-center has-black-color has-text-color has-link-color wp-elements-5b12b8a9ac11ef15606b0882585e0c68\"><em>y en nuestras venas corre sangre de rebeld\u00eda.<\/em><\/p>\n","protected":false},"excerpt":{"rendered":"<p>El 20 de Julio, hace 214 a\u00f1os, se dio inicio a un proceso de independencia donde el pueblo colombiano combati\u00f3 valientemente a la corona espa\u00f1ola y los siglos de opresi\u00f3n colonial y feudal. Bajo la direcci\u00f3n de los criollos (hijos de espa\u00f1oles nacidos en Am\u00e9rica), ind\u00edgenas, campesinos, negros y mestizos se alzaron en armas para [&hellip;]<\/p>\n","protected":false},"author":1,"featured_media":26582,"comment_status":"open","ping_status":"open","sticky":false,"template":"","format":"standard","meta":{"footnotes":""},"categories":[16,4,134],"tags":[],"class_list":["post-26581","post","type-post","status-publish","format-standard","has-post-thumbnail","hentry","category-carrusel","category-colombia","category-nueva-cultura"],"blocksy_meta":[],"_links":{"self":[{"href":"https:\/\/nuevademocracia.com.co\/index.php?rest_route=\/wp\/v2\/posts\/26581","targetHints":{"allow":["GET"]}}],"collection":[{"href":"https:\/\/nuevademocracia.com.co\/index.php?rest_route=\/wp\/v2\/posts"}],"about":[{"href":"https:\/\/nuevademocracia.com.co\/index.php?rest_route=\/wp\/v2\/types\/post"}],"author":[{"embeddable":true,"href":"https:\/\/nuevademocracia.com.co\/index.php?rest_route=\/wp\/v2\/users\/1"}],"replies":[{"embeddable":true,"href":"https:\/\/nuevademocracia.com.co\/index.php?rest_route=%2Fwp%2Fv2%2Fcomments&post=26581"}],"version-history":[{"count":2,"href":"https:\/\/nuevademocracia.com.co\/index.php?rest_route=\/wp\/v2\/posts\/26581\/revisions"}],"predecessor-version":[{"id":26712,"href":"https:\/\/nuevademocracia.com.co\/index.php?rest_route=\/wp\/v2\/posts\/26581\/revisions\/26712"}],"wp:featuredmedia":[{"embeddable":true,"href":"https:\/\/nuevademocracia.com.co\/index.php?rest_route=\/wp\/v2\/media\/26582"}],"wp:attachment":[{"href":"https:\/\/nuevademocracia.com.co\/index.php?rest_route=%2Fwp%2Fv2%2Fmedia&parent=26581"}],"wp:term":[{"taxonomy":"category","embeddable":true,"href":"https:\/\/nuevademocracia.com.co\/index.php?rest_route=%2Fwp%2Fv2%2Fcategories&post=26581"},{"taxonomy":"post_tag","embeddable":true,"href":"https:\/\/nuevademocracia.com.co\/index.php?rest_route=%2Fwp%2Fv2%2Ftags&post=26581"}],"curies":[{"name":"wp","href":"https:\/\/api.w.org\/{rel}","templated":true}]}}