{"id":26611,"date":"2024-08-05T14:21:20","date_gmt":"2024-08-05T19:21:20","guid":{"rendered":"https:\/\/nuevademocracia.com.co\/?p=26611"},"modified":"2024-08-05T14:51:40","modified_gmt":"2024-08-05T19:51:40","slug":"zgprim-canto-por-la-libertad","status":"publish","type":"post","link":"https:\/\/nuevademocracia.com.co\/?p=26611","title":{"rendered":"ZGPrim &#8211; Canto por la libertad"},"content":{"rendered":"\n<p class=\"has-black-color has-text-color has-link-color wp-elements-e0325fd559bae98a953f79b114a98718\">La artista ZGPrim en colaboraci\u00f3n con el Frente de Combate Cultural (FCC) lanz\u00f3 una nueva canci\u00f3n que es un himno de libertad dedicado al pueblo trabajador y es un llamado a accionar levantando la voz y no ser indiferente ante las injusticias del d\u00eda a d\u00eda.<\/p>\n\n\n\n<figure class=\"wp-block-embed is-type-video is-provider-youtube wp-block-embed-youtube wp-embed-aspect-16-9 wp-has-aspect-ratio\"><div class=\"wp-block-embed__wrapper\">\n<iframe loading=\"lazy\" title=\"ZGPrim - Canto por la libertad (Prod by: Doble A nc Beats)\" width=\"1290\" height=\"726\" src=\"https:\/\/www.youtube.com\/embed\/bgxQ34yPym8?feature=oembed\" frameborder=\"0\" allow=\"accelerometer; autoplay; clipboard-write; encrypted-media; gyroscope; picture-in-picture; web-share\" referrerpolicy=\"strict-origin-when-cross-origin\" allowfullscreen><\/iframe>\n<\/div><figcaption class=\"wp-element-caption\"><em><mark style=\"background-color:rgba(0, 0, 0, 0)\" class=\"has-inline-color has-black-color\">\u00abCanto por la libertad\u00bb es un himno de libertad dedicado al pueblo trabajador. En este tema reflejo la lucha y la unidad entre todos nosotros como hermanos, frecuentemente ignorados, pero siempre erguidos con dignidad. No creo en divisiones religiosas ni pol\u00edticas; creo en el trabajo honesto de mi pueblo obrero y en la fuerza del amor e incluso, del dolor que nos une en la lucha contra la opresi\u00f3n. Tambi\u00e9n es un llamado a accionar levantando la voz y no ser indiferente ante las injusticias del d\u00eda a d\u00eda.<\/mark><\/em><\/figcaption><\/figure>\n","protected":false},"excerpt":{"rendered":"<p>La artista ZGPrim en colaboraci\u00f3n con el Frente de Combate Cultural (FCC) lanz\u00f3 una nueva canci\u00f3n que es un himno de libertad dedicado al pueblo trabajador.<\/p>\n","protected":false},"author":1,"featured_media":26622,"comment_status":"open","ping_status":"open","sticky":false,"template":"","format":"standard","meta":{"footnotes":""},"categories":[134],"tags":[],"class_list":["post-26611","post","type-post","status-publish","format-standard","has-post-thumbnail","hentry","category-nueva-cultura"],"blocksy_meta":[],"_links":{"self":[{"href":"https:\/\/nuevademocracia.com.co\/index.php?rest_route=\/wp\/v2\/posts\/26611","targetHints":{"allow":["GET"]}}],"collection":[{"href":"https:\/\/nuevademocracia.com.co\/index.php?rest_route=\/wp\/v2\/posts"}],"about":[{"href":"https:\/\/nuevademocracia.com.co\/index.php?rest_route=\/wp\/v2\/types\/post"}],"author":[{"embeddable":true,"href":"https:\/\/nuevademocracia.com.co\/index.php?rest_route=\/wp\/v2\/users\/1"}],"replies":[{"embeddable":true,"href":"https:\/\/nuevademocracia.com.co\/index.php?rest_route=%2Fwp%2Fv2%2Fcomments&post=26611"}],"version-history":[{"count":2,"href":"https:\/\/nuevademocracia.com.co\/index.php?rest_route=\/wp\/v2\/posts\/26611\/revisions"}],"predecessor-version":[{"id":26640,"href":"https:\/\/nuevademocracia.com.co\/index.php?rest_route=\/wp\/v2\/posts\/26611\/revisions\/26640"}],"wp:featuredmedia":[{"embeddable":true,"href":"https:\/\/nuevademocracia.com.co\/index.php?rest_route=\/wp\/v2\/media\/26622"}],"wp:attachment":[{"href":"https:\/\/nuevademocracia.com.co\/index.php?rest_route=%2Fwp%2Fv2%2Fmedia&parent=26611"}],"wp:term":[{"taxonomy":"category","embeddable":true,"href":"https:\/\/nuevademocracia.com.co\/index.php?rest_route=%2Fwp%2Fv2%2Fcategories&post=26611"},{"taxonomy":"post_tag","embeddable":true,"href":"https:\/\/nuevademocracia.com.co\/index.php?rest_route=%2Fwp%2Fv2%2Ftags&post=26611"}],"curies":[{"name":"wp","href":"https:\/\/api.w.org\/{rel}","templated":true}]}}