{"id":26628,"date":"2024-08-05T14:45:15","date_gmt":"2024-08-05T19:45:15","guid":{"rendered":"https:\/\/nuevademocracia.com.co\/?p=26628"},"modified":"2024-08-05T14:45:16","modified_gmt":"2024-08-05T19:45:16","slug":"vivan-los-95-anos-del-primer-intento-de-insurreccion-del-proletariado-y-el-pueblo-colombiano","status":"publish","type":"post","link":"https:\/\/nuevademocracia.com.co\/?p=26628","title":{"rendered":"\u00a1Vivan los 95 a\u00f1os del primer intento de insurrecci\u00f3n del proletariado y el pueblo colombiano!"},"content":{"rendered":"\n<p class=\"has-black-color has-text-color has-link-color wp-elements-1c4a21b040c8fa2fdf0d565783e7f4c9\">A continuaci\u00f3n compartimos un art\u00edculo escrito por el Centro de Investigaci\u00f3n y Educaci\u00f3n Marxista \u2013 CIEM, con motivo de los 95 a\u00f1os del primer intento de insurrecci\u00f3n en nuestro pa\u00eds.<\/p>\n\n\n\n<p class=\"has-black-color has-text-color has-link-color wp-elements-21457c7d6c44c1bc11cc866c79b00657\">En julio de 1929, heroicos campesinos, obreros, artesanos e intelectuales organizados por el Partido Socialista Revolucionario (PSR) realizaron el primer intento de insurrecci\u00f3n que buscaba destruir el viejo orden social. A continuaci\u00f3n los sucesos m\u00e1s importantes de dicho levantamiento, hecho hist\u00f3rico de gran importancia, que a 95 a\u00f1os nos plantea la necesidad de conocer la lucha del pueblo colombiano, experiencia de la cual tomamos el ejemplo de aquellos que ofrecieron su vida por la revoluci\u00f3n, banderas rojas que es nuestro deber levantar nuevamente y sacando lecciones guiar la revoluci\u00f3n que a\u00fan requiere nuestro pa\u00eds.<\/p>\n\n\n\n<p class=\"has-vivid-red-color has-text-color has-link-color wp-elements-8548355786ab60aa3b19e86a01f4c517\"><strong>Antecedentes de la Insurrecci\u00f3n<\/strong><\/p>\n\n\n\n<p class=\"has-black-color has-text-color has-link-color wp-elements-9a879beb8aac1fd2d5320c34fa75ae5e\">Colombia en la d\u00e9cada de 1920 vivi\u00f3 un boom industrial, debido a la inyecci\u00f3n de capital imperialista yanqui llamado la \u201cdanza de los millones\u201d. Con este dinero se impuls\u00f3 la construcci\u00f3n de carreteras, l\u00edneas de ferrocarril e inversi\u00f3n en los puertos del rio Magdalena con el fin de poder exportar con mayor facilidad lo que el imperialismo demandaba: caf\u00e9, banano y petr\u00f3leo. De la mano del auge industrial se dio un incremento de clase obrera en el pa\u00eds, un gran auge de las luchas populares y el nacimiento del Partido del Proletariado.<\/p>\n\n\n\n<p class=\"has-black-color has-text-color has-link-color wp-elements-91dbba676ebe9505dcc9ee4a83ff1a69\">La influencia de la Gran Revoluci\u00f3n Socialista de Octubre en 1917 se extendi\u00f3 a todos los rincones del mundo, y Colombia no fue la excepci\u00f3n. En el III Congreso Obrero Nacional (CON) de 1926 se da la fundaci\u00f3n del PSR encabezado por los principales l\u00edderes del proletariado: Ignacio Torres Giraldo, Mar\u00eda Cano, Ra\u00fal Mahecha y Tomas Uribe M\u00e1rquez, dirigentes fuertemente vinculados con las masas populares, afines al marxismo pero con poca claridad sobre \u00e9l. El Partido en sus primeros a\u00f1os se dedic\u00f3 a una intensa labor de agitaci\u00f3n y propaganda por todo el territorio nacional, se produc\u00edan y divulgaban peri\u00f3dicos, fueron famosas las giras de Mar\u00eda Cano e Ignacio Torres llevando la idea de la revoluci\u00f3n social e incentivando a las masas a organizarse. En esta \u00e9poca hubo huelgas y manifestaciones de los trabajadores de las zonas bananeras y petroleras [1], entre los ferroviarios, los mineros, trabajadores de ca\u00f1a, obreros de construcci\u00f3n y los trabajadores de los puertos o braceros. Se impulsaron sindicatos, ligas campesinas y asociaciones de mujeres. El auge de la lucha iba acompa\u00f1ado de una fuerte represi\u00f3n del Estado, quien persegu\u00eda a los revolucionarios, buscaba la forma de impedir que sus peri\u00f3dicos y proclamas fueran difundidos y reprim\u00edan fuertemente las huelgas obreras hasta con el uso de las balas para silenciarlos.<\/p>\n\n\n\n<figure class=\"wp-block-image aligncenter size-full is-resized\"><img loading=\"lazy\" decoding=\"async\" width=\"729\" height=\"502\" src=\"https:\/\/nuevademocracia.com.co\/wp-content\/uploads\/2024\/08\/image-2.png\" alt=\"\" class=\"wp-image-26629\" style=\"width:576px;height:auto\" srcset=\"https:\/\/nuevademocracia.com.co\/wp-content\/uploads\/2024\/08\/image-2.png 729w, https:\/\/nuevademocracia.com.co\/wp-content\/uploads\/2024\/08\/image-2-300x207.png 300w\" sizes=\"auto, (max-width: 729px) 100vw, 729px\" \/><figcaption class=\"wp-element-caption\"><em><strong><mark style=\"background-color:rgba(0, 0, 0, 0)\" class=\"has-inline-color has-black-color\">Huelga de los Obreros Petroleros de la Tropical Oil Company<\/mark><\/strong><\/em><\/figcaption><\/figure>\n\n\n\n<p class=\"has-vivid-red-color has-text-color has-link-color wp-elements-c7031c5236f4b5733bbeeb89a78f4469\"><strong>Se gesta el Plan Insurreccional<\/strong><\/p>\n\n\n\n<p class=\"has-black-color has-text-color has-link-color wp-elements-169c58aa9143a88cd0cade29f3feaf3d\">En 1927 el PSR realiza la convenci\u00f3n de La Dorada, en la que se debaten dos caminos: si el Partido deb\u00eda centrar en participar de las elecciones o en preparar la insurrecci\u00f3n, y se impuso la necesidad de la violencia revolucionaria debido a la agudizaci\u00f3n de la lucha de clases y al clamor de las masas de organizarse para resistir la represi\u00f3n. En julio de 1928 el Partido realiza una Asamblea, para aprobar el plan insurreccional. El plan propon\u00eda promover grandes huelgas a nivel nacional que desembocaran en una insurrecci\u00f3n, para actuar conjuntamente con algunos liberales dispuestos a levantarse en armas contra el gobierno conservador [2] y actuar en coordinaci\u00f3n con rebeldes venezolanos que en la misma fecha se alzar\u00edan en armas. Se organizaron en dos comit\u00e9s: los l\u00edderes reconocidos del PSR que ten\u00edan fuertes v\u00ednculos con las masas quedaron a cargo de preparar la insurrecci\u00f3n en el Comit\u00e9 Central Conspirativo (CCC), y la \u201cdirecci\u00f3n pol\u00edtica\u201d -el Comit\u00e9 Central Ejecutivo (CCE) \u2013qued\u00f3 en manos de intelectuales desvinculados de las masas.<\/p>\n\n\n\n<p class=\"has-black-color has-text-color has-link-color wp-elements-2d068ba83eef273f48845fd7a574fcd4\">Agudizando a\u00fan m\u00e1s la represi\u00f3n, el Gobierno arrest\u00f3 cientos de revolucionarios en las v\u00edsperas del 1.\u00ba de mayo, pensando que este d\u00eda estallar\u00eda la insurrecci\u00f3n. El ministro de Guerra Rengifo, para detener y reprimir la lucha popular, promulga la \u201cley Heroica\u201d, declarando como delito: reunirse, promover huelgas y estar contra la propiedad privada. Pero esto no detiene el auge de la lucha.<\/p>\n\n\n\n<p class=\"has-black-color has-text-color has-link-color wp-elements-c680bd4b9a83c378f8a7e1dba56acd35\">La zona de las bananeras era estrat\u00e9gica para el PSR, pues, seg\u00fan su plan, el levantamiento en esta zona, y en las zonas petroleras, ser\u00edan la chispa que encender\u00eda la hoguera a nivel nacional. Sin embargo, la situaci\u00f3n de miseria de las masas en la zona bananera, era tan grave, que la huelga estall\u00f3 antes de que el PSR llevara adelante los preparativos que conceb\u00eda necesarios para la insurrecci\u00f3n, y el 6 de diciembre de 1928 el Estado genocida ordena al ej\u00e9rcito abrir fuego sobre los manifestantes. Este d\u00eda ocurre el \u201cbautiz\u00f3 de fuego\u201d [3] de la clase obrera en Colombia: la masacre de las bananeras, donde fueron asesinados m\u00e1s de mil obreros.<\/p>\n\n\n\n<p class=\"has-black-color has-text-color has-link-color wp-elements-d55173453f868dc56bd24f54c44c4694\">La masacre fortaleci\u00f3 la decisi\u00f3n de muchos por la insurrecci\u00f3n, pero la derrota de la huelga debilit\u00f3 el reconocimiento del PSR entre algunos sectores de las masas y los principales l\u00edderes fueron arrestados (Tomas Uribe M\u00e1rquez, Ignacio Torres Giraldo) y Ra\u00fal Mahecha alcanza a fugarse fuera del pa\u00eds. Ante este hecho el Partido realiza una Conferencia Nacional dirigida por el CCE que no analiza la grave situaci\u00f3n de la masacre y los ajustes al plan de la insurrecci\u00f3n, sino que se centra en organizar la participaci\u00f3n del PSR en las elecciones, con lo cual se llevaban al Partido por la v\u00eda electoral.<\/p>\n\n\n\n<p class=\"has-black-color has-text-color has-link-color wp-elements-b471bfb62c5805ffdbb76faf3a3bd441\">Sin embargo, la insurrecci\u00f3n se sigue preparando en varios sitios del pa\u00eds. Las condiciones objetivas estaban dadas (situaci\u00f3n de miseria del pueblo, despidos, huelgas), pero, las condiciones subjetivas (la organizaci\u00f3n del pueblo y del Partido) no lo estaban, pues los principales l\u00edderes se encontraban apresados y el Partido no ten\u00eda a\u00fan la madurez y organizaci\u00f3n necesarias entre las masas. La fecha de la insurrecci\u00f3n fue fijada entre julio 28 al 30, pero muy cerca de esta fecha se da la orden de abortar el plan; sin embargo, la orientaci\u00f3n no llega a todas las regiones y se producen levantamientos armados en algunas regiones del pa\u00eds.<\/p>\n\n\n\n<figure class=\"wp-block-image aligncenter size-full is-resized\"><img loading=\"lazy\" decoding=\"async\" width=\"651\" height=\"413\" src=\"https:\/\/nuevademocracia.com.co\/wp-content\/uploads\/2024\/08\/image-3.png\" alt=\"\" class=\"wp-image-26630\" style=\"width:528px;height:auto\" srcset=\"https:\/\/nuevademocracia.com.co\/wp-content\/uploads\/2024\/08\/image-3.png 651w, https:\/\/nuevademocracia.com.co\/wp-content\/uploads\/2024\/08\/image-3-300x190.png 300w\" sizes=\"auto, (max-width: 651px) 100vw, 651px\" \/><figcaption class=\"wp-element-caption\"><em><strong><mark style=\"background-color:rgba(0, 0, 0, 0)\" class=\"has-inline-color has-black-color\">Huelga en Barrancabermeja. Bandera con los tres ochos<br><\/mark><\/strong><\/em><\/figcaption><\/figure>\n\n\n\n<p class=\"has-vivid-red-color has-text-color has-link-color wp-elements-95f9aa22bd0ae4b1c417dc896746fabd\"><strong>La Insurrecci\u00f3n<\/strong><\/p>\n\n\n\n<p class=\"has-black-color has-text-color has-link-color wp-elements-90ce3b52b5dc4bae7ac3a158f10d7213\">La decisi\u00f3n de abortar la insurrecci\u00f3n no lleg\u00f3 al L\u00edbano (Tolima) y a la media noche del 28 de julio de 1929, cuatro grupos de campesinos bien armados rodearon la ciudad. Uno de los grupos de 300 hombres encabezado por Pedro Narv\u00e1ez era el encargado de dar la se\u00f1al inicial. Los revolucionarios esperaban dar un golpe sorpresivo a la ciudad, pero no sab\u00edan que un terrateniente ya hab\u00eda alertado a las autoridades y as\u00ed la polic\u00eda del L\u00edbano neutraliz\u00f3 el asalto que se pensaba ser\u00eda masivo, sin embargo, alcanzaron a cortar las l\u00edneas telegr\u00e1ficas y del alumbrado el\u00e9ctrico y \u201crecorr\u00edan las calle de la ciudad, dando vivas a la revoluci\u00f3n social y gritando que ten\u00edan hambre\u201d [4]. En Murillo, \u201clos campesinos, ondeando una bandera roja con tres ocho (ocho horas de trabajo, ocho de estudio, ocho de descanso) se tomaron la corregidur\u00eda y obligaron a las autoridades depuestas a rendirle honores al s\u00edmbolo del nuevo poder establecido.\u201d [5].<\/p>\n\n\n\n<figure class=\"wp-block-image aligncenter size-full is-resized\"><img loading=\"lazy\" decoding=\"async\" width=\"660\" height=\"439\" src=\"https:\/\/nuevademocracia.com.co\/wp-content\/uploads\/2024\/08\/image-4.png\" alt=\"\" class=\"wp-image-26631\" style=\"width:600px;height:auto\" srcset=\"https:\/\/nuevademocracia.com.co\/wp-content\/uploads\/2024\/08\/image-4.png 660w, https:\/\/nuevademocracia.com.co\/wp-content\/uploads\/2024\/08\/image-4-300x200.png 300w\" sizes=\"auto, (max-width: 660px) 100vw, 660px\" \/><figcaption class=\"wp-element-caption\"><em><strong><mark style=\"background-color:rgba(0, 0, 0, 0)\" class=\"has-inline-color has-black-color\">Bomba que marc\u00f3 la entrada de los revolucionarios al L\u00edbano<\/mark><\/strong><\/em><\/figcaption><\/figure>\n\n\n\n<p class=\"has-black-color has-text-color has-link-color wp-elements-a397ef43a4db43bc2c5562f1d95a6cb6\">Un liberal y el capit\u00e1n de la Guardia civil asumieron el mando de las fuerzas contrarrevolucionarias. Los revolucionarios al verse cercados se replegaron a las monta\u00f1as, donde se libr\u00f3 el combate que termin\u00f3 con su derrota, pero en el que entregaron la vida heroicamente: \u201cEl h\u00e9roe de los revolucionarios fue Higinio Forero, quien para cubrir la retirada de sus compa\u00f1eros lanz\u00f3 una bomba que deb\u00eda volar el puente del r\u00edo, la cual no cumpli\u00f3 su cometido. Entonces Higinio\u2026 Se atrincher\u00f3 solo al otro lado del puente y con una carabina resisti\u00f3 a los adversarios hasta cuando una bala lo inmoviliz\u00f3; el capit\u00e1n S\u00e1enz lo remat\u00f3 a culata. No hay un solo militante\u2026 que olvide este episodio, testimonio de valor y de abnegaci\u00f3n revolucionaria\u201d [6].<\/p>\n\n\n\n<p class=\"has-black-color has-text-color has-link-color wp-elements-5967a8e49ba0de5ca22acfc8229cbdb7\">En una semana llegaron m\u00e1s de 400 refuerzos de soldados de varias regiones, que junto con civiles armados que se pon\u00edan del lado de la contrarrevoluci\u00f3n, obligaron a los revolucionarios a dispersarse por los campos. En estos hechos se evidencia claramente el papel de traici\u00f3n y oportunismo de los liberales al pueblo colombiano, que en el momento de la insurrecci\u00f3n se fueron en su contra a pesar de haber estado en su preparaci\u00f3n.<\/p>\n\n\n\n<figure class=\"wp-block-image aligncenter size-full is-resized\"><img loading=\"lazy\" decoding=\"async\" width=\"388\" height=\"606\" src=\"https:\/\/nuevademocracia.com.co\/wp-content\/uploads\/2024\/08\/image-5.png\" alt=\"\" class=\"wp-image-26632\" style=\"width:388px;height:auto\" srcset=\"https:\/\/nuevademocracia.com.co\/wp-content\/uploads\/2024\/08\/image-5.png 388w, https:\/\/nuevademocracia.com.co\/wp-content\/uploads\/2024\/08\/image-5-192x300.png 192w\" sizes=\"auto, (max-width: 388px) 100vw, 388px\" \/><figcaption class=\"wp-element-caption\"><em><strong><mark style=\"background-color:rgba(0, 0, 0, 0)\" class=\"has-inline-color has-black-color\">Arsenal para la toma<br><\/mark><\/strong><\/em><\/figcaption><\/figure>\n\n\n\n<p class=\"has-black-color has-text-color has-link-color wp-elements-d2202ff1eba1aaa519ffc2e73acb9cf7\">Similar fue el levantamiento en San Vicente de Chucur\u00ed. A las 6 pm del 28 de Julio de 1928, los revolucionarios asaltan establecimientos comerciales para conseguir armas y al grito de: \u00a1Viva la revoluci\u00f3n social, abajo el gobierno!, se tomaron la alcald\u00eda y luego la c\u00e1rcel. Combaten con el ejercit\u00f3 y uno de los revolucionarios pierde la vida. Tras la fuerte represi\u00f3n se retiran a las monta\u00f1as para seguir unos d\u00edas m\u00e1s operando como guerrillas.<\/p>\n\n\n\n<p class=\"has-black-color has-text-color has-link-color wp-elements-1fb9f9dfa776900474ae286610cffa8b\">Otro lugar donde se llev\u00f3 acab\u00f3 la insurrecci\u00f3n fue en la estaci\u00f3n Ferroviaria de La G\u00f3mez- Puerto Wilches, en el departamento de Santander. Los revolucionarios mataron al jefe de los talleres del Ferrocarril, intentaron cortar las comunicaciones, volaron la ferrov\u00eda con dinamita, asaltaron el cuartel de la polic\u00eda y se apoderaron de las instalaciones de la empresa que convirtieron en prisi\u00f3n para los enemigos. Fueron dispersados por 100 soldados de tropas de Bucaramanga y agentes de polic\u00eda de poblaciones vecinas. En los enfrentamientos perdieron la vida 3 revolucionarios, y los dem\u00e1s se fueron al campo a organizarse en guerrillas.<\/p>\n\n\n\n<p class=\"has-black-color has-text-color has-link-color wp-elements-78b215617fa84fc726f9c12fb30136c2\">Sin embargo, mientras que unos militantes del partido luchaban con coraje y decisi\u00f3n, los representantes del CCE del PSR, pasados unos pocos d\u00edas, renegaron de la lucha armada, publicaron una carta donde traicionan a los revolucionarios echando agua sucia sobre el levantamiento, suplicando al Estado que deb\u00eda mejorar las condiciones, realizar reformas eficaces para que los obreros no se armaran, que s\u00f3lo esto permitir\u00eda evitar la muerte y la c\u00e1rcel, llamando a la pacificaci\u00f3n del pueblo y condenando el justo uso de la violencia revolucionaria contra los opresores.<\/p>\n\n\n\n<p class=\"has-black-color has-text-color has-link-color wp-elements-25c03ede56d7488852ef3823ce0a7688\">Todo el descontento popular y el trabajo del PSR fueron canalizados por los liberales hacia las urnas, habiendo quedado golpeado el Partido, luego de este primer intento de insurrecci\u00f3n, los liberales tomaron como bandera la lucha contra el Partido Conservador que llevaba 30 a\u00f1os en el gobierno, y recogieron toda la inconformidad del pueblo, con lo cual subieron como presidente a Enrique Olaya Herrera y luego a Alfonso L\u00f3pez Pumarejo.<\/p>\n\n\n\n<p class=\"has-black-color has-text-color has-link-color wp-elements-7b41a97e2a813302eee21bab4c6abbb8\">No obstante, sobre la base del arduo trabajo y hero\u00edsmo de los revolucionarios del PSR, la clase obrera colombiana logr\u00f3 en 1930 y con la ayuda de la Internacional Comunista, conformar su Partido, el Partido Comunista de Colombia que mantuvo su car\u00e1cter revolucionario por algunos a\u00f1os, pero que r\u00e1pidamente fue tomado por el oportunismo y revisionismo hasta nuestros d\u00edas.<\/p>\n\n\n\n<p class=\"has-black-color has-text-color has-link-color wp-elements-90500b7801b250c6d8afe25cd9f69ac7\">De todo este proceso los revolucionarios de hoy debemos sacar muchas ense\u00f1anzas. Una muy importante es que una organizaci\u00f3n revolucionaria, para forjar el camino de la revoluci\u00f3n, debe desarrollar una constante y bien manejada lucha interna, tanto contra la idea de llevar r\u00e1pidamente adelante la revoluci\u00f3n sin haber preparado y organizado al pueblo para ella, como principalmente contra las ideas oportunistas de abandonar el camino revolucionario para centrar en la v\u00eda pacifista y electoral. Otra ense\u00f1anza es que el PSR no comprend\u00eda aun, que el proletariado deb\u00eda conformarse en un Partido de nuevo tipo como Lenin lo hab\u00eda creado en Rusia, que agrupara a los mejores hijos del pueblo y que realmente representara los intereses de la clase obrera, por el contrario concibi\u00f3 el Partido como un Frente con car\u00e1cter amplio de masas, que lleg\u00f3 incluso a contar en sus filas con los liberales, quienes terminaron traicionando la lucha de la clase obrera para beneficio de sus propios intereses como clases opresoras.<\/p>\n\n\n\n<p class=\"has-black-color has-text-color has-link-color wp-elements-770c8aa05c0cdca9e0492e1ad1bcc704\">Finalmente, para todos los revolucionarios de hoy, el PSR y la insurrecci\u00f3n de 1929, son un gran ejemplo: los militantes del PSR se fundieron con las amplias masas populares, ayudaron a su movilizaci\u00f3n y dedicaron su vida a la revoluci\u00f3n, dispuestos a la c\u00e1rcel y a la muerte, mostr\u00e1ndonos la valent\u00eda, coraje y decisi\u00f3n por guiar al pueblo a transformar la sociedad a trav\u00e9s de la violencia revolucionaria.<\/p>\n\n\n\n<p class=\"has-text-align-center has-black-color has-text-color has-link-color wp-elements-9119e72c0e19b4bcc4afb73af9475252\"><strong>\u00a1Vivan los revolucionarios que ofrendaron su vida en el primer intento de la clase y el pueblo colombianos por asaltar el poder !<\/strong><\/p>\n\n\n\n<p class=\"has-text-align-center has-black-color has-text-color has-link-color wp-elements-acb941ce2cac5fd3d62341d491cad156\"><strong>\u00a1Viva el valioso legado del PSR, como infancia del proletariado en la gesta por fundar el Partido Comunista de Colombia!<\/strong><\/p>\n\n\n\n<p class=\"has-text-align-center has-black-color has-text-color has-link-color wp-elements-aeaf40fbad45f8955a412c08d6832423\"><strong>&nbsp;Centro de Investigaci\u00f3n y Educaci\u00f3n Marxista -CIEM<\/strong><\/p>\n\n\n\n<p class=\"has-vivid-red-color has-text-color has-link-color wp-elements-0671d1718b6d3b8bc47d5707ea0022c9\"><strong>Notas<\/strong><\/p>\n\n\n\n<p class=\"has-black-color has-text-color has-link-color wp-elements-5a1c84c09138589c7af077d385593d3a\"><strong>[1]&nbsp;<\/strong>En estas zonas exist\u00eda una econom\u00eda de Enclave. Empresas yanquis ten\u00edan el poder y controlaban la vida del pueblo en condiciones de trabajo miserables. Entre ellas la United Fruit Company y la Tropical O\u00edl Company<\/p>\n\n\n\n<p class=\"has-black-color has-text-color has-link-color wp-elements-73a03698f5d25e420c1fef0925b05755\"><strong>[2]<\/strong>&nbsp;\u201cLiberales y conservadores\u201d son denominados los miembros del Partido Liberal que junto con el Partido Conservador eran los dos partidos de las clases explotadoras para la \u00e9poca, los cuales se disputaban el gobierno en las elecciones y en ocasiones a trav\u00e9s de las armas. Algunos dirigentes del Partido Liberal se han caracterizado por enga\u00f1ar al pueblo con discursos democr\u00e1ticos y hasta \u201csocialistas\u201d, como por ejemplo el oportunista de Jorge Eliecer Gait\u00e1n, pero siempre han representado los intereses del imperialismo, la gran burgues\u00eda y los terratenientes.<\/p>\n\n\n\n<p class=\"has-black-color has-text-color has-link-color wp-elements-789b0739a88ca61fdc800879c3818f16\"><strong>[3]<\/strong>&nbsp;Los a\u00f1os escondidos. Mar\u00eda Tila Uribe. Editorial CESTRA. P\u00e1g.267<\/p>\n\n\n\n<p class=\"has-black-color has-text-color has-link-color wp-elements-586ac66aa434697007f29382fe840350\"><strong>[4]<\/strong>&nbsp;El tiempo, Bogot\u00e1, martes 30 de Julio de 1929, p.2. Citado en \u201cLos bolcheviques del L\u00edbano\u201d.<\/p>\n\n\n\n<p class=\"has-black-color has-text-color has-link-color wp-elements-a2b64dcdf55bc7bc16e838d3c953e635\"><strong>[5]<\/strong>&nbsp;Los Bolcheviques del L\u00edbano. Gonzalo S\u00e1nchez G. 1985. El ancora editores. P\u00e1g. 83<\/p>\n\n\n\n<p class=\"has-black-color has-text-color has-link-color wp-elements-5fcf2c0b6075e3ab5f5ba9f6f9b680da\"><strong>[6]<\/strong>&nbsp;Ibid.<\/p>\n","protected":false},"excerpt":{"rendered":"<p>En julio de 1929, heroicos campesinos, obreros, artesanos e intelectuales organizados por el Partido Socialista Revolucionario (PSR) realizaron el primer intento de insurrecci\u00f3n que buscaba destruir el viejo orden social. <\/p>\n","protected":false},"author":1,"featured_media":26630,"comment_status":"open","ping_status":"open","sticky":false,"template":"","format":"standard","meta":{"footnotes":""},"categories":[16,145],"tags":[],"class_list":["post-26628","post","type-post","status-publish","format-standard","has-post-thumbnail","hentry","category-carrusel","category-historia-col"],"blocksy_meta":[],"_links":{"self":[{"href":"https:\/\/nuevademocracia.com.co\/index.php?rest_route=\/wp\/v2\/posts\/26628","targetHints":{"allow":["GET"]}}],"collection":[{"href":"https:\/\/nuevademocracia.com.co\/index.php?rest_route=\/wp\/v2\/posts"}],"about":[{"href":"https:\/\/nuevademocracia.com.co\/index.php?rest_route=\/wp\/v2\/types\/post"}],"author":[{"embeddable":true,"href":"https:\/\/nuevademocracia.com.co\/index.php?rest_route=\/wp\/v2\/users\/1"}],"replies":[{"embeddable":true,"href":"https:\/\/nuevademocracia.com.co\/index.php?rest_route=%2Fwp%2Fv2%2Fcomments&post=26628"}],"version-history":[{"count":2,"href":"https:\/\/nuevademocracia.com.co\/index.php?rest_route=\/wp\/v2\/posts\/26628\/revisions"}],"predecessor-version":[{"id":26634,"href":"https:\/\/nuevademocracia.com.co\/index.php?rest_route=\/wp\/v2\/posts\/26628\/revisions\/26634"}],"wp:featuredmedia":[{"embeddable":true,"href":"https:\/\/nuevademocracia.com.co\/index.php?rest_route=\/wp\/v2\/media\/26630"}],"wp:attachment":[{"href":"https:\/\/nuevademocracia.com.co\/index.php?rest_route=%2Fwp%2Fv2%2Fmedia&parent=26628"}],"wp:term":[{"taxonomy":"category","embeddable":true,"href":"https:\/\/nuevademocracia.com.co\/index.php?rest_route=%2Fwp%2Fv2%2Fcategories&post=26628"},{"taxonomy":"post_tag","embeddable":true,"href":"https:\/\/nuevademocracia.com.co\/index.php?rest_route=%2Fwp%2Fv2%2Ftags&post=26628"}],"curies":[{"name":"wp","href":"https:\/\/api.w.org\/{rel}","templated":true}]}}