{"id":26647,"date":"2024-08-06T16:24:58","date_gmt":"2024-08-06T21:24:58","guid":{"rendered":"https:\/\/nuevademocracia.com.co\/?p=26647"},"modified":"2024-08-06T16:39:12","modified_gmt":"2024-08-06T21:39:12","slug":"programa-agrario-de-los-guerrilleros","status":"publish","type":"post","link":"https:\/\/nuevademocracia.com.co\/?p=26647","title":{"rendered":"Programa agrario de los guerrilleros (1964)"},"content":{"rendered":"\n<p class=\"has-black-color has-text-color has-link-color wp-elements-555c13bc56b01eb6a7f587dc75bba963\">A continuaci\u00f3n, compartimos el documento del Programa Agrario de las FARC (versi\u00f3n de 1964), que planteaba una pol\u00edtica revolucionaria respecto a la lucha campesina por la tierra, con motivo de la conmemoraci\u00f3n de los 60 a\u00f1os de este importante documento, tambi\u00e9n compartimos este documental sobre la resistencia en Rio Ghiquito. Al respecto, hemos publicado un art\u00edculo en el que se describe el proceso hist\u00f3rico de lucha armada de las masas campesinas, desarrollado entre los a\u00f1os 1948 y 1965, y que dieron origen tanto al Programa como a la guerrilla de las FARC. Invitamos a leerlo en el siguiente link: <a href=\"https:\/\/nuevademocracia.com.co\/?p=26654\">https:\/\/nuevademocracia.com.co\/?p=26654<\/a><\/p>\n\n\n\n<figure class=\"wp-block-image aligncenter size-full is-resized\"><img loading=\"lazy\" decoding=\"async\" width=\"806\" height=\"555\" src=\"https:\/\/nuevademocracia.com.co\/wp-content\/uploads\/2024\/08\/image-6.png\" alt=\"\" class=\"wp-image-26648\" style=\"width:615px;height:auto\" srcset=\"https:\/\/nuevademocracia.com.co\/wp-content\/uploads\/2024\/08\/image-6.png 806w, https:\/\/nuevademocracia.com.co\/wp-content\/uploads\/2024\/08\/image-6-300x207.png 300w, https:\/\/nuevademocracia.com.co\/wp-content\/uploads\/2024\/08\/image-6-768x529.png 768w\" sizes=\"auto, (max-width: 806px) 100vw, 806px\" \/><figcaption class=\"wp-element-caption\"><em><strong><mark style=\"background-color:rgba(0, 0, 0, 0)\" class=\"has-inline-color has-black-color\">Foto: Documental Rio Chiquito<\/mark><\/strong><\/em><\/figcaption><\/figure>\n\n\n\n<p class=\"has-vivid-red-color has-text-color has-link-color wp-elements-1a213833d78dcdfa1a954c8ccab0dfd9\"><strong>PROGRAMA AGRARIO DE LOS GUERRILLEROS.<\/strong><\/p>\n\n\n\n<p class=\"has-black-color has-text-color has-link-color wp-elements-19fb357ede9c2ec5eed57234f15da849\">Compa\u00f1eros, campesinos, obreros, estudiantes, artesanos, intelectuales revolucionarios, hombres y mujeres de Colombia:<\/p>\n\n\n\n<p class=\"has-vivid-red-color has-text-color has-link-color wp-elements-238cf0cd6e3e6d31f72cfb1fa9ba30bb\"><strong>V\u00cdCTIMAS DE CUATRO GUERRAS.<\/strong><\/p>\n\n\n\n<p class=\"has-black-color has-text-color has-link-color wp-elements-5ee3b0c5eb8adfd4e52c6db98d605ab6\">Nosotros somos el nervio de un movimiento revolucionario que viene desde 1948. Contra nosotros, campesinos revolucionarios del sur del Tolima, Huila, Cauca y Valle sobre el nudo de la cordillera central, desde 1948 se ha lanzado la fuerza del gran latifundio, de los grandes ganaderos, del gran comercio, de los gamonales de la pol\u00edtica oficial y de los comerciantes de la violencia. Nosotros hemos sido v\u00edctimas de la pol\u00edtica de \u00absangre y fuego\u00bb preconizada y llevada a la pr\u00e1ctica por la oligarqu\u00eda que detenta el poder.<br><br>Contra nosotros se ha desencadenado en el curso de quince a\u00f1os cuatro guerras. Una a partir de 1948, otra a partir de 1954, otra de 1962 y esta que estamos padeciendo a partir del 18 de mayo de 1964, cuando los mandos militares declararon oficialmente que ese d\u00eda hab\u00eda comenzado la \u00aboperaci\u00f3n Marquetalia\u00bb.<br><br>Hemos sido las primeras v\u00edctimas de las furias latifundistas porque aqu\u00ed en esta parte de Colombia predominan los intereses de los grandes se\u00f1ores de la tierra, los intereses m\u00e1s retardatarios del clericalismo, los intereses en cadena de la reacci\u00f3n m\u00e1s oscurantista del pa\u00eds. Por eso nos ha tocado sufrir en la carne y en el esp\u00edritu todas las bestialidades de un r\u00e9gimen podrido que se asienta sobre el monopolio latifundista de la tierra, la monoproducci\u00f3n y la monoexportaci\u00f3n bajo el imperio de los Estados Unidos.<\/p>\n\n\n\n<p class=\"has-vivid-red-color has-text-color has-link-color wp-elements-ac94914a2ba1aeb017a4f0dc5bc663d9\"><strong>UNA V\u00cdA CERRADA.<\/strong><\/p>\n\n\n\n<p class=\"has-black-color has-text-color has-link-color wp-elements-0ff247e8e4f9d707ac514ba3bbed4ea3\">Es por eso que en esta guerra participan contra nosotros tropas, aviones, altos militares y especialistas norteamericanos. Es por esto que se lanzan contra nosotros 16.000 hombres provistos de las armas m\u00e1s modernas y destructoras. Es por eso que contra nosotros se emplea la t\u00e1ctica del bloqueo econ\u00f3mico, del cerco de exterminio, de las acometidas por aire y tierra y por \u00faltimo, de la guerra bacteriol\u00f3gica. Es por esto que el gobierno y el imperialismo Yanqui emplea cientos y miles de millones de pesos y d\u00f3lares en armas, pertrecho, pago de esp\u00edas y delatores. Es por eso que el gobierno soborna y corrompe las conciencias, mata, persigue y encarcela a la gente colombiana que se levanta a la lucha solidaria con nosotros, y v\u00edctimas de una cruel e inhumana guerra de exterminio.<br><br>Nosotros hemos llegado a todas las partes donde hab\u00eda puertas para golpear en procura de auxilio para evitar que una cruzada anticomunista, que es una cruza antipatri\u00f3tica contra nuestro pueblo, nos llevara, y con nosotros a todo nuestro pueblo a una lucha larga y sangrienta. Nosotros somos revolucionarios que luchamos por un cambio de r\u00e9gimen. Pero quer\u00edamos y luch\u00e1bamos por ese cambio usando la v\u00eda menos dolorosa para nuestro pueblo: la v\u00eda pac\u00edfica, la v\u00eda de la lucha democr\u00e1tica de las masas, las v\u00edas legales que la Constituci\u00f3n de Colombia se\u00f1alan. Esa v\u00eda nos fue cerrada violentamente y como somos revolucionarios que de una u otra manera jugamos el papel hist\u00f3rico que nos corresponde, obligados por las circunstancias arriba anotadas, nos toc\u00f3 buscar la otra v\u00eda: la v\u00eda revolucionaria armada para la lucha del poder.<br><br>Desde hoy, 20 de julio de 1964, somos un movimiento guerrillero que lucha por el siguiente Programa:<br><br>PRIMERO &#8211; A la reforma agraria de mentiras de la Burgues\u00eda oponemos una efectiva Reforma Agraria Revolucionaria que cambie de ra\u00edz la estructura social del campo colombiano, entregando en forma completamente gratuita la tierra a los campesinos que la trabajan o quisieran trabajarla, sobre la base de la confiscaci\u00f3n de la propiedad latifundista en beneficio de todo el pueblo trabajador.<br><br>La Reforma Agraria Revolucionaria entregar\u00e1 a los campesinos las herramientas, animales de labor, equipos y construcciones para su debida explotaci\u00f3n econ\u00f3mica. La reforma agraria es la condici\u00f3n indispensable para elevar verticalmente el nivel de vida material y cultural de todo el campesinado, librarlo del desempleo, del hambre y del analfabetismo; para liquidar las trabas del latifundismo y para impulsar el desarrollo de la producci\u00f3n agropecuaria e industrial del pa\u00eds. La Reforma Agraria confiscar\u00e1 las tierras ocupadas por los imperialistas yanquis a cualquier t\u00edtulo y cualquiera que sea la actividad a la cual est\u00e1n dedicadas.<br><br>SEGUNDO &#8211; Los colonos, ocupantes, arrendatarios, aparceros, terrazgueros, agregados, etc., de tierras de los latifundistas o de la naci\u00f3n, recibir\u00e1n los t\u00edtulos correspondientes de propiedad sobre los terrenos que exploten. Se liquidar\u00e1 todo tipo de explotaci\u00f3n atrasada de la tierra, los sistemas de aparcer\u00eda, el arriendo en especie o pagado en dinero por los peque\u00f1os campesinos. Se crear\u00e1 la unidad econ\u00f3mica en el campo de acuerdo con la fertilidad y ubicaci\u00f3n de los terrenos con un m\u00ednimo para la mejor tierra de treinta hect\u00e1reas, cuando se trate de tierras ubicadas en \u00e1reas planas y aleda\u00f1as, en las otras tierras de acuerdo con su fertilidad y red de comunicaci\u00f3n. Se anular\u00e1n todas las deudas contra\u00eddas por los campesinos con usureros, especuladores, instituciones oficiales y semioficiales de cr\u00e9dito.<\/p>\n\n\n\n<p class=\"has-vivid-red-color has-text-color has-link-color wp-elements-410030217ba480fd003d57fc04edba37\"><strong>DERECHO DE PROPIEDAD Y SERVICIO.<\/strong><\/p>\n\n\n\n<p class=\"has-black-color has-text-color has-link-color wp-elements-656f1f7603aa8be36839b08915791d32\">TERCERO &#8211; Se respetar\u00e1 la propiedad de los campesinos ricos que trabajen personalmente en sus tierras. Se presentar\u00e1n las formas industriales de trabajo en el campo. Las grandes explotaciones agropecuarias, que por razones de orden social y econ\u00f3mico deban conservarse, se destinar\u00e1n al desarrollo planificado de la producci\u00f3n nacional en beneficio de todo el pueblo.<br><br>CUARTO &#8211; El gobierno revolucionario establecer\u00e1 un amplio sistema de cr\u00e9dito con las m\u00e1s amplias facilidades de pago, el suministro de semillas, asistencia t\u00e9cnica, herramientas, animales, aperos, maquinaria, etc., tanto para los campesinos individuales como para las cooperativas de producci\u00f3n que surjan en el proceso de la Reforma. Se crear\u00e1 un sistema planificado de irrigaci\u00f3n y una red de centros oficiales de experimentaci\u00f3n agrot\u00e9cnica. Se organizar\u00e1n servicios suficientes de sanidad para la atenci\u00f3n completa de los problemas de la salud p\u00fablica en los campos. Se atender\u00e1 el problema de la educaci\u00f3n campesina, la erradicaci\u00f3n total del analfabetismo y un sistema de becas para el estudio t\u00e9cnico y superior de los trabajadores de la tierra. Se cumplir\u00e1 un basto plan de vivienda campesina y la construcci\u00f3n de v\u00edas de comunicaci\u00f3n a los centros rurales productivos.<br><br>QUINTO &#8211; Se garantizar\u00e1n precios b\u00e1sicos remunerativos a los productos agropecuarios.<\/p>\n\n\n\n<p class=\"has-vivid-red-color has-text-color has-link-color wp-elements-7f9d873fe7f2557b2827121d403dc575\"><strong>COMUNIDADES INDIGENAS.<\/strong><\/p>\n\n\n\n<p class=\"has-black-color has-text-color has-link-color wp-elements-e66f06294fa0193dcb00d940ed7c78ef\">SEXTO &#8211; Se proteger\u00e1n las comunidades ind\u00edgenas, otorg\u00e1ndoles tierras suficientes para su desarrollo, devolvi\u00e9ndoles las que le han usurpado los latifundistas y modernizando sus sistemas de cultivo.<br><br>Las comunidades ind\u00edgenas gozar\u00e1n de todos los beneficios de la Reforma Agraria Revolucionaria. Al mismo tiempo, se estabilizar\u00e1 la organizaci\u00f3n aut\u00f3noma de las comunidades, respetando sus cabildos, su vida, su cultura, su lengua propia y su organizaci\u00f3n interna.<\/p>\n\n\n\n<p class=\"has-vivid-red-color has-text-color has-link-color wp-elements-1342f5cf74062a04bda153fdbc03a29a\"><strong>FRENTE \u00daNICO DEL PUEBLO.<\/strong><\/p>\n\n\n\n<p class=\"has-black-color has-text-color has-link-color wp-elements-1f0502bb24d3aec0ed9463647cb8edb3\">SEPTIMO &#8211; La realizaci\u00f3n de este Programa Agrario Revolucionario depender\u00e1 de la alianza obrera campesina y del frente \u00fanico de todos los colombianos en la lucha por el cambio de r\u00e9gimen, \u00fanica garant\u00eda para la destrucci\u00f3n de la vieja estructura latifundista de Colombia. La realizaci\u00f3n de esta Reforma Agraria Revolucionaria se apoyar\u00e1 en las m\u00e1s amplias masas campesinas, las cuales contribuir\u00e1n decididamente a la destrucci\u00f3n de latifundio. Por eso, este programa se plantea como necesidad vital, la lucha por la forjaci\u00f3n del m\u00e1s amplio frente \u00fanico de todas las fuerzas democr\u00e1ticas, progresistas y revolucionarias del pa\u00eds, para un combate permanente hasta dar en tierra con este gobierno de los imperialistas yanquis que impiden la realizaci\u00f3n de los anhelos del pueblo colombiano.<br><br>Por eso invitamos a todos los campesinos, a todos los obreros, a todos los empleados, a todos los estudiantes, a todos los artesanos, a todos los peque\u00f1os industriales, a la burgues\u00eda nacional que est\u00e9 dispuesta a combatir contra el imperialismo, a los intelectuales dem\u00f3cratas y revolucionarios, a todos los partidos pol\u00edticos de izquierda o de centro que quieran un cambio en el sentido del progreso, a la gran lucha revolucionaria y patri\u00f3tica por una Colombia para los colombianos, por el triunfo de la revoluci\u00f3n, por un gobierno democr\u00e1tico de liberaci\u00f3n nacional.<br><br>Marquetalia, julio 20 de 1964.<br><br>Manuel Marulanda V\u00e9lez &#8211; Isauro Yosa &#8211; Dar\u00edo Lozano &#8211; Isa\u00edas Pardo &#8211; Tarciso Guaraca &#8211; Parm\u00e9nides Cuenca &#8211; Roberto L\u00f3pez &#8211; Jes\u00fas Medina &#8211; Luis Pardo &#8211; Rigoberto Lozano &#8211; Miryam Narv\u00e1ez &#8211; Judith Grizales &#8211; Jes\u00fas Ortiz &#8211; Rogelio D\u00edaz &#8211; Miguel Aldana &#8211; (siguen m\u00e1s de mil firmas de campesinos).<\/p>\n\n\n\n<p class=\"has-black-color has-text-color has-link-color wp-elements-7cd10a15d66dc12f25a4e7acc11b34fd\">A continuaci\u00f3n el documental Rio Chiquito.<\/p>\n\n\n\n<figure class=\"wp-block-embed is-type-video is-provider-youtube wp-block-embed-youtube wp-embed-aspect-4-3 wp-has-aspect-ratio\"><div class=\"wp-block-embed__wrapper\">\n<iframe loading=\"lazy\" title=\"Rio Chiquito   Jean Pierre Sergent Espa\u00f1ol\" width=\"1290\" height=\"968\" src=\"https:\/\/www.youtube.com\/embed\/3TDifFXe8fY?feature=oembed\" frameborder=\"0\" allow=\"accelerometer; autoplay; clipboard-write; encrypted-media; gyroscope; picture-in-picture; web-share\" referrerpolicy=\"strict-origin-when-cross-origin\" allowfullscreen><\/iframe>\n<\/div><\/figure>\n\n\n\n<p><strong><br><\/strong><\/p>\n","protected":false},"excerpt":{"rendered":"<p>Compartimos el Programa Agrario de las FARC  (1964), que planteaba una pol\u00edtica revolucionaria respecto a la lucha por la tierra, en conmemoraci\u00f3n de sus 60 a\u00f1os.<\/p>\n","protected":false},"author":1,"featured_media":26648,"comment_status":"open","ping_status":"open","sticky":false,"template":"","format":"standard","meta":{"footnotes":""},"categories":[16,145,144],"tags":[],"class_list":["post-26647","post","type-post","status-publish","format-standard","has-post-thumbnail","hentry","category-carrusel","category-historia-col","category-lucha-por-la-tierra"],"blocksy_meta":[],"_links":{"self":[{"href":"https:\/\/nuevademocracia.com.co\/index.php?rest_route=\/wp\/v2\/posts\/26647","targetHints":{"allow":["GET"]}}],"collection":[{"href":"https:\/\/nuevademocracia.com.co\/index.php?rest_route=\/wp\/v2\/posts"}],"about":[{"href":"https:\/\/nuevademocracia.com.co\/index.php?rest_route=\/wp\/v2\/types\/post"}],"author":[{"embeddable":true,"href":"https:\/\/nuevademocracia.com.co\/index.php?rest_route=\/wp\/v2\/users\/1"}],"replies":[{"embeddable":true,"href":"https:\/\/nuevademocracia.com.co\/index.php?rest_route=%2Fwp%2Fv2%2Fcomments&post=26647"}],"version-history":[{"count":7,"href":"https:\/\/nuevademocracia.com.co\/index.php?rest_route=\/wp\/v2\/posts\/26647\/revisions"}],"predecessor-version":[{"id":26662,"href":"https:\/\/nuevademocracia.com.co\/index.php?rest_route=\/wp\/v2\/posts\/26647\/revisions\/26662"}],"wp:featuredmedia":[{"embeddable":true,"href":"https:\/\/nuevademocracia.com.co\/index.php?rest_route=\/wp\/v2\/media\/26648"}],"wp:attachment":[{"href":"https:\/\/nuevademocracia.com.co\/index.php?rest_route=%2Fwp%2Fv2%2Fmedia&parent=26647"}],"wp:term":[{"taxonomy":"category","embeddable":true,"href":"https:\/\/nuevademocracia.com.co\/index.php?rest_route=%2Fwp%2Fv2%2Fcategories&post=26647"},{"taxonomy":"post_tag","embeddable":true,"href":"https:\/\/nuevademocracia.com.co\/index.php?rest_route=%2Fwp%2Fv2%2Ftags&post=26647"}],"curies":[{"name":"wp","href":"https:\/\/api.w.org\/{rel}","templated":true}]}}