{"id":26654,"date":"2024-08-06T16:33:52","date_gmt":"2024-08-06T21:33:52","guid":{"rendered":"https:\/\/nuevademocracia.com.co\/?p=26654"},"modified":"2026-03-28T00:03:39","modified_gmt":"2026-03-28T05:03:39","slug":"60-anos-del-programa-agrario-de-las-farc-fruto-de-la-heroica-lucha-armada-campesina","status":"publish","type":"post","link":"https:\/\/nuevademocracia.com.co\/?p=26654","title":{"rendered":"60 a\u00f1os del Programa Agrario de las FARC fruto de la heroica lucha armada campesina"},"content":{"rendered":"\n<hr class=\"wp-block-separator has-text-color has-vivid-red-color has-alpha-channel-opacity has-vivid-red-background-color has-background\"\/>\n\n\n\n<figure class=\"wp-block-image aligncenter size-full is-resized\"><img loading=\"lazy\" decoding=\"async\" width=\"845\" height=\"719\" src=\"https:\/\/nuevademocracia.com.co\/wp-content\/uploads\/2024\/08\/001-programa-agrario-farc.jpg\" alt=\"\" class=\"wp-image-26655\" style=\"width:607px;height:auto\" srcset=\"https:\/\/nuevademocracia.com.co\/wp-content\/uploads\/2024\/08\/001-programa-agrario-farc.jpg 845w, https:\/\/nuevademocracia.com.co\/wp-content\/uploads\/2024\/08\/001-programa-agrario-farc-300x255.jpg 300w, https:\/\/nuevademocracia.com.co\/wp-content\/uploads\/2024\/08\/001-programa-agrario-farc-768x653.jpg 768w\" sizes=\"auto, (max-width: 845px) 100vw, 845px\" \/><\/figure>\n\n\n\n<p class=\"has-black-color has-text-color has-link-color wp-elements-aecf09b179b8373da5b3eb733bfc23c7\">El 20 de julio de 1964, en medio de un gran movimiento campesino de resistencia armada (denominado tambi\u00e9n autodefensas campesinas), se establece el Programa Agrario, que planteaba una pol\u00edtica revolucionaria respecto a la lucha campesina por la tierra. Dicho Programa fue acordado en la Primera Conferencia del Bloque Sur, que era el nombre que agrupaba varias guerrillas campesinas, algunas de ellas influenciadas por el Partido Comunista, y que actuaban de forma independiente en los departamentos del Tolima, Huila, Cauca y Valle. Guerrillas surgidas como respuesta a la fuerte y violenta arremetida de los latifundistas para despojar a miles de colonos campesinos de sus tierras, usando para ello la represi\u00f3n del ej\u00e9rcito, polic\u00eda y fuerzas paramilitares (civiles armados al servicio del latifundio, tambi\u00e9n conocidos como p\u00e1jaros o chulavitas). Luego, a finales de abril e inicios de mayo de 1965, se dar\u00eda la Segunda Conferencia del Bloque Sur, y all\u00ed se fundar\u00edan las Fuerzas Armadas Revolucionarias de Colombia (FARC), pasando entonces de una articulaci\u00f3n entre grupos guerrilleros independientes, a un ej\u00e9rcito guerrillero unificado que se expandir\u00eda por todo el pa\u00eds.<\/p>\n\n\n\n<p class=\"has-black-color has-text-color has-link-color wp-elements-abffb2b012ff36b39c7f507d11c9bc02\">Esta importante experiencia, hace parte de la inagotable lucha que han librado las masas campesinas por la tierra en nuestro pa\u00eds, y considerando entonces el gran valor de dicho proceso hist\u00f3rico, realizaremos un breve recuento de los hechos que dieron origen tanto al Programa Agrario como a las FARC, aclarando que, el posterior desarrollo ideol\u00f3gico y pol\u00edtico de las FARC y sus dirigentes, es necesario someterlo a un an\u00e1lisis cr\u00edtico, pero ese no es el objetivo del presente art\u00edculo, en el cual simplemente nos remontamos hasta las causas de su origen.<\/p>\n\n\n\n<p class=\"has-black-color has-text-color has-link-color wp-elements-7e38f5e7a01fdf973875f510815fcd90\">\u201cContra nosotros, campesinos revolucionarios del sur del Tolima, Huila, Cauca y Valle sobre el nudo de la cordillera central, desde 1948 se ha lanzado la fuerza del gran latifundio, de los grandes ganaderos, del gran comercio, de los gamonales de la pol\u00edtica oficial y de los comerciantes de la violencia. Nosotros hemos sido v\u00edctimas de la pol\u00edtica de \u00absangre y fuego\u00bb preconizada y llevada a la pr\u00e1ctica por la oligarqu\u00eda que detenta el poder. Contra nosotros se ha desencadenado en el curso de quince a\u00f1os cuatro guerras. Una a partir de 1948, otra a partir de 1954, otra de 1962 y esta que estamos padeciendo a partir del 18 de mayo de 1964, cuando los mandos militares declararon oficialmente que ese d\u00eda hab\u00eda comenzado la \u00aboperaci\u00f3n Marquetalia\u00bb.<\/p>\n\n\n\n<p class=\"has-black-color has-text-color has-link-color wp-elements-d21693b0a9067e166a6daee8e9cfc1c3\">Con las anteriores palabras comienza el primer apartado del Programa Agrario, en el cual los campesinos denuncian la arremetida armada de las clases dominantes contra las masas campesinas para arrebatarles sus tierras. Miremos a continuaci\u00f3n, algunos de los acontecimientos m\u00e1s importantes de esas cuatro guerras que denunciaron los campesinos en aquel entonces.<\/p>\n\n\n\n<p class=\"has-vivid-red-color has-text-color has-link-color wp-elements-75a01665df06b58cb3d10c5ebe3287ef\"><strong>1. La guerra de 1948<\/strong><\/p>\n\n\n\n<p class=\"has-black-color has-text-color has-link-color wp-elements-3adcd809cf9f3e8d6ae96ef0e657a4f2\">Durante la d\u00e9cada del 40 se agudiz\u00f3 la contradicci\u00f3n entre las masas campesinas y los latifundistas. Los campesinos, durante las d\u00e9cadas del 20 y 30 hab\u00edan luchado por la tierra y hab\u00edan conquistado importante cantidad de bald\u00edos del Estado, lo que tambi\u00e9n se conoce como la colonizaci\u00f3n campesina, a trav\u00e9s de la cual, los trabajadores del campo expandieron la frontera agr\u00edcola, desmontando tierras y poni\u00e9ndolas a producir, y en esas nuevas tierras las masas constru\u00edan todo: casas, escuela, iglesia, caminos, tiendas, etc., y as\u00ed poco a poco los colonos campesinos fueron poblando regiones inh\u00f3spitas. Sin embargo, dicho proceso era en dura lucha contra los grandes terratenientes, quienes, no contentos con las grandes extensiones de tierras que ya les pertenec\u00edan, se consideraban due\u00f1os de las tierras bald\u00edas y reclamaban esas nuevas tierras para s\u00ed. Raz\u00f3n por la cual pugnaban dentro del Estado, especialmente el Partido Conservador, para que la ley y la fuerza p\u00fablica despojaran a los campesinos, y se opon\u00eda hostilmente a cualquier idea de Reforma Agraria que abriera la posibilidad de que los campesinos obtuvieran los t\u00edtulos de esas tierras colonizadas.<\/p>\n\n\n\n<p class=\"has-black-color has-text-color has-link-color wp-elements-de7ada8a237b31192971c41254e079e1\">Tambi\u00e9n se agudizaron las contradicciones entre los dos partidos pol\u00edticos de las clases dominantes, quienes planteaban dos formas diferentes de abordar la contradicci\u00f3n con los campesinos. El Partido Liberal apostaba por el reformismo y las promesas para adormecer la lucha campesina (Reforma Agraria de 1936 de L\u00f3pez Pumarejo), mientras el Partido Conservador apostaba por aplastar el movimiento campesino con la fuerza de las armas y la represi\u00f3n estatal.<\/p>\n\n\n\n<p class=\"has-black-color has-text-color has-link-color wp-elements-895662c338688fdabf5ab8cba36b72a2\">En 1946 el Partido Conservador gana las elecciones presidenciales con Mariano Ospina P\u00e9rez, e inicia un ba\u00f1o de sangre contra las masas campesinas, con masacres, asesinatos y desplazamientos forzados en el campo. La violencia desatada por el Partido Conservador fue tan grande y gener\u00f3 tanto rechazo, que el 7 de febrero de 1948, se realiz\u00f3 la Marcha del silencio, convocada por el l\u00edder del Partido Liberal, Jorge Eliecer Gait\u00e1n. Se estima que se movilizaron cerca de 100 mil personas en Bogot\u00e1 (ciudad que ten\u00eda en ese entonces aproximadamente 400 mil habitantes), lo que la hac\u00eda hasta ese momento, la m\u00e1s grande movilizaci\u00f3n en la historia de Colombia y esbozaba una gran probabilidad de que Gait\u00e1n ganara las siguientes elecciones presidenciales, raz\u00f3n por la cual fue asesinado en 1948, agudiz\u00e1ndose as\u00ed el conflicto armado por gran parte del territorio nacional, pues las bases liberales se armaron ante el asesinato de su l\u00edder. El jefe conservador, Laureano G\u00f3mez, en agosto de ese a\u00f1o dec\u00eda: \u201cla guerra civil es inevitable\u201d.<\/p>\n\n\n\n<p class=\"has-black-color has-text-color has-link-color wp-elements-26ce3319df041835469eed06593dc932\">En 1949, los liberales ganan las elecciones parlamentarias, qued\u00e1ndose con la mayor\u00eda del poder legislativo desde el cual pensaban hacer oposici\u00f3n a los conservadores en el poder ejecutivo, sin embargo, no llevaban cuatro meses sesionando y Ospina P\u00e9rez cierra el Congreso, con lo cual se profundizaba la crisis pol\u00edtica del pa\u00eds.<\/p>\n\n\n\n<p class=\"has-black-color has-text-color has-link-color wp-elements-84f1246f1550c004263d074ddcce6888\">Mientras tanto, en el campo, dos bandos se enfrentaban militarmente: por un lado, las fuerzas reaccionarias agrupadas bajo las banderas conservadoras y con todo el poder del Estado en sus manos, Ej\u00e9rcito, Polic\u00eda, p\u00e1jaros y chulavitas; y por otro lado surg\u00edan por todo el pa\u00eds, decenas de guerrillas liberales y otras bajo la influencia o direcci\u00f3n del Partido Comunista, las cuales agrupaban a campesinos dispuestos a defender sus tierras y sus vidas, as\u00ed fuese con las pocas armas que dispon\u00edan.<\/p>\n\n\n\n<p class=\"has-black-color has-text-color has-link-color wp-elements-1fb8c123443efcdd0312ab0f43e62de3\">Las fuerzas conservadoras incursionaron en cientos de poblaciones, realizando masacres, desplazamientos forzados, violaciones de mujeres, incendio de casas o incluso de pueblos enteros, robo de ganado y enseres, entre otros cr\u00edmenes contra las masas campesinas. Uno de los muchos grupos guerrilleros que surgieron, se conform\u00f3 en el sector de Rioblanco, Tolima, bajo el mando de una familia Liberal, Gerardo Loaiza y sus hijos. Junto a ellos se fueron agrupando otras guerrillas m\u00e1s peque\u00f1as, como la de Manuel Marulanda V\u00e9lez, quien lleg\u00f3 con un peque\u00f1o contingente de 19 combatientes, que se hab\u00eda formado en G\u00e9nova, Quind\u00edo, desde donde fueron desplazados por los conservadores. Tambi\u00e9n se unir\u00eda Isauro Yosa y el grupo guerrillero bajo su mando, junto con 200 familias campesinas que ven\u00edan huyendo del sur del Tolima. Isauro era un campesino comunista, miembro del Partido, que llevaba varios a\u00f1os realizando trabajo organizativo en esa regi\u00f3n. A\u00f1os atr\u00e1s hab\u00eda impulsado en el sector de Irco, luchas campesinas contra la adulteraci\u00f3n de las pesas, contra el sistema de aparecer\u00eda y tambi\u00e9n organiz\u00f3 cuadrillas de campesinos para desmontar y tomar tierras bald\u00edas en lucha contra los terratenientes que reclamaban dichas tierras. Estas guerrillas, no contaban con gran armamento, sino algunas \u201cescopetas de fisto, una que otra de c\u00e1psula y muy contadas veces una carabina 22\u201d (Entrevista a Jaime Guaracas, p. 66) [1].<\/p>\n\n\n\n<p class=\"has-black-color has-text-color has-link-color wp-elements-d16fdebe593e0231e3ca09f3ab8dd8f1\">Durante 1950, al sector de Rioblanco, fueron sum\u00e1ndose m\u00e1s familias campesinas desplazadas de otros municipios, las cuales buscaban refugio en aquellas zonas guerrilleras que a\u00fan no hab\u00edan sido golpeadas. As\u00ed se conform\u00f3 el Comando de El Davis, que lleg\u00f3 a ser un pueblo con m\u00e1s de 2.000 habitantes y que funcionaba como una organizaci\u00f3n militar, desde los ni\u00f1os hasta los ancianos cumpl\u00edan una labor en funci\u00f3n de la guerra de resistencia que estaban librando, contra la violencia y el despojo latifundista encabezado por el gobierno conservador: \u201c[El Davis] fue un campamento muy bien montado, con varias organizaciones: de los 15 a\u00f1os hasta los 40, y a veces hasta los 50, eran guerrilleros de fila que cumpl\u00edan cualquier misi\u00f3n militar. Con los mayores de 50 se constru\u00edan ranchos, cultivaban comida, hac\u00edan alpargatas y trabajaban el cuero para hacer cartucheras. Las mujeres remendaban, cocinaban, lavaban; algunas eran enfermeras y otras ense\u00f1aban a leer a ni\u00f1os y a ancianos. Los hombres de fila sal\u00edan a pelear o a llevar abastecimiento porque lo que se cultivaba no alcanzaba. Cuando yo llegu\u00e9 no hab\u00eda cumplido 12 a\u00f1os. Dur\u00e9 unos d\u00edas en el Batall\u00f3n Sucre, donde participaban los ni\u00f1os de 10 a 14 a\u00f1os; a los 15 ya se pod\u00eda pasar a la fila de guerrilleros. Un d\u00eda desert\u00e9 de los pioneros, me present\u00e9 en la fila de los disponibles y me aceptaron como guerrillero. No hab\u00eda cumplido los 13 todav\u00eda.\u201d \u2026 \u201cnadie pod\u00eda estarse quieto o haciendo pereza. Todos y todas ten\u00edamos que estar haciendo algo, aportando para la subsistencia.\u201d (Entrevista a Jaime Guaracas, p. 67). Organizados bajo la disciplina militar, los campesinos de El Davis construyeron hospital, comedor, armer\u00eda, f\u00e1brica de cotizas de fique, escuela, guarder\u00eda, juzgado y hasta refugios antia\u00e9reos.<\/p>\n\n\n\n<p class=\"has-black-color has-text-color has-link-color wp-elements-cb9a583e40981335e99dcca8432af235\">El conflicto armado se extendi\u00f3 por todo el pa\u00eds, convirti\u00e9ndose en un gran riesgo para los intereses de la gran burgues\u00eda, los latifundistas y el imperialismo yanqui. \u201cSe calcula que en 1951 las guerrillas del Llano tendr\u00edan unos 3.000 hombres; las del sur del Tolima, 6.000, y las de Cundinamarca y Antioquia, 12.000. [\u2026] Por su parte, el Ej\u00e9rcito ten\u00eda 15.000 soldados, y la Polic\u00eda, 25.000.\u201d (p. 25). Las guerrillas campesinas se encontraban dispersas y no funcionaban bajo una direcci\u00f3n unificada o un plan conjunto, sin embargo, empezaron a generar espacios de articulaci\u00f3n, como la Conferencia de Cundinamarca en agosto de 1952, a la que asistieron delegados de las guerrillas de los Llanos, Santander, Antioquia, Sumapaz y del Sur del Tolima, Conferencia desde la cual emitieron un pronunciamiento pol\u00edtico en el que exig\u00edan un gobierno popular, el restablecimiento de las libertades democr\u00e1ticas, una reforma agraria \u201cque pusiera en pr\u00e1ctica el principio de que la tierra es para quien la trabaja\u201d, entre otras reivindicaciones. Frente a este panorama, los jefes de las clases dominantes, tanto del Partido Conservador como del Partido Liberal, ante el gran avance del movimiento armado campesino, planificaron el golpe militar del general Rojas Pinilla, el 13 de junio de 1953, para centralizar a\u00fan m\u00e1s el aparato de represi\u00f3n estatal e iniciar la pacificaci\u00f3n de todo el pa\u00eds.<\/p>\n\n\n\n<p class=\"has-vivid-red-color has-text-color has-link-color wp-elements-8e7d8ea79eef118698a16f6bbd1b01a3\"><strong>2. La guerra de 1954<\/strong><\/p>\n\n\n\n<p class=\"has-black-color has-text-color has-link-color wp-elements-f1ca56c754c64c8d74cee9a29c201429\">En 1952, el Comando de El Davis se hab\u00eda dividido en dos sectores. La raz\u00f3n fue que entre Gerardo Loaiza y otros mandos militares bajo influencia comunista, surgieron conflictos pol\u00edticos que los fueron distanciando hasta el antagonismo. Conflictos que reflejaban dos l\u00edneas pol\u00edticas opuestas, mientras Loaiza actuaba como caudillo militar, quer\u00eda aprovechar las armas para acrecentar su propio poder y era hostil a las ideas comunistas; otros mandos militares, fieles a la causa del campesinado, como Isauro Yosa, Manuel Marulanda, Ciro Truijllo, planteaban el uso de las armas para luchar por las reivindicaciones del pueblo como la tierra y la democracia. El antagonismo fue tal, que se presentaron enfrentamientos entre ambos grupos en los cuales murieron dos hijos de Loaiza. El papel de Isauro Yosa es reconocido por otros mandos militares por su influencia dentro de las guerrillas del sur del Tolima: \u201cel que trajo otras ideas fue el Mayor Lister, o sea Isauro Yosa, que dijo que no hab\u00eda que pelear solo por pol\u00edtica sino para cambiar el pa\u00eds, y que hab\u00eda que comenzar por la tierra.\u201d (Entrevista a Miguel Pascuas, p. 75). El nombre de guerra de Isauro Yosa era Mayor Lister, en homenaje a Enrique Lister, reconocido comunista y general de la guerra civil espa\u00f1ola.<\/p>\n\n\n\n<p class=\"has-black-color has-text-color has-link-color wp-elements-cbb963fb14cc4eff19ebc5d3ba9bc154\">Mientras tanto, el gobierno militar de Rojas Pinilla apostaba por dos t\u00e1cticas, en primer lugar, ofreci\u00f3 amnist\u00eda e indulto general para todos los guerrilleros, as\u00ed como para todos los funcionarios p\u00fablicos que hubiesen cometido delitos \u201cpor causa de excesivo celo en el cumplimiento de sus funciones\u201d (p. 26). Para ello, los aviones militares arrojaron miles de volantes sobre las zonas en conflicto invitando a la entrega de armas, y tambi\u00e9n dirigentes del Partido Liberal acudieron a las zonas guerrilleras para persuadir a las bases campesinas de acoger la amnist\u00eda. Paralelo a ello, se pon\u00eda en marcha la segunda t\u00e1ctica, fortalecer el aparato militar para aplastar por la fuerza aquellas guerrillas que no se acogieran a la amnist\u00eda. Para ello, el gobierno de EE.UU. vendi\u00f3 a Rojas Pinilla armamento, munici\u00f3n, asistencia militar por 150 millones de d\u00f3lares, dentro de lo cual se inclu\u00edan 3.000 bombas de napalm. El gobierno militar se hab\u00eda puesto como meta, acabar con las guerrillas antes del 8 de junio, para conmemorar el primer a\u00f1o del golpe de Estado.<\/p>\n\n\n\n<figure class=\"wp-block-image aligncenter size-full is-resized\"><img loading=\"lazy\" decoding=\"async\" width=\"799\" height=\"705\" src=\"https:\/\/nuevademocracia.com.co\/wp-content\/uploads\/2024\/08\/002-Rojas-Pinilla.jpg\" alt=\"\" class=\"wp-image-26657\" style=\"width:552px;height:auto\" srcset=\"https:\/\/nuevademocracia.com.co\/wp-content\/uploads\/2024\/08\/002-Rojas-Pinilla.jpg 799w, https:\/\/nuevademocracia.com.co\/wp-content\/uploads\/2024\/08\/002-Rojas-Pinilla-300x265.jpg 300w, https:\/\/nuevademocracia.com.co\/wp-content\/uploads\/2024\/08\/002-Rojas-Pinilla-768x678.jpg 768w\" sizes=\"auto, (max-width: 799px) 100vw, 799px\" \/><\/figure>\n\n\n\n<p class=\"has-black-color has-text-color has-link-color wp-elements-d018d4f0968debd86448863f4f2c3ed1\">Ante la propuesta de amnist\u00eda de Rojas Pinilla, muchas guerrillas influenciadas por la direcci\u00f3n del Partido Liberal, se acogieron, como fue el caso del grupo de Gerardo Loaiza, quien fue nombrado alcalde de Rioblanco, y ahora se pon\u00eda del lado del Estado para combatir a los comunistas, quienes decidieron no acogerse y continuar combatiendo.<\/p>\n\n\n\n<p class=\"has-black-color has-text-color has-link-color wp-elements-339e87c1fcafe0989ddf33b27e74128e\">Es importante mencionar, que varios comandantes guerrilleros influenciados por el liberalismo, fueron enga\u00f1ados tanto por el Estado como por la dirigencia liberal, como fue el caso de Guadalupe Salcedo, destacado l\u00edder guerrillero de los Llanos, quien acept\u00f3 la amnist\u00eda y tres a\u00f1os despu\u00e9s de haber entregado las armas, fue asesinado por la polic\u00eda en la ciudad de Bogot\u00e1, donde le tendieron una trampa. Situaci\u00f3n similar ocurri\u00f3 con otros l\u00edderes guerrilleros que se hab\u00edan desmovilizado en otras regiones del pa\u00eds.<\/p>\n\n\n\n<p class=\"has-black-color has-text-color has-link-color wp-elements-0ac4c9af59acf4c471b78452fc7d6d2e\">Una vez agotado el tiempo para aceptar la entrega de armas, Rojas Pinilla reanuda la guerra contra las guerrillas en 1954. Con m\u00e1s de 5.000 hombres, apoyados por fuerza a\u00e9rea y con fusiles modernos, el Estado logra disolver el Comando de El Davis. Los mandos militares se esparcen por la regi\u00f3n junto con las masas campesinas. Algunos inician nuevamente la colonizaci\u00f3n de tierras bald\u00edas, como el grupo de Ciro Trujillo, que tom\u00f3 camino hacia Riochiquito, Tierradentro, Cauca, donde empezaron nuevamente a cultivar la tierra y tratar de vivir en paz, alejados de la represi\u00f3n. Manuel Marulanda y un grupo armado colonizaron tierra en el sector de Marquetalia, Planadas, Tolima. Mientras tanto, Isauro Yosa y otros mandos militares se replegaron hacia Villarrica, al oriente del Tolima, movilizando consigo familias campesinas, armas y animales.<\/p>\n\n\n\n<p class=\"has-black-color has-text-color has-link-color wp-elements-c5c3d96d993f9b7810460a01ce4bc9f6\">Continuando la guerra contra el movimiento campesino, en 1955, las fuerzas armadas de Rojas Pinilla, atacan la regi\u00f3n de Villarrica, capturando a cientos de personas, entre ellas a Isauro Yosa, que es enviado a prisi\u00f3n por tres a\u00f1os. Las guerrillas de Villarrica intentaron resistir la represi\u00f3n estatal, aplicando una t\u00e1ctica de defensa de posiciones, a lo cual llamaron \u201cla cortina\u201d, que consist\u00eda en una l\u00ednea defensiva de trincheras, con la cual pretend\u00edan impedir el avance de las fuerzas armadas oficiales. Las masas campesinas resistieron por varios meses la ofensiva estatal, sin embargo, en junio son derrotados. La intensidad de los combates se puede apreciar en el siguiente testimonio de un guerrillero:<\/p>\n\n\n\n<p class=\"has-black-color has-text-color has-link-color wp-elements-a802901fe4a134357b00b364cf80683e\">\u201cHicimos la \u2018cortina\u2019 de defensa, desde la regi\u00f3n de Cunday hasta el lado de Prado. Una cortina de gente, de combatientes, en donde nosotros no retroceder\u00edamos, ni el Ej\u00e9rcito pod\u00eda avanzar&#8230; nosotros com\u00edamos y dorm\u00edamos en la trinchera&#8230; defendiendo el terreno y las familias que estaban arriba, detr\u00e1s de nosotros&#8230; libramos una guerra suicida&#8230; Nos atacaban d\u00eda y noche, no nos dejaban descansar. Est\u00e1bamos defendiendo posiciones y, con la plena seguridad de que no nos iban a sacar, hac\u00edamos trinchera, hac\u00edamos huecos en la tierra, desde donde dispar\u00e1bamos&#8230; uno com\u00eda estando en la trinchera. No hab\u00eda orden de salir; hab\u00eda una comisi\u00f3n de mujeres que preparaban la enfermer\u00eda; recorr\u00edan la cortina durante los combates&#8230; A los ni\u00f1os mayores de 10 a\u00f1os se les escogi\u00f3 para que sirvieran de estafetas&#8230; El peor momento que yo recuerdo fue el 8 de junio de 1955, cuando el Ej\u00e9rcito se tom\u00f3 Villarrica. \u2026Se orden\u00f3 a las familias salir y avanzar hacia la colonia. A las 7 de la ma\u00f1ana el Ej\u00e9rcito rompi\u00f3 la cortina y se entr\u00f3 a la colonia. Ese d\u00eda la gente lloraba; una gran cantidad de compa\u00f1eros, hombres, mujeres y ni\u00f1os, lloraban de ver tanto Ej\u00e9rcito, tantos aviones. Trajeron 12 aviones que bombardeaban, ametrallaban&#8230; Donde ca\u00eda una bomba iba prendiendo todo, monte, casas, todo; la gente se arrodillaba a pedirle a Dios. Parec\u00eda el juicio final&#8230; los aviones acabaron con la iglesia y la Colonia. No dejaron casa que no desbarataran. En esa evacuaci\u00f3n ya \u00edbamos como 3.000 personas&#8230; acordamos tomarnos el camino del Himalaya, o sea la v\u00eda a Galilea. Los compa\u00f1eros que iban adelante alcanzaron a salvar una cantidad de ganados y bestias&#8230; se cargaron ch\u00e9cheres, inclusive colchones, camas, gallinas\u201d (p. 37-38).<\/p>\n\n\n\n<p class=\"has-black-color has-text-color has-link-color wp-elements-4c2132fccfc0fb7aba3f531d3c7d244a\">En un informe de la embajada de EE.UU. a su gobierno, se dice que entre el 7 y el 10 de junio, fueron lanzadas 50 bombas de napalm que destruyeron completamente la poblaci\u00f3n de Villarrica: casas, iglesia, escuela, etc. El Estado aplic\u00f3 la t\u00e1ctica de \u201ctierra arrasada\u201d para destruir esta colonia campesina, que era considerada por las fuerzas reaccionarias, un basti\u00f3n del comunismo. Las familias campesinas de Villarrica, se vieron obligadas a marchar por meses, sin comida, con ni\u00f1os y con las poquitas pertenencias que hab\u00edan salvado, huyendo hacia zonas monta\u00f1osas y selv\u00e1ticas donde fuese dif\u00edcil el acceso para las fuerzas de represi\u00f3n. Algunos grupos formaron nuevas colonizaciones, mientras otros grupos se incorporaron a zonas guerrilleras que a\u00fan no hab\u00edan sido atacadas, como Marquetalia, donde el grupo de Manuel Marulanda hab\u00eda creado una nueva colonizaci\u00f3n campesina; o la zona de Riochiquito, bajo el mando de Ciro Trujillo. Por su parte, Isauro Yosa, una vez recupera su libertad, se reincorpora al combate y se une al grupo de Manuel Marulanda en Marquetalia.<\/p>\n\n\n\n<p class=\"has-black-color has-text-color has-link-color wp-elements-2b72ab2a8a5be42896112e3f88781424\">Un inform\u00e9 de la Comisi\u00f3n Investigadora de las Causas de la Violencia, plante\u00f3 que entre 1948 y 1957, en el departamento del Tolima fueron asesinadas 35.294 personas y se abandonaron 93.882 fincas. Por su parte, los campesinos para defenderse, crearon 33 comandos guerrilleros por todo el departamento, s\u00f3lo en el sur del Tolima hubo 12 guerrillas resistiendo contra la arremetida estatal y paramilitar.<\/p>\n\n\n\n<p class=\"has-vivid-red-color has-text-color has-link-color wp-elements-19e66b18f4c82c40cee2a85027f2a760\"><strong>3. Las guerras de 1962 y 1964<\/strong><\/p>\n\n\n\n<p class=\"has-black-color has-text-color has-link-color wp-elements-ed9de1c77faff8ba08d2e6db0b0effda\">En 1957 se da el derrocamiento del gobierno militar de Rojas Pinilla, producto de una gran movilizaci\u00f3n popular, donde los estudiantes universitarios tuvieron un papel destacado en las protestas en las principales ciudades del pa\u00eds. Adem\u00e1s, los jefes de las clases dominantes, liberales y conservadores, llegaron a un acuerdo para finalizar el gobierno de Rojas Pinilla, quien, aunque hab\u00eda propinado golpes a las guerrillas, hab\u00eda fracaso en su plan de derrotarlas mientras agotaba las arcas del Estado con la guerra y varios esc\u00e1ndalos de corrupci\u00f3n. El acuerdo de los partidos de las clases dominantes, consist\u00eda en la creaci\u00f3n del Frente Nacional, a trav\u00e9s del cual el Partido Conservador y el Liberal se iban a alternar cada cuatro a\u00f1os la presidencia de la rep\u00fablica, distribuir los puestos legislativos de forma equitativa, as\u00ed como otros cargos burocr\u00e1ticos, lo que ellos llamar\u00edan un \u201cgobierno de coalici\u00f3n\u201d, pero que realmente a los ojos del pueblo, era la farsa electoral en su forma m\u00e1s descarada y c\u00ednica.<\/p>\n\n\n\n<p class=\"has-black-color has-text-color has-link-color wp-elements-55ce6734dfeba81006a924cd0a8c1b2d\">En 1958 inicia el primer turno del Frente Nacional para los liberales, con el gobierno de Alberto Lleras Camargo, quien, para poner fin al conflicto armado, retoma la pol\u00edtica del reformismo y las promesas para apaciguar la lucha campesina. Los liberales impulsan un Proceso de Paz con las guerrillas campesinas que a\u00fan segu\u00edan activas. Las exigencias de los campesinos en armas eran: devoluci\u00f3n de las tierras usurpadas, garant\u00edas del gobierno para regresar a ellas, desmonte de los grupos paramilitares, levantar el estado de sitio, adjudicaci\u00f3n de bald\u00edos a los campesinos sin costo, y apoyo del gobierno con cr\u00e9ditos, herramientas, insumos, entre otras demandas.<\/p>\n\n\n\n<p class=\"has-black-color has-text-color has-link-color wp-elements-657c122c0ef37e281a3b7d9d769f5fdd\">El gobierno cre\u00f3 entonces el Plan de Rehabilitaci\u00f3n Nacional que promet\u00eda soluciones a las demandas campesinas, y las guerrillas del sur del Tolima se acogieron, pero sin entregar las armas, ya que no era exigencia del gobierno. Aunque la principal reivindicaci\u00f3n de los campesinos era la tierra, el estado enfoc\u00f3 el Plan hacia la construcci\u00f3n de obras p\u00fablicas donde contrat\u00f3 a miles de excombatientes, \u201cen 1959 se emplearon 6.700 hombres en 110 frentes de trabajo, en uno de los cuales Manuel Marulanda fue inspector jefe de carretera\u201d (p.45). Algunos excombatientes andaban armados, como Marulanda, pues, aunque se encontraban en un momento de paz con el gobierno, las bandas paramilitares de p\u00e1jaros y chulavitas segu\u00edan realizando acciones contra ellos, paraban los buses y asesinaban campesinos liberales, o les cortaban los brazos para que no pudieran volver a trabajar.<\/p>\n\n\n\n<p class=\"has-black-color has-text-color has-link-color wp-elements-209cff979c57fe37b9b11052b993ba0b\">&nbsp;Otros mandos guerrilleros, se enfocaron a la organizaci\u00f3n gremial del campesinado, como Ciro Trujillo, quien fund\u00f3 la Uni\u00f3n Sindical de Agricultores de Riochiquito y Tierradentro, y a trav\u00e9s de esta continu\u00f3 fortaleciendo la colonia campesina que hab\u00eda formado a\u00f1os atr\u00e1s. Distribu\u00edan tierras a los excombatientes, constru\u00edan escuelas, caminos, y a\u00fan en \u00e9pocas de paz, manten\u00edan la organizaci\u00f3n campesina bajo la disciplina militar. Los jefes conservadores y liberales de la regi\u00f3n ve\u00edan esta organizaci\u00f3n con recelo, en cartas enviadas al gobernados del Cauca se quejaban de la \u201cben\u00e9vola tolerancia con que han sido tratados los antisociales de Riochiquito\u201d e informes de inteligencia alertaban sobre una \u201corganizaci\u00f3n comunista cuyo n\u00famero de hombres se considera en 1.000 con una organizaci\u00f3n y disciplina casi perfectas, de los cuales 500 se hallan en actividad y 500 en receso. Est\u00e1n armados con ametralladoras y fusiles, tienen uniformes y un equipo de transmisiones cuyo sistema se desconoce\u201d (p. 58).<\/p>\n\n\n\n<p class=\"has-black-color has-text-color has-link-color wp-elements-780c9d870690657d49a392e679d129eb\">Por otra parte, Charro Negro, otro de los mandos guerrilleros, que tambi\u00e9n ten\u00eda influencia del Partido Comunista, se puso al frente de la Uni\u00f3n Sindical de Agricultores de Tolima y Huila, bajo el objetivo de seguir impulsando la organizaci\u00f3n y las reivindicaciones campesinas. Sin embargo, fue asesinado en enero 1960, por excombatientes guerrilleros liberales que ahora serv\u00edan al gobierno liberal. El asesinato de Charro Negro fue la alerta para que otros mandos guerrilleros, cercanos a la influencia comunista, asumieran que ahora vendr\u00edan por ellos, y que deb\u00edan volver a las armas para defenderse.<\/p>\n\n\n\n<p class=\"has-black-color has-text-color has-link-color wp-elements-86a88461d068bf8762cfd2d0758124b3\">\u201cLa paz fue corta. Comenzaron a perseguirnos\u2026 Lleras Camargo dijo que hab\u00eda que acabar con los comunistas y puso a Mariachi y a Peligro en contra de nosotros&#8230; Nosotros est\u00e1bamos trabajando cuando en esas sali\u00f3 Marulanda otra vez armado y emputado y nos dijo: \u201cMuchachos, se acab\u00f3 la pacificaci\u00f3n, mataron a Charro y en la lista seguimos nosotros: Isa\u00edas Pardo, Rogelio, Lister. Ya no hay nada que hacer\u201d. Entregamos las herramientas de trabajo y sacamos los fusiles. Marulanda hizo una gira por la carretera del Carmen para traer armas y con ellas organiz\u00f3 los primeros 20 hombres de fila. En una pelea iban 200 soldados; les quitamos 18 mulas, unas cargadas con materiales importantes para nosotros, para nuestro abastecimiento, y tambi\u00e9n recuperamos cinco fusiles perillas. A Marulanda lo nombraron mayor. Entramos a combatir.\u201d (Entrevista a Miguel Pascuas, p. 75).<\/p>\n\n\n\n<p class=\"has-black-color has-text-color has-link-color wp-elements-4b49ff2bd6ed8ad595bc9046cb34ecdd\">El Ej\u00e9rcito empez\u00f3 a incursionar en la regi\u00f3n de Marquetalia, donde se hab\u00eda hecho fuerte la guerrilla de Manuel Marulanda, esta vez aplicando una doctrina c\u00edvico-militar, a trav\u00e9s de la cual las FF.MM. trataban de ganarse a la poblaci\u00f3n campesina cumpliendo funciones de las instituciones civiles, para as\u00ed obtener legitimidad hac\u00eda el gobierno y restarles apoyo popular a las guerrillas. Todo lo anterior hac\u00eda parte del Plan LASO, elaborado por Alberto Ruiz Novoa, comandante del Ej\u00e9rcito, siguiendo al pie de la letra la doctrina de Seguridad Nacional de EE.UU. Doctrina impulsada por el imperialismo yanqui en todo Am\u00e9rica Latina para contrarrestar la influencia de la Revoluci\u00f3n Cubana (1959). Seg\u00fan el propio Ruiz Novoa, en una entrevista en 1992: \u201cla filosof\u00eda del Plan era &#8216;quitarle el agua al pez&#8217;, o sea, quitarle el apoyo campesino a la guerrilla. Hubo novedades t\u00e1cticas, como los grupos localizadores de la guerrilla, pero la acci\u00f3n c\u00edvico-militar era m\u00e1s importante que el combate\u2026 Nos ayudaron antiguos guerrilleros liberales como &#8216;Peligro&#8217;. A Marquetalia entramos sin que salieran los campesinos\u201d [2]. Recordar que Ruiz Novoa hab\u00eda sido el comandante del Batall\u00f3n Colombia, contingente de tropas enviado al extranjero en 1951, para apoyar al imperialismo yanqui en la guerra contrarrevolucionaria en Corea. Batall\u00f3n Colombia que, a su regreso al pa\u00eds, en 1954, fue enviado por Rojas Pinilla a reprimir una marcha estudiantil, el 9 de junio, dejando como resultado 10 estudiantes y 1 transe\u00fante muertos, 39 heridos de bala, 2 personas mutiladas y varios heridos por golpes.<\/p>\n\n\n\n<p class=\"has-black-color has-text-color has-link-color wp-elements-44b3295a79a2be9d20b2a94876956f1a\">Las guerrillas de Marquetalia, previendo la arremetida que se les ven\u00eda, realizaron varias acciones para fortalecerse y prepararse. Manuel Marulanda mont\u00f3 emboscadas contra el Ej\u00e9rcito a trav\u00e9s de las cuales consiguieron armamento y municiones, crearon dep\u00f3sitos de alimentos, donde almacenaban reservas de ma\u00edz, arroz y otros productos, dedicaron tiempo al adiestramiento y al entrenamiento militar, y \u201cse orient\u00f3 construir caletas en la profundidad de la selva y almacenar all\u00e1 la provisi\u00f3n que m\u00e1s se pudiera, seg\u00fan las posibilidades de cada familia. Pens\u00e1bamos que si una familia ten\u00eda que esconderse tuviera por lo menos para seis meses de sobrevivencia&#8230; Est\u00e1bamos creando zonas de reserva\u201d (p. 48).<\/p>\n\n\n\n<p class=\"has-black-color has-text-color has-link-color wp-elements-d66390848a746940fedbbb0bcaf0699a\">Por otra parte, la pugna entre las clases dominantes sobre c\u00f3mo abordar la lucha campesina, se volv\u00eda a presentar en la direcci\u00f3n del Estado. Lleras Camargo propuso una reforma agraria en 1961 con la cual promet\u00eda tierra al campesinado para apaciguar la lucha. Mientras tanto, desde el Senado, los jefes del Partido Conservador se opon\u00edan fehacientemente a la reforma agraria, afirmando que las pol\u00edticas agrarias del gobierno liberal dejaban el campo a merced de las guerrillas. En 1961, en un debate sobre la reforma agraria en el Congreso, el senador conservador \u00c1lvaro G\u00f3mez Hurtado, plante\u00f3 que las zonas guerrilleras se estaban convirtiendo en \u201crep\u00fablicas independientes\u201d, donde el Ej\u00e9rcito no pod\u00eda entrar y se estaba perdiendo la soberan\u00eda nacional, \u201cel se\u00f1or presidente Lleras va a pasar a la historia como el fundador de cinco rep\u00fablicas independientes, porque la soberan\u00eda nacional se ha quebrantado\u201d [3]. Siguiendo esta l\u00ednea, los conservadores empezaron a exigir que se pusiera fin a las \u201crep\u00fablicas independientes\u201d y se recuperara el control de todo el territorio nacional. Mientras Lleras intentaba apaciguar al campesinado con promesas, los conservadores planteaban la necesidad de una mayor intervenci\u00f3n militar para aplastar la lucha campesina.&nbsp;<\/p>\n\n\n\n<p class=\"has-black-color has-text-color has-link-color wp-elements-cfcd6cc660449003af1ece59eddb4fce\">En 1962, siguiendo con el acuerdo del Frente Nacional, lleg\u00f3 el turno de los conservadores para la presidencia, inicia el gobierno de Guillermo Le\u00f3n Valencia, quien nombra a Ruiz Novoa como ministro de guerra, para que implemente a cabalidad el Plan LASO. Plan que, aunque pon\u00eda \u00e9nfasis en las operaciones c\u00edvicas, igual continuaba asesinando campesinos, como por ejemplo en Natagaima, donde el Ej\u00e9rcito masacr\u00f3 15 personas el 26 de septiembre. Paralelo a las acciones c\u00edvicas, el Ej\u00e9rcito estaba preparando una incursi\u00f3n a gran escala para acabar con el comando de Marquetalia.<\/p>\n\n\n\n<p class=\"has-black-color has-text-color has-link-color wp-elements-6bf5315d9d6b21cb5e649a8a1ce7d051\">Sin embargo, las guerrillas campesinas hab\u00edan aprendido de su experiencia de lucha en los \u00faltimos a\u00f1os, especialmente de la derrota de Villarrica. En una conferencia realizada en abril de 1964 acordaron \u201cLa movilidad absoluta y total de las guerrillas y la no aceptaci\u00f3n de una guerra de posiciones\u201d. Tambi\u00e9n en esa conferencia fue elegido un secretariado de la resistencia, conformado por Manuel Marulanda, Isauro Yosa y dos cuadros del Partido Comunista que hab\u00edan llegado recientemente para sumarse a la resistencia: Jacobo Arenas y Hernando Gonzales. Bajo la t\u00e1ctica de una movilidad absoluta, las guerrillas evacuaron las familias campesinas de la zona de guerra, hacia lugares monta\u00f1osos previamente determinados por los dirigentes, en la zona de guerra solo quedaron los combatientes para realizar emboscadas y ataques sorpresa contra el Ej\u00e9rcito: \u201clos hombres acompa\u00f1aban a sus mujeres y a sus hijos hasta el lomo de la cordillera, donde los desped\u00edan y regresaban a los comandos\u201d (p. 49).<\/p>\n\n\n\n<p class=\"has-black-color has-text-color has-link-color wp-elements-4f64dc7d036d322c9778b86e440591b6\">Luego de bastante preparaci\u00f3n, por parte de ambos bandos, el 18 de mayo de 1964, las fuerzas militares del estado colombiano, con apoyo militar del imperialismo yanqui, asaltan por aire y tierra la zona guerrillera de Marquetalia aplicando la misma t\u00e1ctica de Villarrica, arrasar con todo. Entre los batallones movilizados para la operaci\u00f3n estaba el c\u00e9lebre Batall\u00f3n Colombia. M\u00e1s de 3.000 soldados incursionaron en la zona, apoyados por aviones T-33 y helic\u00f3pteros. Con bombardeos de napalm, ametrallamientos desde el aire y avance por tierra, el Ej\u00e9rcito buscaba golpear a los guerrilleros. Uno de los bombardeos cay\u00f3 sobre un grupo de familias en la selva, matando 15 ni\u00f1os. Por su parte los comandos guerrilleros se mov\u00edan por toda la zona y esperaban el momento oportuno para atacar, causando bajas a las fuerzas de la represi\u00f3n y recuperando armamento. Los combates se extendieron por m\u00e1s de un mes, y solo hasta el 22 de junio, el Ej\u00e9rcito logr\u00f3 ocupar totalmente la regi\u00f3n. Entonces los guerrilleros de Marquetalia deciden retirarse hacia Riochiquito, la zona guerrillera bajo el mando de Ciro Trujillo, la cual a\u00fan no hab\u00eda sido atacada. \u201cEl Ej\u00e9rcito dec\u00eda que nosotros \u00e9ramos 600 hombres\u2026 si hubi\u00e9ramos tenido al menos 100, no los habr\u00edamos dejado moverse. \u00c9ramos 52 y solo 25 con armas buenas. La direcci\u00f3n del secretariado march\u00f3 hacia el Cauca a hacer la convocatoria del Bloque Sur y detr\u00e1s de ellos sali\u00f3 toda la poblaci\u00f3n civil.\u201d (Entrevista a Jaime Guaracas, p. 71).<\/p>\n\n\n\n<figure class=\"wp-block-image aligncenter size-full is-resized\"><img loading=\"lazy\" decoding=\"async\" width=\"796\" height=\"781\" src=\"https:\/\/nuevademocracia.com.co\/wp-content\/uploads\/2024\/08\/003-programa-agrario-farc.jpg\" alt=\"\" class=\"wp-image-26658\" style=\"width:484px;height:auto\" srcset=\"https:\/\/nuevademocracia.com.co\/wp-content\/uploads\/2024\/08\/003-programa-agrario-farc.jpg 796w, https:\/\/nuevademocracia.com.co\/wp-content\/uploads\/2024\/08\/003-programa-agrario-farc-300x294.jpg 300w, https:\/\/nuevademocracia.com.co\/wp-content\/uploads\/2024\/08\/003-programa-agrario-farc-768x754.jpg 768w\" sizes=\"auto, (max-width: 796px) 100vw, 796px\" \/><\/figure>\n\n\n\n<p class=\"has-black-color has-text-color has-link-color wp-elements-a752cfd0a998b0cf6be2d4c9c9a92487\">Luego de haberse replegado, el 20 de julio se realiza la Primera Conferencia del Bloque Sur, en la que participaron mandos de varias zonas guerrilleras. All\u00ed se aprueba el Programa Agrario, del cual compartimos unos extractos:<\/p>\n\n\n\n<p class=\"has-black-color has-text-color has-link-color wp-elements-8c278912a57115543596f0bab7c7fbc0\">\u201cDesde hoy 20 de julio de 1964, somos un movimiento guerrillero que lucha por el siguiente Programa:<\/p>\n\n\n\n<p class=\"has-black-color has-text-color has-link-color wp-elements-23cc784f2ceb419c84ffb6e6f8748833\">PRIMERO &#8211; A la reforma agraria de mentiras de la Burgues\u00eda oponemos una efectiva Reforma Agraria Revolucionaria que cambie de ra\u00edz la estructura social del campo colombiano, entregando en forma completamente gratuita la tierra a los campesinos que la trabajan o quisieran trabajarla, sobre la base de la confiscaci\u00f3n de la propiedad latifundista en beneficio de todo el pueblo trabajador.<\/p>\n\n\n\n<p class=\"has-black-color has-text-color has-link-color wp-elements-d13c40dbdec5cd5091e93284cbc444a5\">La Reforma Agraria Revolucionaria entregar\u00e1 a los campesinos las herramientas, animales de labor, equipos y construcciones para su debida explotaci\u00f3n econ\u00f3mica. La reforma agraria es la condici\u00f3n indispensable para elevar verticalmente el nivel de vida material y cultural de todo el campesinado, librarlo del desempleo, del hambre y del analfabetismo; para liquidar las trabas del latifundismo y para impulsar el desarrollo de la producci\u00f3n agropecuaria e industrial del pa\u00eds. La Reforma Agraria confiscar\u00e1 las tierras ocupadas por los imperialistas yanquis a cualquier t\u00edtulo y cualquiera que sea la actividad a la cual est\u00e1n dedicadas.<\/p>\n\n\n\n<p class=\"has-black-color has-text-color has-link-color wp-elements-4b789a6bce4279f13b3c22aeeaf6afdd\">SEGUNDO &#8211; Los colonos, ocupantes, arrendatarios, aparceros, terrazgueros, agregados, etc., de tierras de los latifundistas o de la naci\u00f3n, recibir\u00e1n los t\u00edtulos correspondientes de propiedad sobre los terrenos que exploten. [\u2026]<\/p>\n\n\n\n<p class=\"has-black-color has-text-color has-link-color wp-elements-14799cbe3468fb25dfd16f8a240d4c9a\">\u2026<\/p>\n\n\n\n<p class=\"has-black-color has-text-color has-link-color wp-elements-1e34dcfd80d23014d8080daebc95f9ae\">SEPTIMO &#8211; La realizaci\u00f3n de este Programa Agrario Revolucionario depender\u00e1 de la alianza obrero campesina y del frente \u00fanico de todos los colombianos en la lucha por el cambio de r\u00e9gimen, \u00fanica garant\u00eda para la destrucci\u00f3n de la vieja estructura latifundista de Colombia. La realizaci\u00f3n de esta Reforma Agraria Revolucionaria se apoyar\u00e1 en las m\u00e1s amplias masas campesinas, las cuales contribuir\u00e1n decididamente a la destrucci\u00f3n de latifundio. Por eso, este programa se plantea como necesidad vital, la lucha por la forjaci\u00f3n del m\u00e1s amplio frente \u00fanico de todas las fuerzas democr\u00e1ticas, progresistas y revolucionarias del pa\u00eds, para un combate permanente hasta dar en tierra con este gobierno de los imperialistas yanquis que impiden la realizaci\u00f3n de los anhelos del pueblo colombiano.<\/p>\n\n\n\n<p class=\"has-black-color has-text-color has-link-color wp-elements-32843f16b7962c8d03271c0b162f2f26\">Por eso invitamos a todos los campesinos, a todos los obreros, a todos los empleados, a todos los estudiantes, a todos los artesanos, a todos los peque\u00f1os industriales, a la burgues\u00eda nacional que est\u00e9 dispuesta a combatir contra el imperialismo, a los intelectuales dem\u00f3cratas y revolucionarios, a todos los partidos pol\u00edticos de izquierda o de centro que quieran un cambio en el sentido del progreso, a la gran lucha revolucionaria y patri\u00f3tica por una Colombia para los colombianos, por el triunfo de la revoluci\u00f3n, por un gobierno democr\u00e1tico de liberaci\u00f3n nacional.<\/p>\n\n\n\n<p class=\"has-black-color has-text-color has-link-color wp-elements-016b4713978495abf0cb5e72812ab00b\">Marquetalia, julio 20 de 1964.<\/p>\n\n\n\n<p class=\"has-black-color has-text-color has-link-color wp-elements-933eb1cfdcac8f8f8ba612aa5b2475d9\">Manuel Marulanda V\u00e9lez &#8211; Isauro Yosa &#8211; Dar\u00edo Lozano &#8211; Isa\u00edas Pardo &#8211; Tarciso Guaraca &#8211; Parm\u00e9nides Cuenca &#8211; Roberto L\u00f3pez &#8211; Jes\u00fas Medina &#8211; Luis Pardo &#8211; Rigoberto Lozano &#8211; Miryam Narv\u00e1ez &#8211; Judith Grizales &#8211; Jes\u00fas Ortiz &#8211; Rogelio D\u00edaz &#8211; Miguel Aldana &#8211; (siguen m\u00e1s de mil firmas de campesinos).\u201d [4]<\/p>\n\n\n\n<p class=\"has-vivid-red-color has-text-color has-link-color wp-elements-6bc48ccc92a2746e776e325290eee01e\"><strong>4. El fracaso del Estado y la fundaci\u00f3n de las FARC.<\/strong><\/p>\n\n\n\n<p class=\"has-black-color has-text-color has-link-color wp-elements-fee2b58e5013481619f6ceaa855a5075\">Entre abril y mayo de 1965 se realiz\u00f3 la Segunda Conferencia del Bloque Sur, en la que las guerrillas, que actuaban de forma independiente en sus respectivas regiones, y luego de a\u00f1os de lucha armada, aprendieron la necesidad de unificarse, para poder hacer frente a la guerra contra el pueblo desatada por las clases dominantes. As\u00ed entonces, se constituyeron como Fuerzas Armadas Revolucionarias de Colombia \u2013 FARC, con un estado mayor, un reglamento y una estructura jer\u00e1rquica. Guiados por el justo anhelo de conquistar la tierra o recuperar las tierras que los latifundistas, a trav\u00e9s de las armas, les arrebataron, el esp\u00edritu de lucha se manten\u00eda firme. En palabras de Manuel Marulanda: \u201cAhora volveremos a buscarlos en la orilla del r\u00edo de donde un d\u00eda nos sacaron, volveremos a buscarlos en la monta\u00f1a de la cual un d\u00eda nos hicieron salir a la huyenda, volveremos a buscarlos en la regi\u00f3n de la que un d\u00eda nos hicieron correr\u201d (p. 63).<\/p>\n\n\n\n<p class=\"has-black-color has-text-color has-link-color wp-elements-1b016ee9f5b641d2b2a2a85bc0acc8ad\">En septiembre de 1965 las fuerzas armadas atacan la regi\u00f3n de Riochiquito [5], pero los campesinos vuelven a aplicar la misma t\u00e1ctica de Marquetalia: evac\u00faan las familias, combaten contra el enemigo aplicando t\u00e1cticas propias de la guerra de guerrillas y finalmente se retiran para fortalecerse en otras regiones monta\u00f1osas y selv\u00e1ticas. El Ej\u00e9rcito nunca supo cu\u00e1ndo ni c\u00f3mo escaparon, los campesinos en armas aprendieron a hacerse invisibles para las fuerzas de la represi\u00f3n. El Estado fracas\u00f3 completamente en su plan de acabar con las guerrillas campesinas, ni en Marquetalia ni en Riochiquito lograron cumplir sus objetivos, por el contrario, las guerrillas lograron retirarse, y no solo escaparon, sino que conformaron un ej\u00e9rcito unificado y establecieron un Programa Revolucionario bajo la influencia de ideas comunistas, lo cual, fortalec\u00eda a\u00fan m\u00e1s la lucha campesina. El posterior proceso de desarrollo de las FARC y su dirigencia, hasta nuestros d\u00edas, deber\u00e1 ser analizado y no es el objetivo de este art\u00edculo, el cual simplemente se limita a plantear que el origen de dicha guerrilla y de su Programa, son parte de la heroica lucha revolucionaria de las masas campesinas por la tierra, y fueron el resultado de d\u00e9cadas de resistencia armada campesina contra el despojo insaciable y violento por parte de los latifundistas, raz\u00f3n por la cual, hoy conmemoramos este importante proceso de lucha y el Programa Agrario.<\/p>\n\n\n\n<p class=\"has-vivid-red-color has-text-color has-link-color wp-elements-cfc1be7a7c991bbd56e83258ba8c94e3\"><strong>Notas<\/strong><\/p>\n\n\n\n<p class=\"has-black-color has-text-color has-link-color wp-elements-8f0732222a5348ae5ab1d165f30fa0d4\">[1] Este art\u00edculo se ha escrito basado en el trabajo investigativo de Alfredo Molano Bravo, particularmente su libro A lomo de mula (2016). Los hechos aqu\u00ed narrados y los datos hist\u00f3ricos, en su gran mayor\u00eda han sido extra\u00eddos de dicha obra. Salvo que se especifique lo contrario, todas las citas y sus respectivas p\u00e1ginas, pertenecen a la siguiente referencia bibliogr\u00e1fica: Molano, Alfredo (2016). A lomo de mula (2a ed.). Penguin Editorial.<\/p>\n\n\n\n<p class=\"has-black-color has-text-color has-link-color wp-elements-49a6d5033eb425d61c384373e1581ef9\">[2] Leal Buitrago, Francisco (2002). La seguridad nacional a la deriva. p. 44.<\/p>\n\n\n\n<p class=\"has-black-color has-text-color has-link-color wp-elements-97288bcf972b4a5a866171725b6d2e31\">[3] comisiondelaverdad.co, consultado 20 de junio de 2024. <a href=\"https:\/\/www.comisiondelaverdad.co\/las-republicas-independientes\">https:\/\/www.comisiondelaverdad.co\/las-republicas-independientes<\/a><\/p>\n\n\n\n<p class=\"has-black-color has-text-color has-link-color wp-elements-3a971d8f7bff8e563f57fc0cfe5f5309\">[4] Invitamos a consultar el documento completo del Programa Agrario (1964) que se encuentra disponible en el siguiente link:<a href=\"https:\/\/nuevademocracia.com.co\/?p=26647\"> https:\/\/nuevademocracia.com.co\/?p=26647<\/a><\/p>\n\n\n\n<p class=\"has-black-color has-text-color has-link-color wp-elements-47d7d0c6e14645864fe8bae221a7a3ef\">[5] Invitamos a ver el documental \u201cRio Chiquito\u201d de Jean Pierre Sergent, en el cual queda documentado el ataque del Estado contra esta poblaci\u00f3n, el cual se encuentra disponible en el siguiente link: <a href=\"https:\/\/youtu.be\/3TDifFXe8fY\">https:\/\/youtu.be\/3TDifFXe8fY<\/a><\/p>\n","protected":false},"excerpt":{"rendered":"<p>El 20 de julio de 1964, en medio de un gran movimiento campesino de resistencia armada,  se establece el Programa Agrario, que planteaba una pol\u00edtica revolucionaria. <\/p>\n","protected":false},"author":1,"featured_media":26655,"comment_status":"open","ping_status":"open","sticky":false,"template":"","format":"standard","meta":{"footnotes":""},"categories":[16,145,144],"tags":[],"class_list":["post-26654","post","type-post","status-publish","format-standard","has-post-thumbnail","hentry","category-carrusel","category-historia-col","category-lucha-por-la-tierra"],"blocksy_meta":[],"_links":{"self":[{"href":"https:\/\/nuevademocracia.com.co\/index.php?rest_route=\/wp\/v2\/posts\/26654","targetHints":{"allow":["GET"]}}],"collection":[{"href":"https:\/\/nuevademocracia.com.co\/index.php?rest_route=\/wp\/v2\/posts"}],"about":[{"href":"https:\/\/nuevademocracia.com.co\/index.php?rest_route=\/wp\/v2\/types\/post"}],"author":[{"embeddable":true,"href":"https:\/\/nuevademocracia.com.co\/index.php?rest_route=\/wp\/v2\/users\/1"}],"replies":[{"embeddable":true,"href":"https:\/\/nuevademocracia.com.co\/index.php?rest_route=%2Fwp%2Fv2%2Fcomments&post=26654"}],"version-history":[{"count":5,"href":"https:\/\/nuevademocracia.com.co\/index.php?rest_route=\/wp\/v2\/posts\/26654\/revisions"}],"predecessor-version":[{"id":29048,"href":"https:\/\/nuevademocracia.com.co\/index.php?rest_route=\/wp\/v2\/posts\/26654\/revisions\/29048"}],"wp:featuredmedia":[{"embeddable":true,"href":"https:\/\/nuevademocracia.com.co\/index.php?rest_route=\/wp\/v2\/media\/26655"}],"wp:attachment":[{"href":"https:\/\/nuevademocracia.com.co\/index.php?rest_route=%2Fwp%2Fv2%2Fmedia&parent=26654"}],"wp:term":[{"taxonomy":"category","embeddable":true,"href":"https:\/\/nuevademocracia.com.co\/index.php?rest_route=%2Fwp%2Fv2%2Fcategories&post=26654"},{"taxonomy":"post_tag","embeddable":true,"href":"https:\/\/nuevademocracia.com.co\/index.php?rest_route=%2Fwp%2Fv2%2Ftags&post=26654"}],"curies":[{"name":"wp","href":"https:\/\/api.w.org\/{rel}","templated":true}]}}