{"id":26695,"date":"2024-08-16T13:00:00","date_gmt":"2024-08-16T18:00:00","guid":{"rendered":"https:\/\/nuevademocracia.com.co\/?p=26695"},"modified":"2024-08-16T11:01:56","modified_gmt":"2024-08-16T16:01:56","slug":"el-asesinato-de-ismael-haniyeh-no-detendra-la-lucha-palestina","status":"publish","type":"post","link":"https:\/\/nuevademocracia.com.co\/?p=26695","title":{"rendered":"El asesinato de Ismael Haniyeh no detendr\u00e1 la lucha palestina"},"content":{"rendered":"\n<figure class=\"wp-block-image aligncenter size-full is-resized\"><img loading=\"lazy\" decoding=\"async\" width=\"677\" height=\"381\" src=\"https:\/\/nuevademocracia.com.co\/wp-content\/uploads\/2024\/08\/image-8.png\" alt=\"\" class=\"wp-image-26696\" style=\"width:513px;height:auto\" srcset=\"https:\/\/nuevademocracia.com.co\/wp-content\/uploads\/2024\/08\/image-8.png 677w, https:\/\/nuevademocracia.com.co\/wp-content\/uploads\/2024\/08\/image-8-300x169.png 300w\" sizes=\"auto, (max-width: 677px) 100vw, 677px\" \/><figcaption class=\"wp-element-caption\"><em><strong><mark style=\"background-color:rgba(0, 0, 0, 0)\" class=\"has-inline-color has-black-color\">Foto: Al Mayadeen<\/mark><\/strong><\/em><\/figcaption><\/figure>\n\n\n\n<p class=\"has-black-color has-text-color has-link-color wp-elements-e07e811a7b5262533cdad7cf7d634d85\">Ismael Haniyeh, que ocupaba el cargo de l\u00edder del Bur\u00f3 Pol\u00edtico de Hamas, y quien fuera dirigente de la lucha antiimperialista de Liberaci\u00f3n Nacional Palestina fue asesinado el pasado 31 de julio en Ir\u00e1n. Nadie se ha atribuido su asesinato, pero todos los analistas (y cualquiera que pueda ver), responsabilizan a Israel y al imperialismo norteamericano de este crimen.<\/p>\n\n\n\n<p class=\"has-black-color has-text-color has-link-color wp-elements-2d47e751f36e82a2d94e677052be1604\">Haniyeh fue un refugiado palestino, nacido en el campo de refugiados de Shati, en la Franja de Gaza. Su familia sufri\u00f3 los estragos de la Nakba de 1948. Fue licenciado en literatura \u00e1rabe, de la Universidad Isl\u00e1mica de Gaza en 1987 (que hoy se encuentra totalmente destruida), universidad en la cual lleg\u00f3 a ocupar el cargo de decano. Como estudiante no fue ajeno a la problem\u00e1tica del pueblo palestino y particip\u00f3 activamente en organizaciones estudiantiles.<\/p>\n\n\n\n<p class=\"has-black-color has-text-color has-link-color wp-elements-f5285f80abb8db06b8fc87a3370f95b9\">Su historia est\u00e1 marcada por la prisi\u00f3n y el exilio. Fue capturado por las fuerzas israel\u00edes en varias ocasiones. Durante la primera intifada, periodo de tiempo en que Haniyeh se uni\u00f3 a la organizaci\u00f3n pol\u00edtica y militar Hamas, fue detenido y encarcelado durante tres a\u00f1os y posteriormente deportado al L\u00edbano, donde los entonces dirigentes pol\u00edticos no aceptaron su ingreso. \u00c9l, junto con otros deportados que tambi\u00e9n fueron rechazados, tuvieron que instalarse en Marj alZahoun, una regi\u00f3n conocida como \u201ctierra de nadie\u201d entre Israel y el L\u00edbano, montando ellos mismos su propio campamento.<\/p>\n\n\n\n<p class=\"has-black-color has-text-color has-link-color wp-elements-a3ed6280d0a237357008dfd80863adf8\">Haniye fue elegido jefe del bur\u00f3 pol\u00edtico de Hamas en mayo de 2017, fue incluido por Estados Unidos en su lista de terroristas en el 2018 (medida que Hamas denunci\u00f3 en\u00e9rgicamente como persecuci\u00f3n pol\u00edtica) y bajo su liderazgo se desarroll\u00f3 la operaci\u00f3n del 7 de octubre.<\/p>\n\n\n\n<p class=\"has-black-color has-text-color has-link-color wp-elements-11e321fd5e9e2bb43e0e0eb0edcf3b59\">Este l\u00edder sufri\u00f3 sus propias p\u00e9rdidas en medio de la guerra genocida que Israel desarrolla contra el pueblo palestino. Tres de sus hijos y cuatro de sus nietos fueron asesinados. Al respecto, en su momento declar\u00f3: El enemigo se enga\u00f1a si piensa que matando a mis hijos cambiaremos de posici\u00f3n\u00bb y agreg\u00f3 \u00abLa sangre de mis hijos no es m\u00e1s preciosa que la sangre de nuestro pueblo m\u00e1rtir en Gaza, porque todos ellos son mis hijos\u00bb.<\/p>\n\n\n\n<p class=\"has-black-color has-text-color has-link-color wp-elements-98d935e99b2e3002cee8eaffb8f215cc\">Como respuesta las masas se han levantado alrededor del mundo, especialmente del mundo \u00e1rabe a rechazar el asesinato del jefe del bur\u00f3 pol\u00edtico de Hamas, las fuerzas armadas antiimperialistas de la regi\u00f3n prometen una respuesta contundente contra este crimen sionista y refuerzan su apoyo a la causa palestina.<s><\/s><\/p>\n\n\n\n<p class=\"has-black-color has-text-color has-link-color wp-elements-76eabb024ff926d51a7241864d1f7f32\">Hamas, ha anunciado a Sinwar como el nuevo mando Pol\u00edtico de la organizaci\u00f3n. SinWar es el arquitecto principal y el mando militar de la opresi\u00f3n del 7 de octubre, y el mando pol\u00edtico principal en la Franja de Gaza.<s><\/s><\/p>\n\n\n\n<p class=\"has-black-color has-text-color has-link-color wp-elements-328f3cea756e2117db442b254210d331\">El Palestina Chronicle cree que la elecci\u00f3n de Sinwar tiene significados y simbolismos profundos:<\/p>\n\n\n\n<p class=\"has-black-color has-text-color has-link-color wp-elements-5f1e8f915349df80c216aa277080bc59\"><em>\u201cEn primer lugar, significa que Ham\u00e1s, en todas sus ramas, permanece unida.<\/em><\/p>\n\n\n\n<p class=\"has-black-color has-text-color has-link-color wp-elements-3bf692a1aab88562e1cea3327535bf3f\"><em>En segundo lugar, Ham\u00e1s ve que la resistencia en Gaza sigue siendo fuerte, unida, organizada y capaz de liderar una larga guerra de desgaste contra la ocupaci\u00f3n israel\u00ed.<\/em><\/p>\n\n\n\n<p class=\"has-black-color has-text-color has-link-color wp-elements-1b100f5d7bf7e54675cf10db9525d5b7\"><em>En tercer lugar, los informes de los medios, algunos de ellos publicados por los principales medios de comunicaci\u00f3n estadounidenses, de que existe un conflicto entre los \u201cmoderados\u201d y los \u201cde l\u00ednea dura\u201d de Ham\u00e1s no son ciertos.<\/em><\/p>\n\n\n\n<p class=\"has-black-color has-text-color has-link-color wp-elements-c434e5e76b0554851d0df27abc87f9bd\"><em>Cuarto, Ham\u00e1s contin\u00faa apoyando la estrategia de resistencia de Sinwar despu\u00e9s de m\u00e1s de 300 d\u00edas de guerra.<\/em><\/p>\n\n\n\n<p class=\"has-black-color has-text-color has-link-color wp-elements-d39f3d7a9e642b83608a9f989ee4f4ca\"><em>Quinto, Ham\u00e1s emerge a\u00fan m\u00e1s fuerte y m\u00e1s unido tras el asesinato de su l\u00edder, Haniyeh.<\/em><\/p>\n\n\n\n<p class=\"has-black-color has-text-color has-link-color wp-elements-52e2628da0c6ab99d30790b2af627e89\"><em>Sexto, que Ham\u00e1s, a pesar de la guerra y los asesinatos, es un movimiento de instituciones y que las decisiones se toman a trav\u00e9s de un proceso democr\u00e1tico, que sigue vigente a pesar de la guerra y el genocidio israel\u00ed en curso en Gaza.\u201d<\/em><\/p>\n","protected":false},"excerpt":{"rendered":"<p>Ismael Haniyeh, que ocupaba el cargo de l\u00edder del Bur\u00f3 Pol\u00edtico de Hamas, y quien fuera dirigente de la lucha antiimperialista de Liberaci\u00f3n Nacional Palestina fue asesinado el pasado 31 de julio en Ir\u00e1n. Nadie se ha atribuido su asesinato, pero todos los analistas (y cualquiera que pueda ver), responsabilizan a Israel y al imperialismo [&hellip;]<\/p>\n","protected":false},"author":1,"featured_media":26696,"comment_status":"open","ping_status":"open","sticky":false,"template":"","format":"standard","meta":{"footnotes":""},"categories":[16,116,135],"tags":[],"class_list":["post-26695","post","type-post","status-publish","format-standard","has-post-thumbnail","hentry","category-carrusel","category-imperialismo","category-resistencia-palestina"],"blocksy_meta":[],"_links":{"self":[{"href":"https:\/\/nuevademocracia.com.co\/index.php?rest_route=\/wp\/v2\/posts\/26695","targetHints":{"allow":["GET"]}}],"collection":[{"href":"https:\/\/nuevademocracia.com.co\/index.php?rest_route=\/wp\/v2\/posts"}],"about":[{"href":"https:\/\/nuevademocracia.com.co\/index.php?rest_route=\/wp\/v2\/types\/post"}],"author":[{"embeddable":true,"href":"https:\/\/nuevademocracia.com.co\/index.php?rest_route=\/wp\/v2\/users\/1"}],"replies":[{"embeddable":true,"href":"https:\/\/nuevademocracia.com.co\/index.php?rest_route=%2Fwp%2Fv2%2Fcomments&post=26695"}],"version-history":[{"count":1,"href":"https:\/\/nuevademocracia.com.co\/index.php?rest_route=\/wp\/v2\/posts\/26695\/revisions"}],"predecessor-version":[{"id":26697,"href":"https:\/\/nuevademocracia.com.co\/index.php?rest_route=\/wp\/v2\/posts\/26695\/revisions\/26697"}],"wp:featuredmedia":[{"embeddable":true,"href":"https:\/\/nuevademocracia.com.co\/index.php?rest_route=\/wp\/v2\/media\/26696"}],"wp:attachment":[{"href":"https:\/\/nuevademocracia.com.co\/index.php?rest_route=%2Fwp%2Fv2%2Fmedia&parent=26695"}],"wp:term":[{"taxonomy":"category","embeddable":true,"href":"https:\/\/nuevademocracia.com.co\/index.php?rest_route=%2Fwp%2Fv2%2Fcategories&post=26695"},{"taxonomy":"post_tag","embeddable":true,"href":"https:\/\/nuevademocracia.com.co\/index.php?rest_route=%2Fwp%2Fv2%2Ftags&post=26695"}],"curies":[{"name":"wp","href":"https:\/\/api.w.org\/{rel}","templated":true}]}}