{"id":26698,"date":"2024-08-16T15:00:00","date_gmt":"2024-08-16T20:00:00","guid":{"rendered":"https:\/\/nuevademocracia.com.co\/?p=26698"},"modified":"2026-03-28T00:09:40","modified_gmt":"2026-03-28T05:09:40","slug":"editorial-un-balance-de-2-anos-del-gobierno-del-cambio","status":"publish","type":"post","link":"https:\/\/nuevademocracia.com.co\/?p=26698","title":{"rendered":"Editorial &#8211; Un balance de 2 a\u00f1os del \u201cgobierno del cambio\u201d"},"content":{"rendered":"\n<hr class=\"wp-block-separator has-text-color has-vivid-red-color has-alpha-channel-opacity has-vivid-red-background-color has-background\"\/>\n\n\n\n<figure class=\"wp-block-image aligncenter size-large is-resized\"><img loading=\"lazy\" decoding=\"async\" width=\"1024\" height=\"748\" src=\"https:\/\/nuevademocracia.com.co\/wp-content\/uploads\/2024\/08\/Portada-agosto-copia-v4-1024x748.png\" alt=\"\" class=\"wp-image-26699\" style=\"width:567px;height:auto\" srcset=\"https:\/\/nuevademocracia.com.co\/wp-content\/uploads\/2024\/08\/Portada-agosto-copia-v4-1024x748.png 1024w, https:\/\/nuevademocracia.com.co\/wp-content\/uploads\/2024\/08\/Portada-agosto-copia-v4-300x219.png 300w, https:\/\/nuevademocracia.com.co\/wp-content\/uploads\/2024\/08\/Portada-agosto-copia-v4-768x561.png 768w, https:\/\/nuevademocracia.com.co\/wp-content\/uploads\/2024\/08\/Portada-agosto-copia-v4-1536x1122.png 1536w, https:\/\/nuevademocracia.com.co\/wp-content\/uploads\/2024\/08\/Portada-agosto-copia-v4-2048x1495.png 2048w\" sizes=\"auto, (max-width: 1024px) 100vw, 1024px\" \/><figcaption class=\"wp-element-caption\"><em><strong><mark style=\"background-color:rgba(0, 0, 0, 0)\" class=\"has-inline-color has-black-color\">Foto: Archivo Nueva Democracia<\/mark><\/strong><\/em><\/figcaption><\/figure>\n\n\n\n<p class=\"has-black-color has-text-color has-link-color wp-elements-30f104d9c3245683af24eeb27386918b\">El segundo a\u00f1o del \u201cgobierno del cambio\u201d culmina en medio de otro gran esc\u00e1ndalo de corrupci\u00f3n. Cientos de miles de millones de pesos del Estado, que provienen del trabajo del pueblo colombiano y que deber\u00edan ir para la prevenci\u00f3n y atenci\u00f3n de desastres (UNGRD), fueron destinados para el enriquecimiento de algunos funcionarios y para el soborno de congresistas a cambio de que apoyaran el tr\u00e1mite de las reformas y proyectos del gobierno. Funcionarios de alto rango como el Ministro de Hacienda y del exministro del Interior est\u00e1n implicados en el entramado de corrupci\u00f3n, que incluye a miembros de Partidos de gobierno como el Pacto Hist\u00f3rico y la Alianza Verde, as\u00ed como a representantes de partidos tradicionales.<\/p>\n\n\n\n<p class=\"has-black-color has-text-color has-link-color wp-elements-bf11b8af7ae31736ef1236a9f875e3f0\">Evidentemente acabar con la corrupci\u00f3n y el clientelismo no han sido parte del \u201ccambio\u201d plasmado por el actual gobierno. Son tantas las pruebas del descarado robo, que \u00e9ste ya no tiene como salir a decir otra vez que se trata de un intento de golpe de Estado de la oposici\u00f3n. Solo le queda, el tambi\u00e9n poco original, m\u00e1s bien trillado, recurso de escape de los presidentes: \u201ctodo fue a mis espaldas\u201d.<\/p>\n\n\n\n<p class=\"has-black-color has-text-color has-link-color wp-elements-a522bea29001f3ab47be791933fbbdf6\">Aun siendo muy grave el robo del \u201cerario p\u00fablico\u201d y estruendoso el ruido que c\u00ednicamente hacen los medios masivos de comunicaci\u00f3n como El Tiempo (del grupo Sarmiento Angulo, implicado por su parte en el cartel de corrupci\u00f3n de Odebretch), este no es el hecho m\u00e1s significativo ni principal del balance de dos a\u00f1os de un gobierno que se autoproclama del pueblo y del cambio. Al fin y al cabo, con este solo hecho, queda siempre la salida de decir que fueron algunas manzanas podridas o que es una campa\u00f1a de desprestigio de la oposici\u00f3n. Al contrario, si vemos los hechos principales del gobierno y no nos limitamos a sus bellas y abundantes palabras ni a los alaridos de la ultraderecha contra el gobierno, podremos hacer un balance objetivo de lo que ha sido el actual gobierno.<\/p>\n\n\n\n<p class=\"has-black-color has-text-color has-link-color wp-elements-4c0390018e7e308668f4d3a2b95a5bbd\">Cualquiera que haya participado en el movimiento popular sabe que Colombia no es una naci\u00f3n independiente, que nuestro pa\u00eds es dominado por el imperialismo, principalmente el yanqui. De hecho, casi todos los partidos y organizaciones que hoy hacen parte del Pacto Hist\u00f3rico o que lo apoyan, en anteriores gobiernos denunciaron y algunos hasta se movilizaron contra el establecimiento de bases militares gringas en nuestro territorio, contra el TLC con EEUU, en oposici\u00f3n al arribo de tropas yanquis, en rechazo al FMI y sus paquetes de ajuste, etc. Ahora bien, \u00bfqu\u00e9 ha hecho el \u201cgobierno del pueblo\u201d en aras de librar a la naci\u00f3n del dominio extranjero, principal yugo que no deja progresar nuestra naci\u00f3n?<\/p>\n\n\n\n<p class=\"has-black-color has-text-color has-link-color wp-elements-a1f83d75ace2e37deb5e1b88fd4afa9f\">Cuando estaba en campa\u00f1a, Petro se comprometi\u00f3 ante el FMI a mantener la estabilidad macroecon\u00f3mica y en reuni\u00f3n con el Consejo de Empresas Americanas (CEA), que agrupa m\u00e1s de 100 empresas yanquis que tienen inversiones en Colombia, asegur\u00f3 que les garantizar\u00eda la estabilidad jur\u00eddica. Todo esto podr\u00eda parecer para algunos una astucia necesaria en tiempos de campa\u00f1a, pero no m\u00e1s gan\u00f3 la presidencia, Biden lo llam\u00f3 a felicitarlo, envi\u00f3 una delegaci\u00f3n a su posesi\u00f3n y de ah\u00ed en adelante ha habido numerosos \u201cdi\u00e1logos de alto nivel\u201d entre los presidentes o sus delegados, siempre concluyendo como \u201camistosos\u201d y \u201cexitosos\u201d. Estas no son m\u00e1s que palabras, as\u00ed que todav\u00eda podr\u00eda pensarse que esto es solo parte del arte de la diplomacia.<\/p>\n\n\n\n<p class=\"has-black-color has-text-color has-link-color wp-elements-04ae7a25c1f04eaf3721579730364f39\">Pero los hechos son testarudos, no se puede escapar de ellos f\u00e1cilmente. En estos dos a\u00f1os de gobierno, como lo reconocen incluso sus viejos y nuevos seguidores, otrora \u201cantimperialistas\u201d, Petro ha tenido \u201cexcelentes relaciones\u201d con los yanquis (por lo dem\u00e1s, tambi\u00e9n con los imperialistas europeos). Ha continuado la obediente tarea que todos los presidentes colombianos cumplen de asegurar la \u201cconfianza inversionista\u201d (uno de los famosos 3 huevitos del gobierno Uribe), esto es, generar las mejores condiciones para que el gran capital imperialista invertido en nuestro pa\u00eds obtenga su m\u00e1xima ganancia.<\/p>\n\n\n\n<p class=\"has-black-color has-text-color has-link-color wp-elements-b09a45c094b2ab5ad767fa40f9b66eb0\">\u00bfY c\u00f3mo ha hecho esto el gobierno actual? Cumpliendo la regla fiscal, medida impuesta por el imperialismo para asegurar, a costa de lo que sea necesario, la salud de las finanzas del Estado con miras a garantizar el pago de la deuda externa y la estabilidad para las inversiones del gran capital; pagando obsecuentemente la deuda externa y ampliando para tal fin -en un monto superior a cualquiera de los gobiernos anteriores- el cupo de endeudamiento del Estado; saliendo constantemente a feriar el pa\u00eds y sus recursos naturales bajo el slogan: \u201cColombia, el pa\u00eds de la belleza\u201d; cumpliendo tal cual el ruinoso TLC con los yanquis; y manteniendo la estabilidad jur\u00eddica y m\u00e1s importante a\u00fan, social, para las inversiones del gran capital imperialista.<\/p>\n\n\n\n<p class=\"has-black-color has-text-color has-link-color wp-elements-d2d11e0db1a4ae38552c7a95548b17b9\">No sobra aclarar una cuesti\u00f3n antes de terminar con este an\u00e1lisis. La inversi\u00f3n extranjera no es progreso para el pa\u00eds, como nos lo quieren hacer creer todos los gobiernos, incluido el actual. La inversi\u00f3n extranjera es como lo ense\u00f1\u00f3 el marxismo y lo demuestra el \u201csubdesarrollo\u201d eterno de nuestros pa\u00edses: exportaci\u00f3n de capital imperialista para explotar la mano de obra, saquear recursos, usurpar rentas y as\u00ed obtener el mayor lucro posible, cuyo destino, obviamente, son las arcas de los due\u00f1os de este capital: las potencias imperialistas.<\/p>\n\n\n\n<p class=\"has-black-color has-text-color has-link-color wp-elements-5d1e6b5e97277a7618a903611b2ee36b\">Aunque tales medidas econ\u00f3micas bastar\u00edan para hacernos un juicio acertado de la relaci\u00f3n de este gobierno con el imperialismo, miremos otros hechos, a\u00fan m\u00e1s claros e indignantes, en el terreno militar. La jefe del comando Sur de EEUU ha declarado que \u201cla relaci\u00f3n con Colombia est\u00e1 m\u00e1s fuerte que nunca\u201d y no son palabras: en solo dos a\u00f1os del actual gobierno ha hecho numerosas visitas a nuestro pa\u00eds. Para no extendernos mucho, veamos tan solo los \u201cnobles\u201d motivos de dos de sus visitas. En la que realiz\u00f3 en octubre de 2022, a solo 2 meses de posesionado el nuevo gobierno, \u201cdon\u00f3\u201d algunos helic\u00f3pteros viejos que Petro rebautiz\u00f3 como \u201cla flota de las guacamayas\u201d y dijo que los destinar\u00eda al cuidado de la Amazon\u00eda a cargo de un cuerpo militar conjunto que le propuso hacer a los yanquis (como quien deja las ovejas al cuidado del lobo) y que meses despu\u00e9s el mismo Petro llam\u00f3 la \u201cOTAN Amaz\u00f3nica\u201d; en otra de sus visitas, hace 1 mes, la jefe del Comando Sur no lleg\u00f3 sola, vino junto con un portaviones gringo a las aguas del pac\u00edfico para realizar ejercicios militares conjuntos y destac\u00f3 \u201cel compromiso de apoyar a las Fuerzas Militares colombianas en la lucha contra los grupos terroristas\u201d.<\/p>\n\n\n\n<p class=\"has-black-color has-text-color has-link-color wp-elements-9180e0711f7ed621ba9f416156b1ff08\">Para terminar este tema, se\u00f1alaremos otros dos hechos. En el gobierno de Petro se lleva a cabo la construcci\u00f3n de 3 bases militares yanquis ubicadas en Gorgona, Pereira y Leticia. Esta acci\u00f3n vendepatria habla por s\u00ed misma, pero ante tanta demagogia vertida, vale la pena hacerse estas preguntas: \u00bfPuede considerarse progresista, antimperialista, un gobierno que construye bases militares gringas en nuestro pa\u00eds? \u00bfPor qu\u00e9 muchos que en 2009 rechazaron el acuerdo que hizo el gobierno de Uribe con los yanquis para que sus tropas tuvieran libre acceso a 7 bases militares en Colombia, hoy guardan silencio ante el establecimiento de 3 bases yanquis en nuestra patria con el aval del gobierno de Petro? \u00bfO es qu\u00e9 acaso los yanquis dejaron de ser imperialistas y ennoblecieron sus intenciones?<\/p>\n\n\n\n<p class=\"has-black-color has-text-color has-link-color wp-elements-a4e97e385ea711bc5e0e6233cb35d95d\">El \u00faltimo hecho es tambi\u00e9n muy diciente. Petro, en su primer discurso ante la ONU, que algunos de sus seguidores llegaron a calificar en su momento como \u201cantiyanqui\u201d, pidi\u00f3 \u201cacabar con la irracional guerra contra las drogas\u201d que \u201cllena de sangre nuestras tierras\u201d. Bueno, a\u00f1o y medio despu\u00e9s, el pasado junio, ha lanzado, con \u201capoyo\u201d de los Estados Unidos, la <em>Misi\u00f3n Cauca<\/em>, un Plan que, como ha analizado el medio digital <em>la silla vac\u00eda<\/em> es, en esencia, una reedici\u00f3n de uno de los planes militares del gobierno de Uribe con el que \u201cPetro abraza veinte a\u00f1os de contrainsurgencia en Colombia\u201d. Y claro, \u00bfc\u00f3mo no iban a tener la misma esencia si ambos fueron dise\u00f1ados y dirigidos por el mismo amo? Esta <em>Misi\u00f3n<\/em>, que con sarcasmo el periodista llama \u201ccontrainsurgencia humana\u201d, es la misma guerra yanqui que disfrazada de guerra contra las drogas, ha desatado por d\u00e9cadas el imperialismo yanqui en nuestras tierras siempre con el aval de los gobiernos de turno, y este otra vez no fue la excepci\u00f3n. Aunque la mona se vista de seda mona se queda.<\/p>\n\n\n\n<p class=\"has-black-color has-text-color has-link-color wp-elements-44ea9e80b51d6556c91f5c8ef131fe87\">Todas estas son pruebas de que el actual gobierno no solo mantiene, sino que profundiza el dominio extranjero sobre nuestro pa\u00eds, con una diferencia importante, usa el lenguaje del movimiento popular para presentarse en escena como un defensor de la autodeterminaci\u00f3n de las naciones, como un gobierno progresista, de \u201cizquierda\u201d, y con esto logra enga\u00f1ar e ilusionar a una parte importante del pueblo.<\/p>\n\n\n\n<p class=\"has-black-color has-text-color has-link-color wp-elements-3c4694d63945bc45383b1f869e993c6f\">Ahora pasemos a analizar lo que ha hecho el gobierno respecto a otro gran problema de la naci\u00f3n colombiana: el problema de la tierra. Como se sabe, en Colombia hay pocos con mucha tierra y muchos con poca tierra. Al pueblo le fue arrebatada la tierra desde la conquista y hasta hoy se halla concentrada en unos pocos terratenientes; toda investigaci\u00f3n lo ratifica, la lucha campesina y la guerra en el campo lo atestiguan.<\/p>\n\n\n\n<p class=\"has-black-color has-text-color has-link-color wp-elements-c2f73c08a180c15c406d972c63544469\">\u00bfQu\u00e9 ha realizado el actual gobierno al respecto? Prometi\u00f3 en campa\u00f1a una reforma agraria, pero, ante el revuelo que esta palabra causa a los latifundistas, los tranquiliz\u00f3 aclar\u00e1ndoles que lo har\u00eda sin expropiar \u201cun \u00e1pice de tierra\u201d, compromiso que jurament\u00f3 en notaria y, para ser justos, es una de sus pocas promesas cumplidas. A los dos meses de elegido estableci\u00f3 un \u201cpacto hist\u00f3rico\u201d con Lafaurie, presidente de Fedegan, representante de los terratenientes, proponi\u00e9ndole que el Estado les compraba la mitad de sus tierras a un precio inflado, en sus palabras: \u201cestamos compr\u00e1ndola a precio comercial. Es m\u00e1s, estamos elevando el precio de la tierra\u201d. Y que, para la otra mitad de la tierra con que ellos quedaran, \u201cles damos un cr\u00e9dito\u201d con muy buenas condiciones \u201cpara sembrar \u00e1rboles y que las vacas coman mirando pa arriba\u201d, y esto redunda al final en que \u201cel ganadero gana m\u00e1s\u201d.<\/p>\n\n\n\n<p class=\"has-black-color has-text-color has-link-color wp-elements-d8f4166d82dc59008b5de39dd018680d\">Los terratenientes quedaron muy satisfechos con este \u201cpacto hist\u00f3rico\u201d. Lafaurie lo promocion\u00f3 ampliamente como un negocio \u201cganador\u201d, sum\u00e1ndole que con los \u201cbeneficiarios de la reforma agraria\u201d se \u201cpodr\u00edan aprovechar las sinergias de la vecindad y la asistencia de Fedegan\u201d. Uribe dijo: \u201cse ha dado un gran paso cuando el Presidente Petro, en este momento, no habla de expropiaciones, sino de comprar equis n\u00famero de hect\u00e1reas\u201d.<\/p>\n\n\n\n<p class=\"has-black-color has-text-color has-link-color wp-elements-1441afd3ac8b521682bcb476681bf74e\">Antes de analizar esta \u201creforma agraria\u201d, miremos en los dos a\u00f1os del \u201cgobierno del cambio\u201d cu\u00e1nta tierra se ha distribuido. Durante la campa\u00f1a Petro prometi\u00f3 que dar\u00eda 3 millones de hect\u00e1reas a los campesinos, cumpliendo la meta del Acuerdo de Paz con las Farc. Un tiempo despu\u00e9s de posesionado rompi\u00f3 su promesa y se baj\u00f3 a la mitad: 1.5 millones. Recientemente ha afirmado -partiendo de que en dos a\u00f1os ha comprado al rededor de 100 mil hect\u00e1reas-, que \u201ccon un gran esfuerzo podr\u00edamos llegar a 500 mil al final del gobierno\u201d. Entonces la reforma agraria de Petro ser\u00e1, en el mejor de los casos y seg\u00fan sus m\u00e1s recientes palabras, de alrededor de 500 mil hect\u00e1reas entregadas a los campesinos, una cifra insignificante considerando que tan solo entre 1995 y 2004 -seg\u00fan el informe de la Comisi\u00f3n de la verdad- los campesinos fueron despojados de m\u00e1s de 8 millones de hect\u00e1reas y que el pu\u00f1ado de latifundistas en Colombia poseen entre 20 y 30 millones de hect\u00e1reas, mientras que millones de campesinos no tienen tierra o tienen insuficiente.<\/p>\n\n\n\n<p class=\"has-black-color has-text-color has-link-color wp-elements-b8525c0e210f6fdaee9ebdbbbed7b3a6\">Tanto el dise\u00f1o como la ejecuci\u00f3n de este proyecto dista mucho de ser una reforma agraria. No se puede ver al campesino y al terrateniente como dos actores desligados; son clases antag\u00f3nicas, el campesino trabaja la tierra, el latifundista -de diferentes formas- se apropia parte de este trabajo, es decir, lo explota. Al comprar una parte de la tierra (y a precios altos) a los terratenientes, estos, como se\u00f1ala Petro, ser\u00e1n m\u00e1s ricos y aparte de eso se les legalizar\u00e1 el despojo violento que hicieron de las tierras campesinas con sus fuerzas militares y paramilitares, se les envalentonar\u00e1. Si, adem\u00e1s, quienes deciden qu\u00e9 tierra vender son los terratenientes, obviamente vender\u00e1n para los campesinos las peores tierras y se quedar\u00e1n con las mejores, como ya se ha evidenciado en varias compras estatales de tierras inadecuadas para la producci\u00f3n agropecuaria. Terratenientes m\u00e1s ricos, m\u00e1s poderosos y legitimados, frente a campesinos con poca y mala tierra, sojuzgados y dependientes de \u00e9l es lo que a\u00f1ora Lafaurie cuando usa el eufemismo de que con esta reforma agraria del gobierno Petro se aprovecharan \u201clas sinerg\u00edas de la vecindad y la asistencia de Fedegan\u201d.<\/p>\n\n\n\n<p class=\"has-black-color has-text-color has-link-color wp-elements-628dfcae37da5350626f77737929fe11\">Es evidente que sin cambiar la estructura de propiedad de la tierra y entregando solo 500 mil hect\u00e1reas a los campesinos a lo sumo cambiar\u00e1n algunas formas de la semifeudalidad en el campo, pero la esencia subsistir\u00e1: la tierra seguir\u00e1 concentrada en manos de los terratenientes, el campesinado continuar\u00e1 siendo un semisiervo sometido por el terrateniente y el poder local permanecer\u00e1 en manos de los latifundistas, sus clanes y gamonales.<\/p>\n\n\n\n<p class=\"has-black-color has-text-color has-link-color wp-elements-0a672b9700e73f6a718a0c72f4b3cfd9\">As\u00ed, cumplidos dos a\u00f1os del gobierno de Petro, el problema de la tierra, el problema campesino contin\u00faa, y culminado su mandato, continuar\u00e1, m\u00e1s a\u00fan cuando a la par que se eleva el poder, legitimidad y arrogancia de los terratenientes, se amenaza y reprime a los campesinos que toman las tierras por las v\u00edas de hecho (Petro y Francia ordenaron desalojo violento de las invasiones) y se corporativiza a los campesinos para que sus organizaciones apoyen el gobierno y desistan de la lucha directa por la tierra, \u00fanica forma en que se ha disminuido la concentraci\u00f3n de la tierra en nuestro pa\u00eds y en que se puede resolver el problema de la tierra, destruyendo el latifundio y tomando todas las tierras para el campesinado.<\/p>\n\n\n\n<figure class=\"wp-block-image aligncenter size-full is-resized\"><img loading=\"lazy\" decoding=\"async\" width=\"780\" height=\"565\" src=\"https:\/\/nuevademocracia.com.co\/wp-content\/uploads\/2024\/08\/el-presidente-gustavo-petro-y-el-presidente-de-fedegan-jose-felix-lafaurie_41089231_20221118164431.jpg\" alt=\"\" class=\"wp-image-26700\" style=\"width:539px;height:auto\" srcset=\"https:\/\/nuevademocracia.com.co\/wp-content\/uploads\/2024\/08\/el-presidente-gustavo-petro-y-el-presidente-de-fedegan-jose-felix-lafaurie_41089231_20221118164431.jpg 780w, https:\/\/nuevademocracia.com.co\/wp-content\/uploads\/2024\/08\/el-presidente-gustavo-petro-y-el-presidente-de-fedegan-jose-felix-lafaurie_41089231_20221118164431-300x217.jpg 300w, https:\/\/nuevademocracia.com.co\/wp-content\/uploads\/2024\/08\/el-presidente-gustavo-petro-y-el-presidente-de-fedegan-jose-felix-lafaurie_41089231_20221118164431-768x556.jpg 768w\" sizes=\"auto, (max-width: 780px) 100vw, 780px\" \/><figcaption class=\"wp-element-caption\"><em><strong><mark style=\"background-color:rgba(0, 0, 0, 0)\" class=\"has-inline-color has-black-color\">Foto: El Colombiano<br><\/mark><\/strong><\/em>&nbsp;<\/figcaption><\/figure>\n\n\n\n<p class=\"has-black-color has-text-color has-link-color wp-elements-8c99d06c579413f1c0a28e1a03095f89\">Bien, ahora analicemos muy r\u00e1pidamente, pues se nos acaba el espacio, c\u00f3mo ha enfrentado el gobierno actual el problema de que unos cuantos grupos monopolistas locales (Sarmiento, GEA, Gilinski, Santo Domingo, Ardila Lule, etc.) dominan las palancas principales de la econom\u00eda nacional, explotan a las clases trabajadoras y controlan la vida del pueblo.<\/p>\n\n\n\n<p class=\"has-black-color has-text-color has-link-color wp-elements-ec4fb931eff03b43a62105cfa973e4f7\">Aunque el gobierno de Petro los ha atacado en algunos discursos y ha tenido ciertos roces con algunos de ellos, en esencia, en los hechos, los ha favorecido y los ha buscado reiteradamente convid\u00e1ndolos al gran \u201cAcuerdo Nacional\u201d. Veamos tan solo unos ejemplos. Desde la publicitada reuni\u00f3n de \u201cPetro con los cacaos\u201d en noviembre de 2023 se han dado varias grandes alianzas \u201cp\u00fablico-privadas\u201d del gobierno Petro con estos grupos monopolistas, como la <em>Misi\u00f3n Guajira <\/em>con el grupo Aval de Sarmiento Angulo y Claro de Carlos Slim, la \u201c<em>Misi\u00f3n cacao<\/em>\u201d con Nutresa del grupo Gilinski, y un acuerdo entre \u201cEl Grupo Empresarial Antioque\u00f1o, Gilinski y el gobierno para invertir en los territorios\u201d. En la gira que Petro hizo a Europa en junio de este a\u00f1o, viaj\u00f3 acompa\u00f1ado por representantes de Argos (GEA), Gilinski y Ardila Lule. El mismo mes, invitado por los Bancos a su Convenci\u00f3n anual, dijo: \u201csistema financiero mundial relativamente privado vs. Poderes p\u00fablicos mundiales \u00bfcomplementarios o contradictorios? Mi opini\u00f3n complementarios\u201d. Y por si aun despu\u00e9s de esto pudiera quedar alguna duda, Laura Sarabia, directora del Dapre, dijo hace apenas dos semanas frente a representantes del gran capital en Colombia: \u201cpuedo decirles que hay un presidente que considera al sector privado como un aliado, obviamente hay diferencias, pero la clave es encontrar consenso\u201d.<\/p>\n\n\n\n<p class=\"has-black-color has-text-color has-link-color wp-elements-f60fec0852f91dfc1e4aa3f6131107a0\">As\u00ed, en el \u201cgobierno del cambio\u201d, siguen dominando la econom\u00eda grandes monopolios que asfixian al pueblo y Petro se declara y comporta como su aliado.<\/p>\n\n\n\n<figure class=\"wp-block-image aligncenter size-full is-resized\"><img loading=\"lazy\" decoding=\"async\" width=\"868\" height=\"484\" src=\"https:\/\/nuevademocracia.com.co\/wp-content\/uploads\/2024\/08\/Petro-y-ricos.png\" alt=\"\" class=\"wp-image-26701\" style=\"width:552px;height:auto\" srcset=\"https:\/\/nuevademocracia.com.co\/wp-content\/uploads\/2024\/08\/Petro-y-ricos.png 868w, https:\/\/nuevademocracia.com.co\/wp-content\/uploads\/2024\/08\/Petro-y-ricos-300x167.png 300w, https:\/\/nuevademocracia.com.co\/wp-content\/uploads\/2024\/08\/Petro-y-ricos-768x428.png 768w\" sizes=\"auto, (max-width: 868px) 100vw, 868px\" \/><figcaption class=\"wp-element-caption\"><em><strong><mark style=\"background-color:rgba(0, 0, 0, 0)\" class=\"has-inline-color has-black-color\">Petro y Luis Carlos Sarmiento con funcionarios del gobierno y otros representantes de los grandes grupos econ\u00f3micos del pa\u00eds. 21 Nov 2023.<br>Foto: Forbes Colombia<\/mark><\/strong><\/em><br>&nbsp;<\/figcaption><\/figure>\n\n\n\n<p class=\"has-black-color has-text-color has-link-color wp-elements-111a2dbf1b3f935385d1483d1245dae2\">En conclusi\u00f3n, el balance de dos a\u00f1os del gobierno de Petro nos ratifica que este es un gobierno aliado del imperialismo, de los terratenientes y de la gran burgues\u00eda, las clases que explotan y oprimen al pueblo, que mantienen subyugada y atrasada la naci\u00f3n, los verdaderos enemigos de la revoluci\u00f3n colombiana, de la nueva democracia. La particularidad es que es un gobierno que posa, m\u00e1s que ning\u00fan otro, de ser un \u201cgobierno del pueblo\u201d, y a punta de demagogia y pol\u00edticas compensatorias (migajas) logra confundir a mucha gente del pueblo. Es deber de la Prensa democr\u00e1tica y popular y de todos los revolucionarios ayudar paciente y persuasivamente al pueblo a correr el velo de la demagogia, para encontrar la esencia oportunista del actual gobierno y mantener un movimiento popular independiente del Estado gran burgu\u00e9s terrateniente y de todos los partidos politiqueros, que luche por los derechos del pueblo y progresivamente se convierta en una fuerza capaz de llevar adelante la Revoluci\u00f3n de Nueva Democracia.<\/p>\n","protected":false},"excerpt":{"rendered":"<p>En conclusi\u00f3n, el balance de dos a\u00f1os del gobierno de Petro nos ratifica que este es un gobierno aliado del imperialismo, de los terratenientes y de la gran burgues\u00eda, las clases que explotan y oprimen al pueblo, que mantienen subyugada y atrasada la naci\u00f3n, los verdaderos enemigos de la revoluci\u00f3n colombiana, de la nueva democracia.<\/p>\n","protected":false},"author":1,"featured_media":26699,"comment_status":"open","ping_status":"open","sticky":false,"template":"","format":"standard","meta":{"footnotes":""},"categories":[16,10],"tags":[],"class_list":["post-26698","post","type-post","status-publish","format-standard","has-post-thumbnail","hentry","category-carrusel","category-editorial"],"blocksy_meta":[],"_links":{"self":[{"href":"https:\/\/nuevademocracia.com.co\/index.php?rest_route=\/wp\/v2\/posts\/26698","targetHints":{"allow":["GET"]}}],"collection":[{"href":"https:\/\/nuevademocracia.com.co\/index.php?rest_route=\/wp\/v2\/posts"}],"about":[{"href":"https:\/\/nuevademocracia.com.co\/index.php?rest_route=\/wp\/v2\/types\/post"}],"author":[{"embeddable":true,"href":"https:\/\/nuevademocracia.com.co\/index.php?rest_route=\/wp\/v2\/users\/1"}],"replies":[{"embeddable":true,"href":"https:\/\/nuevademocracia.com.co\/index.php?rest_route=%2Fwp%2Fv2%2Fcomments&post=26698"}],"version-history":[{"count":2,"href":"https:\/\/nuevademocracia.com.co\/index.php?rest_route=\/wp\/v2\/posts\/26698\/revisions"}],"predecessor-version":[{"id":29054,"href":"https:\/\/nuevademocracia.com.co\/index.php?rest_route=\/wp\/v2\/posts\/26698\/revisions\/29054"}],"wp:featuredmedia":[{"embeddable":true,"href":"https:\/\/nuevademocracia.com.co\/index.php?rest_route=\/wp\/v2\/media\/26699"}],"wp:attachment":[{"href":"https:\/\/nuevademocracia.com.co\/index.php?rest_route=%2Fwp%2Fv2%2Fmedia&parent=26698"}],"wp:term":[{"taxonomy":"category","embeddable":true,"href":"https:\/\/nuevademocracia.com.co\/index.php?rest_route=%2Fwp%2Fv2%2Fcategories&post=26698"},{"taxonomy":"post_tag","embeddable":true,"href":"https:\/\/nuevademocracia.com.co\/index.php?rest_route=%2Fwp%2Fv2%2Ftags&post=26698"}],"curies":[{"name":"wp","href":"https:\/\/api.w.org\/{rel}","templated":true}]}}