{"id":26706,"date":"2024-08-18T10:00:00","date_gmt":"2024-08-18T15:00:00","guid":{"rendered":"https:\/\/nuevademocracia.com.co\/?p=26706"},"modified":"2024-08-16T11:23:02","modified_gmt":"2024-08-16T16:23:02","slug":"nueva-cancion-soldados-rojos-volveremos","status":"publish","type":"post","link":"https:\/\/nuevademocracia.com.co\/?p=26706","title":{"rendered":"Nueva canci\u00f3n: Soldados Rojos &#8211; Volveremos"},"content":{"rendered":"\n<p class=\"has-black-color has-text-color has-link-color wp-elements-3dd5b512c74cf7036d9547cb884b6e5b\">A continuaci\u00f3n compartimos la nueva canci\u00f3n realizada por Soldados Rojos, Volveremos, que trata sobre la heroica lucha campesina que hace 60 a\u00f1os, un 20 de julio de 1964,  establecieron el <a href=\"https:\/\/nuevademocracia.com.co\/?p=26647\">Programa Agrario.<\/a> <\/p>\n\n\n\n<p><a href=\"https:\/\/www.youtube.com\/@frentedecombatecultural\"><\/a><\/p>\n\n\n\n<figure class=\"wp-block-embed is-type-video is-provider-youtube wp-block-embed-youtube wp-embed-aspect-16-9 wp-has-aspect-ratio\"><div class=\"wp-block-embed__wrapper\">\n<iframe loading=\"lazy\" title=\"Soldados Rojos - Volveremos\" width=\"1290\" height=\"726\" src=\"https:\/\/www.youtube.com\/embed\/LtwUgM4PelM?feature=oembed\" frameborder=\"0\" allow=\"accelerometer; autoplay; clipboard-write; encrypted-media; gyroscope; picture-in-picture; web-share\" referrerpolicy=\"strict-origin-when-cross-origin\" allowfullscreen><\/iframe>\n<\/div><figcaption class=\"wp-element-caption\"><em><mark style=\"background-color:rgba(0, 0, 0, 0)\" class=\"has-inline-color has-black-color\">Volveremos es una canci\u00f3n inspirada en la heroica lucha campesina del pueblo colombiano. Hace 60 a\u00f1os, un 20 de julio de 1964, las masas campesinas de Colombia establecieron el Programa Agrario, luego de m\u00e1s de 15 a\u00f1os de resistencia armada contra el despojo insaciable y violento por parte de los latifundistas. A finales de la d\u00e9cada del 40, los terratenientes, haciendo uso de toda la fuerza de represi\u00f3n estatal (ej\u00e9rcito, polic\u00eda y grupos paramilitares), iniciaron una oleada de violencia contra las masas campesinas, con el objetivo de robarles sus tierras, a trav\u00e9s de masacres, desplazamientos forzados, violaciones y muchos otros cr\u00edmenes contra los campesinos, incluido el bombardeo y destrucci\u00f3n de poblaciones enteras usando bombas de napalm, vendidas por el imperialismo yanqui al Estado colombiano, como ocurri\u00f3 en Villarrica (1955), Marquetalia (1964) y Riochiquito (1965).   <\/mark><strong><mark style=\"background-color:rgba(0, 0, 0, 0)\" class=\"has-inline-color has-black-color\">                      <\/mark><\/strong><\/em><br><em><mark style=\"background-color:rgba(0, 0, 0, 0)\" class=\"has-inline-color has-black-color\">Para m\u00e1s informaci\u00f3n, sobre el proceso de lucha armada, al cual hace alusi\u00f3n esta canci\u00f3n, invitamos a leer un art\u00edculo publicado recientemente en Nueva Democracia: <a href=\"https:\/\/www.youtube.com\/redirect?event=video_description&amp;redir_token=QUFFLUhqbjc2dldwLXhVbFZib2xaR0pRNFp6OWdCeFlaQXxBQ3Jtc0tuLXdQU2p4Wi12YWJITHNteTRTN2M0NDVPNnh5eC1XcEdsRDE4Q0lGRHFBeHptT0JBRHppSjZhUjF6dnNfNFlXUmpYNHNVM05OVHg5UklvRmxWTTlLX1BNSGdQcEo2RHhPaDRIbjR0OW1icExuejRjaw&amp;q=https%3A%2F%2Fnuevademocracia.com.co%2F%3Fp%3D26654&amp;v=LtwUgM4PelM\" target=\"_blank\" rel=\"noreferrer noopener\">https:\/\/nuevademocracia.com.co\/?p=26654<\/a><\/mark><\/em><\/figcaption><\/figure>\n\n\n\n<p><\/p>\n","protected":false},"excerpt":{"rendered":"<p>A continuaci\u00f3n compartimos la nueva canci\u00f3n realizada por Soldados Rojos, Volveremos, que trata sobre la heroica lucha campesina que hace 60 a\u00f1os, un 20 de julio de 1964, establecieron el Programa Agrario.<\/p>\n","protected":false},"author":1,"featured_media":26711,"comment_status":"open","ping_status":"open","sticky":false,"template":"","format":"standard","meta":{"footnotes":""},"categories":[16,134,144],"tags":[],"class_list":["post-26706","post","type-post","status-publish","format-standard","has-post-thumbnail","hentry","category-carrusel","category-nueva-cultura","category-lucha-por-la-tierra"],"blocksy_meta":[],"_links":{"self":[{"href":"https:\/\/nuevademocracia.com.co\/index.php?rest_route=\/wp\/v2\/posts\/26706","targetHints":{"allow":["GET"]}}],"collection":[{"href":"https:\/\/nuevademocracia.com.co\/index.php?rest_route=\/wp\/v2\/posts"}],"about":[{"href":"https:\/\/nuevademocracia.com.co\/index.php?rest_route=\/wp\/v2\/types\/post"}],"author":[{"embeddable":true,"href":"https:\/\/nuevademocracia.com.co\/index.php?rest_route=\/wp\/v2\/users\/1"}],"replies":[{"embeddable":true,"href":"https:\/\/nuevademocracia.com.co\/index.php?rest_route=%2Fwp%2Fv2%2Fcomments&post=26706"}],"version-history":[{"count":6,"href":"https:\/\/nuevademocracia.com.co\/index.php?rest_route=\/wp\/v2\/posts\/26706\/revisions"}],"predecessor-version":[{"id":26714,"href":"https:\/\/nuevademocracia.com.co\/index.php?rest_route=\/wp\/v2\/posts\/26706\/revisions\/26714"}],"wp:featuredmedia":[{"embeddable":true,"href":"https:\/\/nuevademocracia.com.co\/index.php?rest_route=\/wp\/v2\/media\/26711"}],"wp:attachment":[{"href":"https:\/\/nuevademocracia.com.co\/index.php?rest_route=%2Fwp%2Fv2%2Fmedia&parent=26706"}],"wp:term":[{"taxonomy":"category","embeddable":true,"href":"https:\/\/nuevademocracia.com.co\/index.php?rest_route=%2Fwp%2Fv2%2Fcategories&post=26706"},{"taxonomy":"post_tag","embeddable":true,"href":"https:\/\/nuevademocracia.com.co\/index.php?rest_route=%2Fwp%2Fv2%2Ftags&post=26706"}],"curies":[{"name":"wp","href":"https:\/\/api.w.org\/{rel}","templated":true}]}}