{"id":26727,"date":"2024-08-27T11:52:17","date_gmt":"2024-08-27T16:52:17","guid":{"rendered":"https:\/\/nuevademocracia.com.co\/?p=26727"},"modified":"2024-10-23T10:43:52","modified_gmt":"2024-10-23T15:43:52","slug":"guerra-de-tuneles-de-china-y-vietnam-a-oriente-medio","status":"publish","type":"post","link":"https:\/\/nuevademocracia.com.co\/?p=26727","title":{"rendered":"Guerra de t\u00faneles, de China y Vietnam a Oriente Medio"},"content":{"rendered":"\n<p class=\"has-black-color has-text-color has-link-color wp-elements-f3a7728ef54d581cbe6ed8e91a957bee\">A continuaci\u00f3n publicamos una traducci\u00f3n no oficial de este art\u00edculo encontrado en la prensa democr\u00e1tica y popular, <mark style=\"background-color:rgba(0, 0, 0, 0)\" class=\"has-inline-color has-vivid-red-color\"><a href=\"https:\/\/anovademocracia.com.br\/guerra-de-tuneis-china-vietna-faixa-de-gaza\/\">A Nova Democracia<\/a> <\/mark><\/p>\n\n\n\n<p class=\"has-black-color has-text-color has-link-color wp-elements-a8d7b71715c61f1cc0ce0c637004319a\">C\u00f3mo las revoluciones china y vietnamita inspiraron la guerra de t\u00faneles en Oriente Medio<\/p>\n\n\n\n<hr class=\"wp-block-separator has-text-color has-black-color has-alpha-channel-opacity has-black-background-color has-background\"\/>\n\n\n\n<p><\/p>\n\n\n\n<figure class=\"wp-block-image aligncenter size-large is-resized\"><img loading=\"lazy\" decoding=\"async\" width=\"1024\" height=\"574\" src=\"https:\/\/nuevademocracia.com.co\/wp-content\/uploads\/2024\/08\/image-11-1024x574.png\" alt=\"\" class=\"wp-image-26729\" style=\"width:622px;height:auto\" srcset=\"https:\/\/nuevademocracia.com.co\/wp-content\/uploads\/2024\/08\/image-11-1024x574.png 1024w, https:\/\/nuevademocracia.com.co\/wp-content\/uploads\/2024\/08\/image-11-300x168.png 300w, https:\/\/nuevademocracia.com.co\/wp-content\/uploads\/2024\/08\/image-11-768x431.png 768w, https:\/\/nuevademocracia.com.co\/wp-content\/uploads\/2024\/08\/image-11.png 1100w\" sizes=\"auto, (max-width: 1024px) 100vw, 1024px\" \/><\/figure>\n\n\n\n<p><\/p>\n\n\n\n<p class=\"has-black-color has-text-color has-link-color wp-elements-c73c20aca4d2f08f4d827c564fbdb7c2\">El 16 de julio, el grupo de resistencia liban\u00e9s Hezbol\u00e1 difundi\u00f3 un v\u00eddeo sobre una base militar subterr\u00e1nea con capacidades impresionantes: en las im\u00e1genes, los combatientes circulan a pie, en motos y en camiones lanzacohetes por t\u00faneles cuidadosamente excavados. En grandes c\u00e1maras, los combatientes planifican las operaciones militares cotidianas, mientras otros conducen varios camiones hasta unas puertas que, al abrirse, permiten disparar misiles directamente contra territorio israel\u00ed.<\/p>\n\n\n\n<p class=\"has-black-color has-text-color has-link-color wp-elements-328d9c8201dc8698fb8c2aaeffa85ffa\">En otros lugares de la misma base, los soldados trabajan y son atendidos en un hospital de campa\u00f1a y se abastecen de suministros que les permitir\u00e1n sobrevivir durante un a\u00f1o bajo tierra, seg\u00fan el peri\u00f3dico Al-Mayadeen. Todo se desarrolla en secreto. Equipos de alta tecnolog\u00eda garantizan la encriptaci\u00f3n absoluta de la informaci\u00f3n, que se transmite combinando rapidez y clandestinidad.<\/p>\n\n\n\n<p><\/p>\n\n\n\n<p class=\"has-vivid-red-color has-text-color has-link-color wp-elements-e7f5fb3516c1ac9f3f8d87f64ece5e2b\"><a href=\"https:\/\/www.instagram.com\/reel\/C-3ZN9BovNG\/?utm_source=ig_web_button_share_sheet\">https:\/\/www.instagram.com\/reel\/C-3ZN9BovNG\/?utm_source=ig_web_button_share_sheet<\/a><\/p>\n\n\n\n<p><\/p>\n\n\n\n<p class=\"has-black-color has-text-color has-link-color wp-elements-b57e05392bfb06bfe4eeeefffadfb590\">El v\u00eddeo demuestra el notable desarrollo de la guerra de t\u00faneles por los pueblos oprimidos, en particular los pueblos \u00e1rabes, unos 50 a\u00f1os despu\u00e9s de experiencias como la guerra de Vietnam (1955-1975), un conflicto que fue uno de los responsables de que esta t\u00e1ctica de guerrilla se hiciera famosa en todo el mundo.<\/p>\n\n\n\n<p class=\"has-black-color has-text-color has-link-color wp-elements-545b1bf73dc99997df5a8c62bdb7c6bc\">Iniciada tras la salida de los franceses y la llegada de los estadounidenses (yanquis) al pa\u00eds, la guerra de Vietnam fue un caso emblem\u00e1tico de victoria de fuerzas revolucionarias apoyadas por el pueblo frente a un ej\u00e9rcito inicialmente m\u00e1s fuerte y mejor preparado.<\/p>\n\n\n\n<p class=\"has-black-color has-text-color has-link-color wp-elements-50b0eaa3aee6bc7df16130304127c85c\">Fue un conflicto en el que los m\u00e1s d\u00e9biles utilizaron t\u00e9cnicas de guerra de guerrillas, incluida la guerra de t\u00faneles, para sortear las condiciones adversas. Las zonas de guerrilla en Vietnam estaban ocupadas por redes de caminos subterr\u00e1neos como los t\u00faneles de Cu Chi, que ten\u00edan unos 250 kil\u00f3metros (km) de pasadizos interconectados entre los que se intercalaban peque\u00f1as c\u00e1maras utilizadas como aulas y ambulatorios y entradas y salidas dispersas por la selva.<\/p>\n\n\n\n<div class=\"wp-block-group is-nowrap is-layout-flex wp-container-core-group-is-layout-6c531013 wp-block-group-is-layout-flex\">\n<figure class=\"wp-block-image size-full is-resized\"><img loading=\"lazy\" decoding=\"async\" width=\"651\" height=\"867\" src=\"https:\/\/nuevademocracia.com.co\/wp-content\/uploads\/2024\/08\/image-12.png\" alt=\"\" class=\"wp-image-26730\" style=\"width:268px;height:auto\" srcset=\"https:\/\/nuevademocracia.com.co\/wp-content\/uploads\/2024\/08\/image-12.png 651w, https:\/\/nuevademocracia.com.co\/wp-content\/uploads\/2024\/08\/image-12-225x300.png 225w\" sizes=\"auto, (max-width: 651px) 100vw, 651px\" \/><figcaption class=\"wp-element-caption\"><em><strong><mark style=\"background-color:rgba(0, 0, 0, 0)\" class=\"has-inline-color has-black-color\">Combatientes revolucionarios vietnamitas en los t\u00faneles. Foto: DMZ Museum<\/mark><\/strong><\/em><\/figcaption><\/figure>\n\n\n\n<figure class=\"wp-block-image size-full is-resized\"><img loading=\"lazy\" decoding=\"async\" width=\"587\" height=\"783\" src=\"https:\/\/nuevademocracia.com.co\/wp-content\/uploads\/2024\/08\/image-13.png\" alt=\"\" class=\"wp-image-26731\" style=\"width:302px;height:auto\" srcset=\"https:\/\/nuevademocracia.com.co\/wp-content\/uploads\/2024\/08\/image-13.png 587w, https:\/\/nuevademocracia.com.co\/wp-content\/uploads\/2024\/08\/image-13-225x300.png 225w\" sizes=\"auto, (max-width: 587px) 100vw, 587px\" \/><figcaption class=\"wp-element-caption\"><em><strong><mark style=\"background-color:rgba(0, 0, 0, 0)\" class=\"has-inline-color has-black-color\">Un campesino abre un t\u00fanel en Vietnam. Foto: DMZ Museum<\/mark><\/strong><\/em><\/figcaption><\/figure>\n\n\n\n<figure class=\"wp-block-image size-full is-resized\"><img loading=\"lazy\" decoding=\"async\" width=\"587\" height=\"784\" src=\"https:\/\/nuevademocracia.com.co\/wp-content\/uploads\/2024\/08\/image-14.png\" alt=\"\" class=\"wp-image-26732\" style=\"width:307px;height:auto\" srcset=\"https:\/\/nuevademocracia.com.co\/wp-content\/uploads\/2024\/08\/image-14.png 587w, https:\/\/nuevademocracia.com.co\/wp-content\/uploads\/2024\/08\/image-14-225x300.png 225w\" sizes=\"auto, (max-width: 587px) 100vw, 587px\" \/><figcaption class=\"wp-element-caption\"><strong><em><mark style=\"background-color:rgba(0, 0, 0, 0)\" class=\"has-inline-color has-black-color\">Vivero de t\u00faneles vietnamita. Foto: Museo DMZ<\/mark><\/em><\/strong><\/figcaption><\/figure>\n<\/div>\n\n\n\n<p class=\"has-black-color has-text-color has-link-color wp-elements-c99eea0287f68eebbfde690af2021a0a\">De este modo, los t\u00faneles se utilizaban tanto para operaciones militares como para profundizar el trabajo de las fuerzas revolucionarias con el pueblo, ya que las masas tambi\u00e9n se resguardaban bajo tierra de los bombardeos y recib\u00edan tratamiento m\u00e9dico y clases de los soldados.<\/p>\n\n\n\n<p class=\"has-black-color has-text-color has-link-color wp-elements-ecdfed3e1d25d4707e2e0f1648eb36e5\">El uso de esta t\u00e1ctica en Vietnam se inspir\u00f3 tambi\u00e9n en otras experiencias, particularmente en la Guerra de Resistencia Antijaponesa del Pueblo Chino (1937-1945). Durante este conflicto, el Ej\u00e9rcito Rojo, dirigido por el Partido Comunista de China (PCCh) bajo la Jefatura del Presidente Mao Tse Tung, construy\u00f3 diferentes redes de t\u00faneles en un radio de aproximadamente 250 kil\u00f3metros alrededor de Pek\u00edn para resistir la ofensiva imperialista de Jap\u00f3n.<\/p>\n\n\n\n<p class=\"has-black-color has-text-color has-link-color wp-elements-31a6f3d770ccb12d8d2af76bd431fef5\">Los t\u00faneles eran rudimentarios, de 1 a 1,5 metros (m) de alto y de 70 a 80 cent\u00edmetros (cm) de ancho, pero muy eficaces: en su interior hab\u00eda puestos de mando, almacenes, cantinas y ba\u00f1os. Toda la red estaba protegida con blindajes especiales y puertas que bloqueaban la entrada de agua y gases t\u00f3xicos. Las entradas de acceso estaban muy bien camufladas en todo tipo de estructuras: hogueras, pilas de heno y pozos pod\u00edan ocultar, en alg\u00fan momento, peque\u00f1as escotillas de acceso a los barracones subterr\u00e1neos.<\/p>\n\n\n\n<figure class=\"wp-block-image aligncenter size-full is-resized\"><img loading=\"lazy\" decoding=\"async\" width=\"1024\" height=\"610\" src=\"https:\/\/nuevademocracia.com.co\/wp-content\/uploads\/2024\/08\/image-15.png\" alt=\"\" class=\"wp-image-26736\" style=\"width:634px;height:auto\" srcset=\"https:\/\/nuevademocracia.com.co\/wp-content\/uploads\/2024\/08\/image-15.png 1024w, https:\/\/nuevademocracia.com.co\/wp-content\/uploads\/2024\/08\/image-15-300x179.png 300w, https:\/\/nuevademocracia.com.co\/wp-content\/uploads\/2024\/08\/image-15-768x458.png 768w\" sizes=\"auto, (max-width: 1024px) 100vw, 1024px\" \/><figcaption class=\"wp-element-caption\"><strong><em><mark style=\"background-color:rgba(0, 0, 0, 0)\" class=\"has-inline-color has-black-color\">El Ej\u00e9rcito Rojo utiliz\u00f3 la guerra de t\u00faneles para derrotar la invasi\u00f3n japonesa. Foto: Pel\u00edcula \u00abGuerra de t\u00faneles\u00bb<\/mark><\/em><\/strong><\/figcaption><\/figure>\n\n\n\n<p class=\"has-black-color has-text-color has-link-color wp-elements-eda7ddd3e7699f0217a206e61db40351\">La pel\u00edcula <a href=\"https:\/\/www.youtube.com\/watch?v=DciPCwtAw8s&amp;feature=youtu.be\">Guerra de T\u00faneles (1965)<\/a> retrata los diferentes trucos inventados por las masas en los t\u00faneles, como un sistema que captaba el agua enviada por los japoneses en intentos de inundaci\u00f3n y la redirig\u00eda a las aldeas para reutilizarla en las operaciones b\u00e1sicas del d\u00eda a d\u00eda.<\/p>\n\n\n\n<p class=\"has-vivid-red-color has-text-color has-link-color wp-elements-ae282b1ada70f32bcfe1c7a4ce1fc4f0\"><strong>De China a Palestina<\/strong><\/p>\n\n\n\n<p class=\"has-black-color has-text-color has-link-color wp-elements-934f25d7216e911d67566d7093b90fab\">Los expertos se\u00f1alan que existe una relaci\u00f3n de influencia entre las t\u00e1cticas utilizadas en Asia y las empleadas por los pueblos \u00e1rabes. \u00abLos t\u00faneles se utilizan desde hace miles de a\u00f1os, pero los vietnamitas y los chinos los han empleado con especial \u00e9xito. Hay varias referencias directas a estas experiencias en los materiales de Fatah y el FPLP. La influencia general del contexto de la \u00e9poca, en la que hab\u00eda un campo socialista, las conexiones directas y el reconocimiento de esta inspiraci\u00f3n muestran este di\u00e1logo directo e indirecto entre los distintos escenarios\u00bb, defiende el investigador Alberto Garc\u00eda Molinero, de la Universidad de Granada.<\/p>\n\n\n\n<p class=\"has-black-color has-text-color has-link-color wp-elements-c6319437d6ff501678380c81d70170ff\">Explica que esta inspiraci\u00f3n dio un salto en los a\u00f1os 60, cuando los palestinos comenzaron a aplicar t\u00e9cnicas de guerrilla en la lucha armada antisionista tras las derrotas de los ej\u00e9rcitos \u00e1rabes convencionales contra Israel. Los resultados fueron casi inmediatos: cientos de soldados israel\u00edes murieron en cuesti\u00f3n de meses o semanas en acciones dirigidas por el Frente Popular para la Liberaci\u00f3n de Palestina (FPLP) y Al Fatah.<\/p>\n\n\n\n<div class=\"wp-block-group is-nowrap is-layout-flex wp-container-core-group-is-layout-6c531013 wp-block-group-is-layout-flex\">\n<figure class=\"wp-block-image size-full is-resized\"><img loading=\"lazy\" decoding=\"async\" width=\"560\" height=\"408\" src=\"https:\/\/nuevademocracia.com.co\/wp-content\/uploads\/2024\/08\/image-16.png\" alt=\"\" class=\"wp-image-26737\" style=\"width:396px;height:auto\" srcset=\"https:\/\/nuevademocracia.com.co\/wp-content\/uploads\/2024\/08\/image-16.png 560w, https:\/\/nuevademocracia.com.co\/wp-content\/uploads\/2024\/08\/image-16-300x219.png 300w\" sizes=\"auto, (max-width: 560px) 100vw, 560px\" \/><figcaption class=\"wp-element-caption\"><strong><em><mark style=\"background-color:rgba(0, 0, 0, 0)\" class=\"has-inline-color has-black-color\">Palestinos leen un peri\u00f3dico y el Libro de Citas del Presidente Mao Tse Tung. Foto: Reproducci\u00f3n<\/mark><\/em><\/strong><\/figcaption><\/figure>\n\n\n\n<figure class=\"wp-block-image size-full is-resized\"><img loading=\"lazy\" decoding=\"async\" width=\"720\" height=\"701\" src=\"https:\/\/nuevademocracia.com.co\/wp-content\/uploads\/2024\/08\/image-17.png\" alt=\"\" class=\"wp-image-26738\" style=\"width:395px;height:auto\" srcset=\"https:\/\/nuevademocracia.com.co\/wp-content\/uploads\/2024\/08\/image-17.png 720w, https:\/\/nuevademocracia.com.co\/wp-content\/uploads\/2024\/08\/image-17-300x292.png 300w\" sizes=\"auto, (max-width: 720px) 100vw, 720px\" \/><figcaption class=\"wp-element-caption\"><strong><em><mark style=\"background-color:rgba(0, 0, 0, 0)\" class=\"has-inline-color has-black-color\">Palestinos leyendo el Libro Rojo. Foto: Reproducci\u00f3n<\/mark><\/em><\/strong><\/figcaption><\/figure>\n<\/div>\n\n\n\n<p class=\"has-black-color has-text-color has-link-color wp-elements-4c1ef44002f55bd481e405fceae438fa\">Ver la victoria de chinos y vietnamitas en este sentido fue un ejemplo para las organizaciones palestinas, que empezaron a estudiar las teor\u00edas militares aplicadas en esas partes de Asia para replicarlas de forma creativa en sus propios pa\u00edses.<\/p>\n\n\n\n<p class=\"has-black-color has-text-color has-link-color wp-elements-154888d0da017249acc6ac153336cbea\">\u00abEl \u00e9xito de la estrategia de lucha de guerrillas se inspir\u00f3 en gran medida en China y Vietnam. Ambos pa\u00edses asi\u00e1ticos fueron una importante inspiraci\u00f3n global para los revolucionarios del mundo, mucho m\u00e1s que la Uni\u00f3n Sovi\u00e9tica. Esto se debi\u00f3 a varios factores, entre ellos la esencia del mao\u00edsmo\u00bb, a\u00f1ade Molinero. \u00abTanto Mao, con su concepto de Guerra Popular, como los vietnamitas demostraron que era posible derrotar a un enemigo infinitamente superior, como el imperialismo, siempre que movilizaras al pueblo para la causa\u00bb.<\/p>\n\n\n\n<p class=\"has-black-color has-text-color has-link-color wp-elements-1c16f81a42e3fb18d724d74d9e5a26c4\">Los t\u00faneles comenzaron a construirse en Gaza en torno a la d\u00e9cada de 1980. \u00abLa construcci\u00f3n comenz\u00f3 despu\u00e9s de que Egipto e Israel finalizaran el acuerdo de partici\u00f3n entre Rafah egipcio y Rafah palestino, que provoc\u00f3 la separaci\u00f3n de muchas familias palestinas. Luego, con el aumento del cerco israel\u00ed contra Gaza, los t\u00faneles empezaron a crecer, al principio m\u00e1s por motivos econ\u00f3micos y comerciales que militares\u00bb, explica el periodista estadounidense-palestino Dr. Ramzy Baroud, editor del portal <a href=\"https:\/\/www.palestinechronicle.com\/\"><mark style=\"background-color:rgba(0, 0, 0, 0)\" class=\"has-inline-color has-vivid-red-color\">Palestine Chronicle<\/mark> <\/a>y Consejero Editorial de <strong>AND<\/strong>.<\/p>\n\n\n\n<p class=\"has-black-color has-text-color has-link-color wp-elements-abff350753e84fa1019c8a827b4d8c72\">Los palestinos empezaron a utilizar los t\u00faneles militarmente hacia 2006. Una operaci\u00f3n emblem\u00e1tica de este periodo fue cuando combatientes de las Brigadas Al-Qassam, los Comit\u00e9s de Resistencia Popular y el Ej\u00e9rcito del Islam atravesaron la frontera israel\u00ed en t\u00fanel hasta la ciudad de Keret Shalom y atacaron un puesto de mando israel\u00ed. Dos soldados israel\u00edes murieron y uno de ellos, Gilad Shalit, fue capturado. Shalit estuvo retenido durante cinco a\u00f1os en la Franja de Gaza, hasta que fue intercambiado por un millar de prisioneros palestinos en 2011.<\/p>\n\n\n\n<p class=\"has-black-color has-text-color has-link-color wp-elements-1c6f1c31624f78d227f5a8c26ecb085a\">\u00abLa captura de Shalit fue uno de los usos militares m\u00e1s exitosos de los t\u00faneles palestinos al comienzo de este proceso. Fue el momento en que se plant\u00f3 la semilla del uso de los t\u00faneles en el paisaje palestino de la resistencia. Despu\u00e9s de ese episodio, las guerras de 2008-09 y 2012 fueron nuevos puntos de inflexi\u00f3n en el uso de los t\u00faneles para funciones principalmente militares\u00bb, argumenta Baroud.<\/p>\n\n\n\n<figure class=\"wp-block-image aligncenter size-full is-resized\"><img loading=\"lazy\" decoding=\"async\" width=\"623\" height=\"800\" src=\"https:\/\/nuevademocracia.com.co\/wp-content\/uploads\/2024\/08\/image-18.png\" alt=\"\" class=\"wp-image-26740\" style=\"width:409px;height:auto\" srcset=\"https:\/\/nuevademocracia.com.co\/wp-content\/uploads\/2024\/08\/image-18.png 623w, https:\/\/nuevademocracia.com.co\/wp-content\/uploads\/2024\/08\/image-18-234x300.png 234w\" sizes=\"auto, (max-width: 623px) 100vw, 623px\" \/><figcaption class=\"wp-element-caption\"><strong><em><mark style=\"background-color:rgba(0, 0, 0, 0)\" class=\"has-inline-color has-black-color\">Cartel de Ham\u00e1s sobre la captura de Gilad Shalit. El cartel dice: \u00abNuestros campeones cautivos. Que tengamos un nuevo Gilad cada a\u00f1o\u00bb; abajo: \u00abEllos [los prisioneros palestinos] no est\u00e1n solos\u00bb.<\/mark><\/em><\/strong><\/figcaption><\/figure>\n\n\n\n<p class=\"has-vivid-red-color has-text-color has-link-color wp-elements-bf5836a61c378b9709f6ce25399d8727\"><strong>T\u00faneles libaneses y cuevas yemen\u00edes<\/strong><\/p>\n\n\n\n<p class=\"has-black-color has-text-color has-link-color wp-elements-c0e9a114b47e3b8d433997a9e2b20716\">Adem\u00e1s de los palestinos, otras pueblos \u00e1rabes se han lanzado a la construcci\u00f3n de t\u00faneles para derrotar a las fuerzas enemigas. La guerra de 2006 entre Hezbol\u00e1 e Israel en L\u00edbano, que termin\u00f3 con la victoria de la resistencia libanesa, estuvo determinada en gran medida por los t\u00faneles, que se utilizaron para almacenar armas, producir y guardar misiles, albergar bases de mando y, por supuesto, servir de medio de transporte de tropas.<\/p>\n\n\n\n<p class=\"has-black-color has-text-color has-link-color wp-elements-9fb3b02845ccb2ba98479ec8c55cf4be\">La construcci\u00f3n de los t\u00faneles por parte de Hezbol\u00e1 comenz\u00f3 alrededor del a\u00f1o 2000, cuando Israel se retir\u00f3 de su ocupaci\u00f3n del L\u00edbano desde 1985. Los combatientes de Hezbol\u00e1, conscientes de la posibilidad de una nueva ocupaci\u00f3n, empezaron a construir los t\u00faneles como medida preventiva, seg\u00fan revela el informe Entorno subterr\u00e1neo: t\u00faneles para la victoria, la Guerra del L\u00edbano de 2006. La estrategia result\u00f3 acertada cuando, de hecho, los sionistas volvieron a invadir el pa\u00eds en la nueva guerra.<\/p>\n\n\n\n<p class=\"has-black-color has-text-color has-link-color wp-elements-46168b1b86315ab930c303e17acea72f\">En Yemen, el movimiento Ansar Allah (a veces llamado los Hutis) tambi\u00e9n ha perfeccionado sus t\u00e9cnicas subterr\u00e1neas. El grupo lleva utilizando cuevas como bases desde sus inicios en 1994, cuando a\u00fan luchaba contra el gobierno reaccionario de Ali Abdullah Saleh, derrocado en 2011, pero empez\u00f3 a desarrollar a\u00fan m\u00e1s la t\u00e1ctica en 2014, cuando Yemen fue invadido por Arabia Saud\u00ed en una guerra coordinada con Estados Unidos para tratar de frenar el avance de Ansar Allah.<\/p>\n\n\n\n<p class=\"has-black-color has-text-color has-link-color wp-elements-d73d5329e395da95dab094cd4e46df09\">Tras este desarrollo, los antiimperialistas yemen\u00edes ampliaron sus t\u00faneles, utilizando cuevas ya cartografiadas por antiguas c\u00e9lulas de Ansar Allah o incluso por el antiguo gobierno y excavando nuevos t\u00faneles. En los \u00faltimos a\u00f1os, las im\u00e1genes de sat\u00e9lite han registrado nuevas construcciones de este tipo en al-Hafa, al-Dabr y la capital, San\u00e1.<\/p>\n\n\n\n<p class=\"has-vivid-red-color has-text-color has-link-color wp-elements-1114d8d74bf5a1bb2cacdb980e131989\"><strong>Actualidad de la  guerra de guerrillas <\/strong><\/p>\n\n\n\n<p class=\"has-black-color has-text-color has-link-color wp-elements-0bcb5e4adef85415c63e1a2245e0f5cb\">Hoy en d\u00eda, no se puede negar que los t\u00faneles desempe\u00f1an un papel fundamental en la guerra antiimperialista que libran las distintas organizaciones \u00e1rabes.<\/p>\n\n\n\n<p class=\"has-black-color has-text-color has-link-color wp-elements-1291d65ff6b01010702cae02edef1569\">La escala que han alcanzado estas estructuras es impresionante: en 2016, el antiguo jefe del Bur\u00f3 Pol\u00edtico de Ham\u00e1s, Ismail Haniyeh (asesinado por Israel en julio de 2024), afirm\u00f3 que la red de t\u00faneles de Gaza es dos veces mayor que la de los t\u00faneles de Cu Chi. Estimaciones de enero de este a\u00f1o calculan que la red podr\u00eda tener entre 563 y 724 metros de largo (aproximadamente el doble de la longitud de la Franja de Gaza) y entre 50 y 70 metros de profundidad.<\/p>\n\n\n\n<p class=\"has-black-color has-text-color has-link-color wp-elements-d9f1cbe98ca742afb3b1cba7bfa381ae\">Mientras que algunas partes de los t\u00faneles palestinos pueden parecerse a las versiones chinas y del Viet Cong en su estrechez, otras partes del \u00ab Metro de Gaza\u00bb est\u00e1n llenas de cemento y, en ciertas partes, son lo suficientemente anchas como para que los combatientes viajen por ellas completamente de pie o incluso en camionetas. \u00abHay diferentes tipos de t\u00faneles en Gaza. Los m\u00e1s comunes se utilizan para defensa, ataques y almacenamiento. Pero hay algunos que se utilizan como centros de mando, y que oscilan entre la naturaleza defensiva y la ofensiva\u00bb, explica Baroud.<\/p>\n\n\n\n<figure class=\"wp-block-image aligncenter size-full is-resized\"><img loading=\"lazy\" decoding=\"async\" width=\"740\" height=\"420\" src=\"https:\/\/nuevademocracia.com.co\/wp-content\/uploads\/2024\/08\/image-19.png\" alt=\"\" class=\"wp-image-26741\" style=\"width:529px;height:auto\" srcset=\"https:\/\/nuevademocracia.com.co\/wp-content\/uploads\/2024\/08\/image-19.png 740w, https:\/\/nuevademocracia.com.co\/wp-content\/uploads\/2024\/08\/image-19-300x170.png 300w\" sizes=\"auto, (max-width: 740px) 100vw, 740px\" \/><figcaption class=\"wp-element-caption\"><strong><em><mark style=\"background-color:rgba(0, 0, 0, 0)\" class=\"has-inline-color has-black-color\">F\u00e1brica de armas en el b\u00fanker subterr\u00e1neo de Ham\u00e1s. Foto: Qassam TV\/Reproducci\u00f3n<\/mark><\/em><\/strong><\/figcaption><\/figure>\n\n\n\n<p class=\"has-black-color has-text-color has-link-color wp-elements-d32ef91f21178da572ff7c3db6cedada\">La profundidad de los t\u00faneles excavados garantiza una gran seguridad a las fuerzas de resistencia. Analistas como el profesor Zoran Kusovac sostienen que armas como las bombas de hierro ordinarias, las bombas propulsadas por cohetes, las ojivas en t\u00e1ndem y las bombas especiales rompeb\u00fankeres son todas ineficaces para destruir los t\u00faneles de Ham\u00e1s.<\/p>\n\n\n\n<p class=\"has-black-color has-text-color has-link-color wp-elements-1d07638d3fe72adc7ed7b2d9e2edf77c\">Las bombas de hierro penetran a una profundidad m\u00e1xima de 3 metros, apenas ara\u00f1an la superficie de los t\u00faneles de Ham\u00e1s. Las bombas aceleradas por cohetes funcionan bien en terreno abierto, y no en zonas cubiertas de edificios, construcciones y escombros como la Franja de Gaza, un obst\u00e1culo que tambi\u00e9n impide el uso de ojivas t\u00e1ndem. Por otra parte, las ojivas antib\u00fanker (utilizadas para asesinar a los antib\u00fankeres en la guerra de agresi\u00f3n contra Irak) podr\u00edan funcionar mejor, pero Israel no tiene el nivel de conocimiento necesario sobre la ubicaci\u00f3n de los t\u00faneles de Ham\u00e1s para utilizarlas.<\/p>\n\n\n\n<p class=\"has-black-color has-text-color has-link-color wp-elements-9fdd695ec6c8749d92f6eb0d5f3d53ba\">Estas estructuras, conocidas desde hace d\u00e9cadas, han resultado fundamentales en la guerra de guerrillas que libra la Resistencia Nacional Palestina desde el 7 de octubre. Incluso antes de la invasi\u00f3n terrestre israel\u00ed de Gaza, los t\u00faneles sirvieron de elemento disuasorio para Israel, ya que la c\u00fapula militar sionista sab\u00eda que tendr\u00eda dificultades en suelo enemigo.<\/p>\n\n\n\n<p class=\"has-black-color has-text-color has-link-color wp-elements-3defe375a26431cced9c621e7df8ad50\">Ansar Allah tambi\u00e9n ha hecho alarde de sus bases ocultas en los \u00faltimos a\u00f1os. Tras la publicaci\u00f3n de fotos por sat\u00e9lite de los t\u00faneles, el vicesecretario de informaci\u00f3n de Ansar Allah declar\u00f3 que \u00ablo que se present\u00f3 es insignificante comparado con la infraestructura que tenemos, porque s\u00f3lo son peque\u00f1os t\u00faneles para individuos\u00bb. Hezbol\u00e1, por su parte, utiliza los v\u00eddeos de sus t\u00faneles como elemento disuasorio en la guerra, revelando por s\u00ed solos la capacidad de las estructuras.<\/p>\n\n\n\n<p class=\"has-black-color has-text-color has-link-color wp-elements-ec960c0b0895770479632dd6fad65fcd\">M\u00e1s de ochenta a\u00f1os despu\u00e9s de que los comunistas chinos empezaran a construir t\u00faneles para resistir la invasi\u00f3n japonesa de su pa\u00eds, esta t\u00e1ctica de la guerra del pueblo, derivada de una teor\u00eda militar m\u00e1s amplia, sigue siendo actual y desarroll\u00e1ndose como resultado de nuevas aplicaciones de esta t\u00e1ctica en diferentes situaciones concretas.<\/p>\n\n\n\n<p class=\"has-black-color has-text-color has-link-color wp-elements-b6ce4243d03195f7492a83547c1811ef\">Y la lucha revolucionaria palestina, en particular tras el Diluvio de Al-Aqsa, ha mostrado al mundo, m\u00e1s que ninguna otra experiencia revolucionaria del siglo XXI hasta la fecha, la incre\u00edble relevancia de la lucha armada y la doctrina militar desarrolladas en China y aplicadas, aunque sea parcialmente, por los pueblos \u00e1rabes.<\/p>\n\n\n\n<p><\/p>\n","protected":false},"excerpt":{"rendered":"<p>C\u00f3mo las revoluciones china y vietnamita inspiraron la guerra de t\u00faneles en Oriente Medio<\/p>\n","protected":false},"author":1,"featured_media":26729,"comment_status":"open","ping_status":"open","sticky":false,"template":"","format":"standard","meta":{"footnotes":""},"categories":[16,135],"tags":[],"class_list":["post-26727","post","type-post","status-publish","format-standard","has-post-thumbnail","hentry","category-carrusel","category-resistencia-palestina"],"blocksy_meta":[],"_links":{"self":[{"href":"https:\/\/nuevademocracia.com.co\/index.php?rest_route=\/wp\/v2\/posts\/26727","targetHints":{"allow":["GET"]}}],"collection":[{"href":"https:\/\/nuevademocracia.com.co\/index.php?rest_route=\/wp\/v2\/posts"}],"about":[{"href":"https:\/\/nuevademocracia.com.co\/index.php?rest_route=\/wp\/v2\/types\/post"}],"author":[{"embeddable":true,"href":"https:\/\/nuevademocracia.com.co\/index.php?rest_route=\/wp\/v2\/users\/1"}],"replies":[{"embeddable":true,"href":"https:\/\/nuevademocracia.com.co\/index.php?rest_route=%2Fwp%2Fv2%2Fcomments&post=26727"}],"version-history":[{"count":11,"href":"https:\/\/nuevademocracia.com.co\/index.php?rest_route=\/wp\/v2\/posts\/26727\/revisions"}],"predecessor-version":[{"id":26920,"href":"https:\/\/nuevademocracia.com.co\/index.php?rest_route=\/wp\/v2\/posts\/26727\/revisions\/26920"}],"wp:featuredmedia":[{"embeddable":true,"href":"https:\/\/nuevademocracia.com.co\/index.php?rest_route=\/wp\/v2\/media\/26729"}],"wp:attachment":[{"href":"https:\/\/nuevademocracia.com.co\/index.php?rest_route=%2Fwp%2Fv2%2Fmedia&parent=26727"}],"wp:term":[{"taxonomy":"category","embeddable":true,"href":"https:\/\/nuevademocracia.com.co\/index.php?rest_route=%2Fwp%2Fv2%2Fcategories&post=26727"},{"taxonomy":"post_tag","embeddable":true,"href":"https:\/\/nuevademocracia.com.co\/index.php?rest_route=%2Fwp%2Fv2%2Ftags&post=26727"}],"curies":[{"name":"wp","href":"https:\/\/api.w.org\/{rel}","templated":true}]}}