{"id":26750,"date":"2024-08-30T16:55:14","date_gmt":"2024-08-30T21:55:14","guid":{"rendered":"https:\/\/nuevademocracia.com.co\/?p=26750"},"modified":"2024-08-30T16:57:48","modified_gmt":"2024-08-30T21:57:48","slug":"resena-reportaje-al-pie-de-la-horca","status":"publish","type":"post","link":"https:\/\/nuevademocracia.com.co\/?p=26750","title":{"rendered":"Rese\u00f1a: Reportaje al pie de la horca"},"content":{"rendered":"\n<p class=\"has-black-color has-text-color has-link-color wp-elements-46323db21d9eebedf75f05c351ac6461\"><strong><em>por Julio Flores<\/em><\/strong><\/p>\n\n\n\n<figure class=\"wp-block-image aligncenter size-full is-resized\"><img loading=\"lazy\" decoding=\"async\" width=\"393\" height=\"600\" src=\"https:\/\/nuevademocracia.com.co\/wp-content\/uploads\/2024\/08\/image-22.png\" alt=\"\" class=\"wp-image-26752\" style=\"width:243px;height:auto\" srcset=\"https:\/\/nuevademocracia.com.co\/wp-content\/uploads\/2024\/08\/image-22.png 393w, https:\/\/nuevademocracia.com.co\/wp-content\/uploads\/2024\/08\/image-22-197x300.png 197w\" sizes=\"auto, (max-width: 393px) 100vw, 393px\" \/><figcaption class=\"wp-element-caption\"><em><strong><mark style=\"background-color:rgba(0, 0, 0, 0)\" class=\"has-inline-color has-black-color\">Julius Fucik<\/mark><\/strong><\/em><\/figcaption><\/figure>\n\n\n\n<p class=\"has-black-color has-text-color has-link-color wp-elements-0e6a011843a847b5139af3a134f0d947\">En cierta ocasi\u00f3n me encontraba debatiendo con un viejo luchador acerca de libros que le hab\u00edan ayudado en su tiempo de juventud y que lo hab\u00edan educado como revolucionario, entre muchos recomendados hubo uno que llam\u00f3 inmediatamente la atenci\u00f3n: Reportaje al pie de la horca, de Julius Fucik. El texto result\u00f3 ser una publicaci\u00f3n p\u00f3stuma del autor, que escribi\u00f3 entre 1942 y 1943, de un momento dif\u00edcil de su vida en su estancia en prisi\u00f3n. De manera clandestina y con mucho esfuerzo fue escribiendo las p\u00e1ginas que luego fueron sacadas y recuperadas una a una de la c\u00e1rcel por su esposa, para poder posteriormente publicarse la obra. Un testimonio no solo de hero\u00edsmo y de lucha de un escritor militante del Partido Comunista, sino adem\u00e1s un texto impregnado del m\u00e1s acogedor humanismo y, cargado de la firmeza y confianza en la victoria del triunfo del pueblo checoslovaco sobre los b\u00e1rbaros invasores fascistas.<\/p>\n\n\n\n<p class=\"has-black-color has-text-color has-link-color wp-elements-77383f266c1906947905d6cf9bb4e466\">Con la importancia de la difusi\u00f3n de ideas y propaganda en la labor revolucionaria, Julius Fucik se convirti\u00f3 en una figura muy peligrosa para los invasores germanos. Custodiado y sometido a las peores torturas y tratamiento de la Gestapo, Fucik sobrevive a los interrogatorios para luego luchar en prisi\u00f3n y organizarse con los dem\u00e1s camaradas y prisioneros.&nbsp; En esas duras condiciones comienzan a labrar la solidaridad y la ayuda mutua como una forma de mantenerse unidos frente a las adversidades y horrores que d\u00eda a d\u00eda padec\u00edan. Una de las escenas m\u00e1s conmovedoras fue quiz\u00e1s la celebraci\u00f3n del Primero de Mayo en prisi\u00f3n, que con ingenio y voluntad de lucha, los comunistas no dejaron pasar por desapercibido aquel d\u00eda. Muchas figuras de la prisi\u00f3n fueron descritas en las p\u00e1ginas de sus cap\u00edtulos, por ejemplo los esbirros y carceleros significativos, que se describen desde un punto de vista no solo literario, sino desde el an\u00e1lisis de sus rasgos psicol\u00f3gicos. Tambi\u00e9n, una parte de sus l\u00edneas est\u00e1n dedicadas al traidor que delat\u00f3 a sus camaradas, mostrando la realidad de la lucha revolucionaria y el rechazo del autor a la capitulaci\u00f3n. En s\u00edntesis una historia digna de contar y aprender, un libro escrito en un momento dif\u00edcil no solo para el autor, sino para todos los pueblos del mundo que debat\u00edan su suerte en la Segunda Guerra Mundial.&nbsp;<\/p>\n\n\n\n<p class=\"has-black-color has-text-color has-link-color wp-elements-087962372d1fc1ee4df699102b97c515\">Julius Fucik fue trasladado de su prisi\u00f3n hacia Berl\u00edn en el verano de 1943 y ejecutado el 8 de septiembre del mismo a\u00f1o, en un momento en el que la jaur\u00eda sanguinaria nazi necesitaba exacerbar su salvajismo tras la derrota en la batalla de Stalingrado. Sin embargo, <em>Reportaje al Pie de la Horca <\/em>no solo demostr\u00f3 el triunfo moral e intelectual de un m\u00e1rtir comunista, un propagandista y hombre de pluma fina, sino que adem\u00e1s su esfuerzo sirvi\u00f3 como ejemplo para educar a revolucionarios en todo el mundo, que a\u00fan hoy leen esta obra y aprenden. Muchos otros grandes l\u00edderes de la lucha popular han dejado sus testimonios a trav\u00e9s del papel, solo por mencionar algunos que fueron ejecutados bajo las garras nazis: el comunista George Pulitzer franc\u00e9s que tambi\u00e9n fue capturado y ejecutados por los nazis en la segunda guerra mundial, quien escribi\u00f3 <em>Principios elementales de Filosof\u00eda<\/em>; , o incluso el autor de <em>El Principito,<\/em> el gran Saint Exupery, piloto explorador que fue derribado por la fuerza a\u00e9rea nazi.&nbsp; Estos hombres trascendieron los a\u00f1os y sobrevivir\u00e1n al tiempo mientras exista la humanidad, y ense\u00f1an que debemos esforzarnos en prepararnos y educarnos para continuar la tarea de barrer con todos los obst\u00e1culos que impiden el avance de la sociedad. En un mundo capitalista que busca embrutecer a las masas, que las condena a la incultura y que promueve el consumismo de m\u00fasica basura, posmodernismo y telenovelas retrogradas, etc.; hoy leer y aprender de textos como este es un acto rebeld\u00eda.<\/p>\n\n\n\n<figure class=\"wp-block-image aligncenter size-large is-resized\"><img loading=\"lazy\" decoding=\"async\" width=\"525\" height=\"1024\" src=\"https:\/\/nuevademocracia.com.co\/wp-content\/uploads\/2024\/08\/image-21-525x1024.png\" alt=\"\" class=\"wp-image-26751\" style=\"width:326px;height:auto\" srcset=\"https:\/\/nuevademocracia.com.co\/wp-content\/uploads\/2024\/08\/image-21-525x1024.png 525w, https:\/\/nuevademocracia.com.co\/wp-content\/uploads\/2024\/08\/image-21-154x300.png 154w, https:\/\/nuevademocracia.com.co\/wp-content\/uploads\/2024\/08\/image-21.png 641w\" sizes=\"auto, (max-width: 525px) 100vw, 525px\" \/><figcaption class=\"wp-element-caption\"><em><strong><mark style=\"background-color:rgba(0, 0, 0, 0)\" class=\"has-inline-color has-black-color\">Manuscrito de Julius Fucik<\/mark><\/strong><\/em><\/figcaption><\/figure>\n","protected":false},"excerpt":{"rendered":"<p>Un testimonio  de hero\u00edsmo y de lucha de un escritor militante del Partido Comunista, cargado de la firmeza y confianza en la victoria del triunfo del pueblo checoslovaco.<\/p>\n","protected":false},"author":1,"featured_media":26752,"comment_status":"open","ping_status":"open","sticky":false,"template":"","format":"standard","meta":{"footnotes":""},"categories":[134],"tags":[],"class_list":["post-26750","post","type-post","status-publish","format-standard","has-post-thumbnail","hentry","category-nueva-cultura"],"blocksy_meta":[],"_links":{"self":[{"href":"https:\/\/nuevademocracia.com.co\/index.php?rest_route=\/wp\/v2\/posts\/26750","targetHints":{"allow":["GET"]}}],"collection":[{"href":"https:\/\/nuevademocracia.com.co\/index.php?rest_route=\/wp\/v2\/posts"}],"about":[{"href":"https:\/\/nuevademocracia.com.co\/index.php?rest_route=\/wp\/v2\/types\/post"}],"author":[{"embeddable":true,"href":"https:\/\/nuevademocracia.com.co\/index.php?rest_route=\/wp\/v2\/users\/1"}],"replies":[{"embeddable":true,"href":"https:\/\/nuevademocracia.com.co\/index.php?rest_route=%2Fwp%2Fv2%2Fcomments&post=26750"}],"version-history":[{"count":6,"href":"https:\/\/nuevademocracia.com.co\/index.php?rest_route=\/wp\/v2\/posts\/26750\/revisions"}],"predecessor-version":[{"id":26758,"href":"https:\/\/nuevademocracia.com.co\/index.php?rest_route=\/wp\/v2\/posts\/26750\/revisions\/26758"}],"wp:featuredmedia":[{"embeddable":true,"href":"https:\/\/nuevademocracia.com.co\/index.php?rest_route=\/wp\/v2\/media\/26752"}],"wp:attachment":[{"href":"https:\/\/nuevademocracia.com.co\/index.php?rest_route=%2Fwp%2Fv2%2Fmedia&parent=26750"}],"wp:term":[{"taxonomy":"category","embeddable":true,"href":"https:\/\/nuevademocracia.com.co\/index.php?rest_route=%2Fwp%2Fv2%2Fcategories&post=26750"},{"taxonomy":"post_tag","embeddable":true,"href":"https:\/\/nuevademocracia.com.co\/index.php?rest_route=%2Fwp%2Fv2%2Ftags&post=26750"}],"curies":[{"name":"wp","href":"https:\/\/api.w.org\/{rel}","templated":true}]}}