{"id":26760,"date":"2024-09-16T12:10:29","date_gmt":"2024-09-16T17:10:29","guid":{"rendered":"https:\/\/nuevademocracia.com.co\/?p=26760"},"modified":"2024-09-16T12:10:30","modified_gmt":"2024-09-16T17:10:30","slug":"impunidad-tras-4-anos-del-asesinato-de-javier-ordonez-y-la-masacre-del-9-de-septiembre-de-2020-por-parte-de-la-policia","status":"publish","type":"post","link":"https:\/\/nuevademocracia.com.co\/?p=26760","title":{"rendered":"Impunidad tras 4 a\u00f1os del asesinato de Javier Ordo\u00f1ez y la masacre del 9 de septiembre de 2020 por parte de la Polic\u00eda"},"content":{"rendered":"\n<figure class=\"wp-block-image aligncenter size-full is-resized\"><img loading=\"lazy\" decoding=\"async\" width=\"637\" height=\"792\" src=\"https:\/\/nuevademocracia.com.co\/wp-content\/uploads\/2024\/09\/image.png\" alt=\"\" class=\"wp-image-26762\" style=\"width:364px;height:auto\" srcset=\"https:\/\/nuevademocracia.com.co\/wp-content\/uploads\/2024\/09\/image.png 637w, https:\/\/nuevademocracia.com.co\/wp-content\/uploads\/2024\/09\/image-241x300.png 241w\" sizes=\"auto, (max-width: 637px) 100vw, 637px\" \/><figcaption class=\"wp-element-caption\"><strong><em><mark style=\"background-color:rgba(0, 0, 0, 0)\" class=\"has-inline-color has-black-color\">Foto: Infobae<br><\/mark><\/em><\/strong><\/figcaption><\/figure>\n\n\n\n<p class=\"has-black-color has-text-color has-link-color wp-elements-6c6d1652e7845baa29b05ab11ae8a116\">El 9 de septiembre de 2020 el pa\u00eds amaneci\u00f3 con un video del asesinato de Javier Ordo\u00f1ez, un padre de familia, taxista y estudiante, en un CAI en el noroccidente de Bogot\u00e1 por parte de la polic\u00eda nacional. Graves heridas por golpes y m\u00faltiples descargas el\u00e9ctricas por Taser propinados por los polic\u00edas homicidas, equivalentes a un impacto de bala en su abdomen, estallan el ri\u00f1\u00f3n derecho de Javier.<\/p>\n\n\n\n<p class=\"has-black-color has-text-color has-link-color wp-elements-e1075cfbad8dae2186a791eebdfd85e7\">8 polic\u00edas presencian y permiten el asesinato, s\u00f3lo 2 de ellos reciben condena. Camilo Yodera 20 a\u00f1os de prisi\u00f3n y Damian Rodriguez 40 a\u00f1os, este \u00faltimo actualmente gozando de libertad en el extranjero porque permiten su huida.<\/p>\n\n\n\n<p class=\"has-black-color has-text-color has-link-color wp-elements-997690600d3698b3ef8be6dd6622a060\">La noche del 9 de septiembre la furia del pueblo bogotano, especialmente de la juventud popular realiza grandiosas protestas donde se hace justicia por medio de v\u00edas de hecho, realizando plantones al frente de distintos CAI\u00b4s por toda la ciudad, quedando 70 destruidos al final de la jornada. Cobardemente la polic\u00eda dispara indiscriminadamente contra los j\u00f3venes luchadores, dejando un saldo al final de la noche de 14 j\u00f3venes asesinados, la m\u00e1s joven de 17 a\u00f1os de edad.<\/p>\n\n\n\n<p class=\"has-black-color has-text-color has-link-color wp-elements-7266a51611b8f644d0e0495bffa86cd3\">Actualmente no se encuentra ning\u00fan polic\u00eda judicializado por estos hechos, a pesar, de tener las pruebas en m\u00faltiples videos recopilados por la propia gente y por procesos investigativos independientes que demuestran los asesinatos perpetrados por distintos polic\u00edas.&nbsp;<\/p>\n\n\n\n<p class=\"has-black-color has-text-color has-link-color wp-elements-0412e95ff5399ad3500166288d5c083c\">En cifras generales sobre las acciones policiales, entre 2019 y 2023, la Polic\u00eda seg\u00fan la Defensor\u00eda del Pueblo, registran 7,088 quejas por violaciones a los derechos humanos. &nbsp;El problema de la impunidad es descarada. De los homicidios cometidos por miembros de la Polic\u00eda Nacional <strong>entre 2017 y 2019, el 99% de los casos permanecen en la impunidad.<\/strong><\/p>\n\n\n\n<p class=\"has-black-color has-text-color has-link-color wp-elements-e91f3c497c389aba8f3f8ea005ba0cdc\">Esto demuestra la necesidad de que el movimiento popular abandere la reivindicaci\u00f3n de justicia para el pueblo, del rechazo rotundo a la represi\u00f3n policial a cualquier sector del pueblo, de denuncia a la impunidad de los asesinatos sistem\u00e1ticos de la polic\u00eda hacia nuestra gente, y de la necesidad de la movilizaci\u00f3n y organizaci\u00f3n que permita la justicia real a nuestros asesinados y presos pol\u00edticos.<\/p>\n","protected":false},"excerpt":{"rendered":"<p>El 9 de septiembre de 2020 el pa\u00eds amaneci\u00f3 con un video del asesinato de Javier Ordo\u00f1ez, un padre de familia, taxista y estudiante, en un CAI en el noroccidente de Bogot\u00e1 por parte de la polic\u00eda nacional. Graves heridas por golpes y m\u00faltiples descargas el\u00e9ctricas por Taser propinados por los polic\u00edas homicidas, equivalentes a [&hellip;]<\/p>\n","protected":false},"author":1,"featured_media":26762,"comment_status":"open","ping_status":"open","sticky":false,"template":"","format":"standard","meta":{"footnotes":""},"categories":[4],"tags":[],"class_list":["post-26760","post","type-post","status-publish","format-standard","has-post-thumbnail","hentry","category-colombia"],"blocksy_meta":[],"_links":{"self":[{"href":"https:\/\/nuevademocracia.com.co\/index.php?rest_route=\/wp\/v2\/posts\/26760","targetHints":{"allow":["GET"]}}],"collection":[{"href":"https:\/\/nuevademocracia.com.co\/index.php?rest_route=\/wp\/v2\/posts"}],"about":[{"href":"https:\/\/nuevademocracia.com.co\/index.php?rest_route=\/wp\/v2\/types\/post"}],"author":[{"embeddable":true,"href":"https:\/\/nuevademocracia.com.co\/index.php?rest_route=\/wp\/v2\/users\/1"}],"replies":[{"embeddable":true,"href":"https:\/\/nuevademocracia.com.co\/index.php?rest_route=%2Fwp%2Fv2%2Fcomments&post=26760"}],"version-history":[{"count":2,"href":"https:\/\/nuevademocracia.com.co\/index.php?rest_route=\/wp\/v2\/posts\/26760\/revisions"}],"predecessor-version":[{"id":26763,"href":"https:\/\/nuevademocracia.com.co\/index.php?rest_route=\/wp\/v2\/posts\/26760\/revisions\/26763"}],"wp:featuredmedia":[{"embeddable":true,"href":"https:\/\/nuevademocracia.com.co\/index.php?rest_route=\/wp\/v2\/media\/26762"}],"wp:attachment":[{"href":"https:\/\/nuevademocracia.com.co\/index.php?rest_route=%2Fwp%2Fv2%2Fmedia&parent=26760"}],"wp:term":[{"taxonomy":"category","embeddable":true,"href":"https:\/\/nuevademocracia.com.co\/index.php?rest_route=%2Fwp%2Fv2%2Fcategories&post=26760"},{"taxonomy":"post_tag","embeddable":true,"href":"https:\/\/nuevademocracia.com.co\/index.php?rest_route=%2Fwp%2Fv2%2Ftags&post=26760"}],"curies":[{"name":"wp","href":"https:\/\/api.w.org\/{rel}","templated":true}]}}