{"id":26764,"date":"2024-09-16T12:29:19","date_gmt":"2024-09-16T17:29:19","guid":{"rendered":"https:\/\/nuevademocracia.com.co\/?p=26764"},"modified":"2024-09-16T12:29:20","modified_gmt":"2024-09-16T17:29:20","slug":"estudiantes-y-profesores-de-la-u-de-a-avanzan-en-organizacion-y-movilizacion-frente-a-la-crisis-financiera","status":"publish","type":"post","link":"https:\/\/nuevademocracia.com.co\/?p=26764","title":{"rendered":"Estudiantes y profesores de la U. de A. avanzan en organizaci\u00f3n y movilizaci\u00f3n frente a la crisis financiera"},"content":{"rendered":"\n<figure class=\"wp-block-image aligncenter size-large is-resized\"><img loading=\"lazy\" decoding=\"async\" width=\"1024\" height=\"653\" src=\"https:\/\/nuevademocracia.com.co\/wp-content\/uploads\/2024\/09\/21424974434_7593f32b19_o-1-1024x653.jpg\" alt=\"\" class=\"wp-image-26768\" style=\"width:536px;height:auto\" srcset=\"https:\/\/nuevademocracia.com.co\/wp-content\/uploads\/2024\/09\/21424974434_7593f32b19_o-1-1024x653.jpg 1024w, https:\/\/nuevademocracia.com.co\/wp-content\/uploads\/2024\/09\/21424974434_7593f32b19_o-1-300x191.jpg 300w, https:\/\/nuevademocracia.com.co\/wp-content\/uploads\/2024\/09\/21424974434_7593f32b19_o-1-768x490.jpg 768w, https:\/\/nuevademocracia.com.co\/wp-content\/uploads\/2024\/09\/21424974434_7593f32b19_o-1-1536x979.jpg 1536w, https:\/\/nuevademocracia.com.co\/wp-content\/uploads\/2024\/09\/21424974434_7593f32b19_o-1-2048x1306.jpg 2048w\" sizes=\"auto, (max-width: 1024px) 100vw, 1024px\" \/><figcaption class=\"wp-element-caption\"><strong><em><mark style=\"background-color:rgba(0, 0, 0, 0)\" class=\"has-inline-color has-black-color\">Movilizaci\u00f3n estudiantil 2015. Foto: Yesid \u00c1lvarez Maya<\/mark><\/em><\/strong><\/figcaption><\/figure>\n\n\n\n<p class=\"has-black-color has-text-color has-link-color wp-elements-d0ca90997e6eaad69e8d6dd5ffd00579\">En la asamblea general multiestamentaria de la Universidad de Antioquia (U. de A.) del 22 de agosto, se decidi\u00f3 conformar una articulaci\u00f3n multiestamentaria encargada de promover y coordinar espacios de estudio sobre la crisis financiera en la que se encuentra la U. de A. y de proponer y llevar a cabo distintas actividades de movilizaci\u00f3n por parte de la comunidad universitaria.<\/p>\n\n\n\n<p class=\"has-black-color has-text-color has-link-color wp-elements-7e3ec7d8bd604d77caf2d08f20041635\">La articulaci\u00f3n multiestamentaria ha realizado varias reuniones donde se han hecho espacios de formaci\u00f3n para comprender mejor la situaci\u00f3n financiera de la U. de A. All\u00ed han participado distintos sectores de la comunidad universitaria, estudiantes, profesores y recientemente trabajadores.<\/p>\n\n\n\n<p class=\"has-black-color has-text-color has-link-color wp-elements-44e8665932bf3e8cb563e3f95d8be86c\">&nbsp;Los profesores ya se ven\u00edan organizando desde mayo cuando la universidad se retras\u00f3 en el pago de la n\u00f3mina, y son ellos quienes m\u00e1s han avanzado en el estudio financiero. Tras este retraso en la n\u00f3mina se devel\u00f3 la crisis financiera, lo que hizo que los profesores se reunieran en asamblea general, all\u00ed se discuti\u00f3 sobre la crisis y se crea una mesa \u00e9tico-pol\u00edtica donde puede participar cualquier profesor para estudiar y afrontar la crisis.<\/p>\n\n\n\n<p class=\"has-black-color has-text-color has-link-color wp-elements-5ea30e7fbad78f7b949863fb47b2a79f\">Luego la mesa \u00e9tico-pol\u00edtica de profesores convoca una nueva asamblea para seguir debatiendo y estudiando sobre la situaci\u00f3n financiera, en esta asamblea participan alrededor de 300 profesores. Producto de las distintas asambleas y espacios de estudio, los profesores y la mesa \u00e9tico-pol\u00edtica llevan a la asamblea general multiestamentaria un informe financiero, que para los estudiantes es de \u201cgran valor\u201d.<\/p>\n\n\n\n<p class=\"has-black-color has-text-color has-link-color wp-elements-a13b465ccd9802c9a192fa8405ea3123\">Otras de las actividades, aparte de espacios de formaci\u00f3n e informes, que han realizado los profesores son la difusi\u00f3n de la crisis financiera por medio de redes sociales, ejemplo de esto es la p\u00e1gina de Instagram <em>SOS UdeA,<\/em> y la de generar una red con actores externos, como los congresistas Daniel Carvalho y Jennifer Pedraza, para poner la crisis en la agenda p\u00fablica. Los profesores han estado participando de la mesa de articulaci\u00f3n multiestamentaria<\/p>\n\n\n\n<p class=\"has-black-color has-text-color has-link-color wp-elements-155962748fb1836a67827ac6de52a5ae\">As\u00ed mismo, los estudiantes han realizado diversas actividades, desde las diferentes organizaciones, oficinas, consejos y personas que se han interesado en participar han realizado acciones para poner la situaci\u00f3n financiera sobre la mesa, esto por medio de saloneos, tratando de abordar ese tema en las clases, impulsando espacios de discusi\u00f3n como el caso de un cineclub, y tambi\u00e9n se han realizado algunos espacios de formaci\u00f3n para entender la crisis.<\/p>\n\n\n\n<p class=\"has-black-color has-text-color has-link-color wp-elements-eb129fd80a6bb03de8716f62fdc3303c\">Tambi\u00e9n desde las diferentes facultades se han realizado asambleas, en donde se han presentado informes de la situaci\u00f3n actual. En dichas asambleas se han creado grupos de estudio y acci\u00f3n con el fin de comprender cada vez m\u00e1s la crisis financiera y para movilizarse y exigir soluciones.<\/p>\n\n\n\n<p class=\"has-black-color has-text-color has-link-color wp-elements-514e863681931a40fd7ab9112a346bbe\">La administraci\u00f3n de la U. de A. no se ha pronunciado mucho, se ha limitado a realizar algunos espacios informativos con los distintos estamentos donde ha hecho un informe sobre la situaci\u00f3n financiera de la universidad. Estos espacios han sido criticados por diferentes sectores de la comunidad universitaria, algunos estudiantes han dicho que estos han sido poco democr\u00e1ticos, pues, no se ha dado oportunidad para preguntar y debatir frente a los planteamientos de la administraci\u00f3n. Tambi\u00e9n, en redes sociales se han visto cr\u00edticas a estos espacios, se se\u00f1ala que lo planteado por el rector no corresponde con la realidad. <\/p>\n\n\n\n<p class=\"has-black-color has-text-color has-link-color wp-elements-0dfeea7810e776356e61ba08a972101d\">Finalmente, la U. de A. se reuni\u00f3 nuevamente, este 11 de septiembre, en asamblea general multiestamentaria para seguir avanzando en buscar y exigir soluciones a esta crisis que atraviesa a la universidad. En la asamblea se presentaron diversos informes que reflejan la crisis en diferentes aspectos de la universidad, se aprobaron cinco banderas de lucha: inyecci\u00f3n de $150.000 millones por parte del Gobierno Nacional, participaci\u00f3n vinculante en el Plan de Acci\u00f3n Institucional, aportes por parte del Gobierno Departamental y Distrital, el desmonte de la pol\u00edtica de austeridad y el pliego de exigencias de las VBG. Se estableci\u00f3 una Coordinadora Multiestamentaria y se realiz\u00f3 una agenda de movilizaci\u00f3n para las pr\u00f3ximas semanas, de la que se destaca la marcha regional convocada para el 10 de octubre en conmemoraci\u00f3n del Paro Nacional Universitario de 2018. <\/p>\n\n\n\n<p class=\"has-black-color has-text-color has-link-color wp-elements-92f73119c547fc5fed2bab5436c09253\">Se decidi\u00f3 continuar en normalidad acad\u00e9mica, pero respetando y garantizando las distintas actividades asamblearias y se convoc\u00f3 una nueva asamblea general multiestamentaria para el pr\u00f3ximo 2 de octubre.<\/p>\n","protected":false},"excerpt":{"rendered":"<p>En la asamblea general multiestamentaria de la Universidad de Antioquia (U. de A.) del 22 de agosto, se decidi\u00f3 conformar una articulaci\u00f3n multiestamentaria encargada de promover y coordinar espacios de estudio sobre la crisis financiera en la que se encuentra la U. de A. y de proponer y llevar a cabo distintas actividades de movilizaci\u00f3n [&hellip;]<\/p>\n","protected":false},"author":1,"featured_media":26768,"comment_status":"open","ping_status":"open","sticky":false,"template":"","format":"standard","meta":{"footnotes":""},"categories":[16,4],"tags":[],"class_list":["post-26764","post","type-post","status-publish","format-standard","has-post-thumbnail","hentry","category-carrusel","category-colombia"],"blocksy_meta":[],"_links":{"self":[{"href":"https:\/\/nuevademocracia.com.co\/index.php?rest_route=\/wp\/v2\/posts\/26764","targetHints":{"allow":["GET"]}}],"collection":[{"href":"https:\/\/nuevademocracia.com.co\/index.php?rest_route=\/wp\/v2\/posts"}],"about":[{"href":"https:\/\/nuevademocracia.com.co\/index.php?rest_route=\/wp\/v2\/types\/post"}],"author":[{"embeddable":true,"href":"https:\/\/nuevademocracia.com.co\/index.php?rest_route=\/wp\/v2\/users\/1"}],"replies":[{"embeddable":true,"href":"https:\/\/nuevademocracia.com.co\/index.php?rest_route=%2Fwp%2Fv2%2Fcomments&post=26764"}],"version-history":[{"count":4,"href":"https:\/\/nuevademocracia.com.co\/index.php?rest_route=\/wp\/v2\/posts\/26764\/revisions"}],"predecessor-version":[{"id":26771,"href":"https:\/\/nuevademocracia.com.co\/index.php?rest_route=\/wp\/v2\/posts\/26764\/revisions\/26771"}],"wp:featuredmedia":[{"embeddable":true,"href":"https:\/\/nuevademocracia.com.co\/index.php?rest_route=\/wp\/v2\/media\/26768"}],"wp:attachment":[{"href":"https:\/\/nuevademocracia.com.co\/index.php?rest_route=%2Fwp%2Fv2%2Fmedia&parent=26764"}],"wp:term":[{"taxonomy":"category","embeddable":true,"href":"https:\/\/nuevademocracia.com.co\/index.php?rest_route=%2Fwp%2Fv2%2Fcategories&post=26764"},{"taxonomy":"post_tag","embeddable":true,"href":"https:\/\/nuevademocracia.com.co\/index.php?rest_route=%2Fwp%2Fv2%2Ftags&post=26764"}],"curies":[{"name":"wp","href":"https:\/\/api.w.org\/{rel}","templated":true}]}}