{"id":26780,"date":"2024-09-21T11:00:00","date_gmt":"2024-09-21T16:00:00","guid":{"rendered":"https:\/\/nuevademocracia.com.co\/?p=26780"},"modified":"2024-09-21T10:47:47","modified_gmt":"2024-09-21T15:47:47","slug":"el-ataque-con-bipers-fue-una-declaracion-de-guerra-afirma-el-lider-de-hezbola-en-su-esperado-discurso","status":"publish","type":"post","link":"https:\/\/nuevademocracia.com.co\/?p=26780","title":{"rendered":"El ataque con b\u00edpers fue una \u00abdeclaraci\u00f3n de guerra\u00bb, afirma el l\u00edder de Hezbol\u00e1 en su esperado discurso"},"content":{"rendered":"\n<p class=\"has-black-color has-text-color has-link-color wp-elements-921fd12af52ef4871725563fdbbc247d\">A continuaci\u00f3n publicamos una traducci\u00f3n no oficial de este art\u00edculo encontrado en la prensa democr\u00e1tica y popular,&nbsp;<a href=\"https:\/\/anovademocracia.com.br\/ataque-com-pagers-foi-declaracao-de-guerra-diz-lider-do-hezbollah-em-esperado-discurso\/\">A Nova Democracia<\/a><\/p>\n\n\n\n<p class=\"has-black-color has-text-color has-link-color wp-elements-46efff2aca983894830f44f065cd7c03\">No hubo palabras a medias. \u00abHemos sufrido un gran golpe\u00bb, declar\u00f3 Nasrallah, tras expresar su solidaridad con todos los heridos. Pero reafirm\u00f3: \u00abDecimos a [el primer ministro israel\u00ed Benjamin] Netanyahu y a [el ministro de Defensa israel\u00ed Yoav] Gallant&#8230; y al gobierno, al ej\u00e9rcito y a la sociedad del enemigo: el frente liban\u00e9s no se detendr\u00e1 hasta que cese la agresi\u00f3n a Gaza.\u00bb<\/p>\n\n\n\n<hr class=\"wp-block-separator has-text-color has-vivid-red-color has-alpha-channel-opacity has-vivid-red-background-color has-background\"\/>\n\n\n\n<figure class=\"wp-block-image aligncenter size-full is-resized\"><img loading=\"lazy\" decoding=\"async\" width=\"1000\" height=\"667\" src=\"https:\/\/nuevademocracia.com.co\/wp-content\/uploads\/2024\/09\/image-2.png\" alt=\"\" class=\"wp-image-26782\" style=\"width:498px;height:auto\" srcset=\"https:\/\/nuevademocracia.com.co\/wp-content\/uploads\/2024\/09\/image-2.png 1000w, https:\/\/nuevademocracia.com.co\/wp-content\/uploads\/2024\/09\/image-2-300x200.png 300w, https:\/\/nuevademocracia.com.co\/wp-content\/uploads\/2024\/09\/image-2-768x512.png 768w\" sizes=\"auto, (max-width: 1000px) 100vw, 1000px\" \/><figcaption class=\"wp-element-caption\"><strong><em><mark style=\"background-color:rgba(0, 0, 0, 0)\" class=\"has-inline-color has-black-color\">Una familia observa el discurso de Hassan Nasrallah. Foto: Ammar Ammar\/AFP<\/mark><\/em><\/strong><\/figcaption><\/figure>\n\n\n\n<p class=\"has-black-color has-text-color has-link-color wp-elements-9a416b7b4290510e655037b62778aafb\">El L\u00edbano herv\u00eda hoy mientras cientos de miles de personas esperaban el discurso del l\u00edder de Hezbol\u00e1, Hassan Nasrallah, las primeras palabras del Secretario General desde el ataque terrorista de Israel con buscapersonas y walkie-talkies.<\/p>\n\n\n\n<p class=\"has-black-color has-text-color has-link-color wp-elements-c15f8cdcb346c788d241180c213699ca\">En los hogares, las familias se reun\u00edan en sillas, sof\u00e1s o incluso en el suelo para ver el discurso en un \u00fanico televisor. Con vasos de t\u00e9 o caf\u00e9 en la mano, esperaban el anuncio.<\/p>\n\n\n\n<p class=\"has-black-color has-text-color has-link-color wp-elements-f47e46e14bf3581bfbcf3c537d10532a\">No hubo palabras a medias. \u00abHemos sufrido un gran golpe\u00bb, declar\u00f3 Nasrallah, tras expresar su solidaridad con todos los heridos. Pero reafirm\u00f3: \u00abDecimos a [el primer ministro israel\u00ed Benjamin] Netanyahu y a [el ministro de Defensa israel\u00ed Yoav] Gallant&#8230; y al gobierno, al ej\u00e9rcito y a la sociedad del enemigo: el frente liban\u00e9s no se detendr\u00e1 hasta que cese la agresi\u00f3n a Gaza.\u00bb<\/p>\n\n\n\n<p class=\"has-black-color has-text-color has-link-color wp-elements-76a245ada519ec3c9817264633f53e02\">Las palabras fueron pronunciadas con firmeza. Con aspecto tranquilo ante el cl\u00e1sico fondo rojo que adorna sus emisiones, Nasrallah desafi\u00f3 al enemigo sionista y a los aviones israel\u00edes que cruzaron el cielo de Beirut para intentar interrumpir su discurso.<\/p>\n\n\n\n<p class=\"has-black-color has-text-color has-link-color wp-elements-01408116dcc5c98135b44397036903c3\">\u00abLlevamos 11 meses diciendo esto. Puede que nos estemos repitiendo, pero esta declaraci\u00f3n llega despu\u00e9s de estos dos grandes golpes&#8230; Lo digo claramente: no importan los sacrificios, las consecuencias o las posibilidades futuras, la resistencia en L\u00edbano no dejar\u00e1 de apoyar a Gaza\u00bb, asegur\u00f3 Nasrallah.<\/p>\n\n\n\n<p class=\"has-black-color has-text-color has-link-color wp-elements-e5d640d2415cba5cdce54f081fc51662\">En ning\u00fan momento Nasrallah rest\u00f3 importancia al impacto del ataque sionista, que calific\u00f3 de \u00abacto terrorista\u00bb, \u00abmasacre\u00bb y \u00abdeclaraci\u00f3n de guerra\u00bb que viol\u00f3 \u00abtodas las convenciones, leyes y l\u00edneas rojas\u00bb. Ayer, antes del discurso, el ataque israel\u00ed tambi\u00e9n fue condenado por organismos internacionales, incluso por la Organizaci\u00f3n de Naciones Unidas, alineada con Estados Unidos (EEUU).<\/p>\n\n\n\n<p class=\"has-black-color has-text-color has-link-color wp-elements-ac1148356ec25bd60107390f36fa733f\">\u00abNo hay duda de que hemos sufrido un gran golpe, tanto en t\u00e9rminos de seguridad como de humanidad, un golpe sin precedentes en la historia de la resistencia en L\u00edbano, al menos\u00bb, describi\u00f3 Nasrallah. \u00abSin precedentes en la historia de L\u00edbano, y puede que sin precedentes en la historia del conflicto con el enemigo israel\u00ed en toda la regi\u00f3n, quiz\u00e1 incluso sin precedentes en el mundo\u00bb.<\/p>\n\n\n\n<figure class=\"wp-block-image aligncenter size-full is-resized\"><img loading=\"lazy\" decoding=\"async\" width=\"678\" height=\"455\" src=\"https:\/\/nuevademocracia.com.co\/wp-content\/uploads\/2024\/09\/image-3.png\" alt=\"\" class=\"wp-image-26783\" style=\"width:591px;height:auto\" srcset=\"https:\/\/nuevademocracia.com.co\/wp-content\/uploads\/2024\/09\/image-3.png 678w, https:\/\/nuevademocracia.com.co\/wp-content\/uploads\/2024\/09\/image-3-300x201.png 300w\" sizes=\"auto, (max-width: 678px) 100vw, 678px\" \/><figcaption class=\"wp-element-caption\"><strong><em><mark style=\"background-color:rgba(0, 0, 0, 0)\" class=\"has-inline-color has-black-color\">Un miembro de Hezbol\u00e1 herido observa el discurso de Nasral\u00e1. Foto: Hezbol\u00e1<\/mark><\/em><\/strong><\/figcaption><\/figure>\n\n\n\n<p class=\"has-black-color has-text-color has-link-color wp-elements-6ce403cd131c7101722b9ef6d9d24657\">El discurso se pronunci\u00f3 al mismo tiempo que se intensificaban los conflictos con Israel en la frontera sur del pa\u00eds. El Estado sionista declar\u00f3 que hab\u00eda cambiado el equilibrio de la guerra y envi\u00f3 refuerzos a la frontera. Hezbol\u00e1 respondi\u00f3 con poderosos golpes que ayer mismo mataron a dos de los soldados invasores, identificados como el mayor reservista Nael Fwarsy y el sargento Tomer Keren.<\/p>\n\n\n\n<p class=\"has-black-color has-text-color has-link-color wp-elements-9c90183592f59332c826a58f2123ca62\">La promesa del r\u00e9gimen de Netanyahu es debilitar a Hezbol\u00e1 y hacer que los colonos del norte regresen a la regi\u00f3n, de donde huyeron tras la escalada del conflicto con la Resistencia libanesa. Nasrallah garantiz\u00f3 que no habr\u00e1 retorno.<\/p>\n\n\n\n<p class=\"has-black-color has-text-color has-link-color wp-elements-41df3fbd6d93b9e93611bf646ae64f62\">\u00abNinguna escalada militar, ning\u00fan asesinato o guerra total har\u00e1 que los residentes vuelvan a la frontera\u00bb, afirm\u00f3 el Secretario General.<\/p>\n\n\n\n<p class=\"has-black-color has-text-color has-link-color wp-elements-9d637705cb4efbdad451501869c4c4e1\">Todas las expectativas giran en torno a la respuesta de Hezbol\u00e1. Para Ramzy Baroud, periodista y consejero editorial de AND especialista en Palestina y Medio Oriente, \u00abla respuesta tiene que ser r\u00e1pida. No es el momento de decir &#8216;garantizamos el derecho de r\u00e9plica en el momento que elijamos&#8230;&#8217; \u00a1No!&nbsp; Hezbol\u00e1 debe ser r\u00e1pido y asestar este golpe a Israel sin declarar necesariamente la guerra total\u00bb.<\/p>\n\n\n\n<p class=\"has-black-color has-text-color has-link-color wp-elements-438653d9ba1d98d5df1f046e1c64a888\">Describi\u00f3 el acto como \u00abuna declaraci\u00f3n de guerra sin declaraci\u00f3n oficial\u00bb y \u00abuna grave violaci\u00f3n de la soberan\u00eda nacional de L\u00edbano\u00bb, un ataque \u00abcon las caracter\u00edsticas de las armas de destrucci\u00f3n masiva\u00bb. En palabras de Nasrallah, la organizaci\u00f3n no revelar\u00e1 \u00abtiempo, forma ni lugar\u00bb, pero est\u00e1 segura de que \u00abesta retribuci\u00f3n llegar\u00e1\u00bb.<\/p>\n","protected":false},"excerpt":{"rendered":"<p>A continuaci\u00f3n publicamos una traducci\u00f3n no oficial de este art\u00edculo encontrado en la prensa democr\u00e1tica y popular,&nbsp;A Nova Democracia No hubo palabras a medias. \u00abHemos sufrido un gran golpe\u00bb, declar\u00f3 Nasrallah, tras expresar su solidaridad con todos los heridos. Pero reafirm\u00f3: \u00abDecimos a [el primer ministro israel\u00ed Benjamin] Netanyahu y a [el ministro de Defensa [&hellip;]<\/p>\n","protected":false},"author":1,"featured_media":26782,"comment_status":"open","ping_status":"open","sticky":false,"template":"","format":"standard","meta":{"footnotes":""},"categories":[16,135],"tags":[],"class_list":["post-26780","post","type-post","status-publish","format-standard","has-post-thumbnail","hentry","category-carrusel","category-resistencia-palestina"],"blocksy_meta":[],"_links":{"self":[{"href":"https:\/\/nuevademocracia.com.co\/index.php?rest_route=\/wp\/v2\/posts\/26780","targetHints":{"allow":["GET"]}}],"collection":[{"href":"https:\/\/nuevademocracia.com.co\/index.php?rest_route=\/wp\/v2\/posts"}],"about":[{"href":"https:\/\/nuevademocracia.com.co\/index.php?rest_route=\/wp\/v2\/types\/post"}],"author":[{"embeddable":true,"href":"https:\/\/nuevademocracia.com.co\/index.php?rest_route=\/wp\/v2\/users\/1"}],"replies":[{"embeddable":true,"href":"https:\/\/nuevademocracia.com.co\/index.php?rest_route=%2Fwp%2Fv2%2Fcomments&post=26780"}],"version-history":[{"count":3,"href":"https:\/\/nuevademocracia.com.co\/index.php?rest_route=\/wp\/v2\/posts\/26780\/revisions"}],"predecessor-version":[{"id":26789,"href":"https:\/\/nuevademocracia.com.co\/index.php?rest_route=\/wp\/v2\/posts\/26780\/revisions\/26789"}],"wp:featuredmedia":[{"embeddable":true,"href":"https:\/\/nuevademocracia.com.co\/index.php?rest_route=\/wp\/v2\/media\/26782"}],"wp:attachment":[{"href":"https:\/\/nuevademocracia.com.co\/index.php?rest_route=%2Fwp%2Fv2%2Fmedia&parent=26780"}],"wp:term":[{"taxonomy":"category","embeddable":true,"href":"https:\/\/nuevademocracia.com.co\/index.php?rest_route=%2Fwp%2Fv2%2Fcategories&post=26780"},{"taxonomy":"post_tag","embeddable":true,"href":"https:\/\/nuevademocracia.com.co\/index.php?rest_route=%2Fwp%2Fv2%2Ftags&post=26780"}],"curies":[{"name":"wp","href":"https:\/\/api.w.org\/{rel}","templated":true}]}}