{"id":26785,"date":"2024-09-21T10:46:36","date_gmt":"2024-09-21T15:46:36","guid":{"rendered":"https:\/\/nuevademocracia.com.co\/?p=26785"},"modified":"2024-09-21T10:46:37","modified_gmt":"2024-09-21T15:46:37","slug":"israel-mata-a-9-personas-en-la-explosion-de-walkie-talkies-de-hezbola-un-dia-despues-de-la-explosion-de-bipers","status":"publish","type":"post","link":"https:\/\/nuevademocracia.com.co\/?p=26785","title":{"rendered":"Israel mata a 9 personas en la explosi\u00f3n de walkie-talkies de Hezbol\u00e1 un d\u00eda despu\u00e9s de la explosi\u00f3n de b\u00edpers"},"content":{"rendered":"\n<p class=\"has-black-color has-text-color has-link-color wp-elements-511fa94e3048b565dbc183ca23b36ff1\">A continuaci\u00f3n publicamos una traducci\u00f3n no oficial de este art\u00edculo encontrado en la prensa democr\u00e1tica y popular, <mark style=\"background-color:rgba(0, 0, 0, 0)\" class=\"has-inline-color has-vivid-red-color\"><a href=\"https:\/\/anovademocracia.com.br\/israel-mata-9-pessoas-com-explosao-de-walkie-talkies-do-hezbollah-um-dia-depois-de-explosao-de-pagers-no-libano\/\">A Nova Democracia<\/a> <\/mark><\/p>\n\n\n\n<p class=\"has-black-color has-text-color has-link-color wp-elements-1024ce8851fea8ba5c0566bac3070107\">Una de las explosiones tuvo lugar en un funeral por personas asesinadas el d\u00eda anterior.<\/p>\n\n\n\n<hr class=\"wp-block-separator has-text-color has-vivid-red-color has-alpha-channel-opacity has-vivid-red-background-color has-background\"\/>\n\n\n\n<figure class=\"wp-block-image aligncenter size-full is-resized\"><img loading=\"lazy\" decoding=\"async\" width=\"888\" height=\"592\" src=\"https:\/\/nuevademocracia.com.co\/wp-content\/uploads\/2024\/09\/image-4.png\" alt=\"\" class=\"wp-image-26786\" style=\"width:529px;height:auto\" srcset=\"https:\/\/nuevademocracia.com.co\/wp-content\/uploads\/2024\/09\/image-4.png 888w, https:\/\/nuevademocracia.com.co\/wp-content\/uploads\/2024\/09\/image-4-300x200.png 300w, https:\/\/nuevademocracia.com.co\/wp-content\/uploads\/2024\/09\/image-4-768x512.png 768w\" sizes=\"auto, (max-width: 888px) 100vw, 888px\" \/><figcaption class=\"wp-element-caption\"><strong><em><mark style=\"background-color:rgba(0, 0, 0, 0)\" class=\"has-inline-color has-black-color\">Foto: Mahmoud ZAYYAT\/AFP<\/mark><\/em><\/strong><\/figcaption><\/figure>\n\n\n\n<p class=\"has-black-color has-text-color has-link-color wp-elements-f8d6e3b6a434bce5ad67584f0c56fa9a\">Los muertos del atentado sionista del 17 de septiembre en L\u00edbano ni siquiera hab\u00edan sido enterrados cuando Israel hizo estallar walkie-talkies en Beirut y otras regiones del pa\u00eds \u00e1rabe en un nuevo acto terrorista. Nueve personas murieron y 300 resultaron heridas, seg\u00fan el Ministerio de Salud del L\u00edbano.<\/p>\n\n\n\n<p class=\"has-black-color has-text-color has-link-color wp-elements-b04e330dd124c203d315501f90fc9446\">Una de las explosiones tuvo lugar cerca de un funeral organizado por Hezbol\u00e1 por los muertos del d\u00eda anterior. Tambi\u00e9n estallaron artefactos en otras regiones del sur del pa\u00eds y en la capital, Beirut.<\/p>\n\n\n\n<p class=\"has-black-color has-text-color has-link-color wp-elements-24f60130cc78d7b4518e76e0ad22db02\">Tambi\u00e9n estallaron sistemas de energ\u00eda solar en viviendas y dispositivos biom\u00e9tricos en Beirut, seg\u00fan la agencia de noticias estatal del L\u00edbano.<\/p>\n\n\n\n<p class=\"has-black-color has-text-color has-link-color wp-elements-7cf9e5d208e41e227dcef4c40937c3f7\">A\u00fan no hay informaci\u00f3n sobre muertos o heridos, pero es probable que los ataques afectaran a civiles. El d\u00eda anterior, Israel mat\u00f3 a una ni\u00f1a de ocho a\u00f1os en un atentado terrorista.<\/p>\n\n\n\n<p class=\"has-black-color has-text-color has-link-color wp-elements-6fc33bbb04c53e74388632380ad6d4b9\">Israel no ha reivindicado la responsabilidad del atentado. Sin embargo, las pruebas recogidas por los monopolios de prensa y Hezbol\u00e1 apuntan al Estado sionista.<\/p>\n\n\n\n<p class=\"has-black-color has-text-color has-link-color wp-elements-9262fbdf219ed7a57df038e841e90e2b\"><strong><mark style=\"background-color:rgba(0, 0, 0, 0)\" class=\"has-inline-color has-vivid-red-color\">\u00bfQui\u00e9n est\u00e1 detr\u00e1s?<\/mark><\/strong><\/p>\n\n\n\n<p class=\"has-black-color has-text-color has-link-color wp-elements-0ab70dcfe003ebb0a243fa09503dfc12\">Hezbol\u00e1 declar\u00f3 que, tras una minuciosa investigaci\u00f3n, hab\u00eda llegado a la conclusi\u00f3n de que Israel ten\u00eda \u00abplena responsabilidad\u00bb por lo que calific\u00f3 de \u00abacci\u00f3n pecaminosa\u00bb.<\/p>\n\n\n\n<p class=\"has-black-color has-text-color has-link-color wp-elements-47111fdbfe4ecddb481428423b5ad28d\">Hoy (19\/9), el peri\u00f3dico monopolista New York Times ha revelado que Israel intercept\u00f3 el cargamento de b\u00edpers antes de que los equipos llegaran a L\u00edbano e implant\u00f3 explosivos en las bater\u00edas.<\/p>\n\n\n\n<p class=\"has-black-color has-text-color has-link-color wp-elements-690872c34c3e1e8208fe10162be1fb5e\">Estados Unidos (EEUU) niega su implicaci\u00f3n en el atentado. Seg\u00fan la prensa, el ministro israel\u00ed de Defensa, Yoav Gallant, inform\u00f3 al secretario de Defensa estadounidense, Lloyd Austin, justo antes del atentado, pero la advertencia no fue \u00abtomada en serio\u00bb.<\/p>\n\n\n\n<p class=\"has-black-color has-text-color has-link-color wp-elements-3341d5e6e95cd196a2287d8957af7176\"><strong><mark style=\"background-color:rgba(0, 0, 0, 0)\" class=\"has-inline-color has-vivid-red-color\">Trampa casi descubierta<\/mark><\/strong><\/p>\n\n\n\n<p class=\"has-black-color has-text-color has-link-color wp-elements-e304a429dfb541f67cfe23e83039457d\">Otros informes afirman que Hezbol\u00e1 estuvo a punto de descubrir la trampa sionista. Israel activ\u00f3 los dispositivos el 17 de septiembre por temor a que el grupo antiimperialista estuviera cerca de desmantelar el plan terrorista israel\u00ed, seg\u00fan revel\u00f3 el diario Axios.<\/p>\n\n\n\n<p class=\"has-black-color has-text-color has-link-color wp-elements-7583832ca77fe3822d4aa613be06985f\">Seg\u00fan un antiguo oficial israel\u00ed \u00abcon conocimiento de la operaci\u00f3n\u00bb que habl\u00f3 con Axios, Israel pretend\u00eda hacer explotar los b\u00edpers en caso de guerra total con el grupo liban\u00e9s, pero tuvo que retrasar la detonaci\u00f3n.<\/p>\n\n\n\n<p class=\"has-black-color has-text-color has-link-color wp-elements-8366719dad13953a8ccd4b27fb314d98\"><strong><mark style=\"background-color:rgba(0, 0, 0, 0)\" class=\"has-inline-color has-vivid-red-color\">\u00bfHa sufrido Hezbol\u00e1 un golpe?<\/mark><\/strong><\/p>\n\n\n\n<p class=\"has-black-color has-text-color has-link-color wp-elements-c75f83765c2f31d16612f960c9b47a97\">Inmediatamente despu\u00e9s del ataque, Hezbol\u00e1 prometi\u00f3 responder a Israel y garantiz\u00f3 que las explosiones no pondr\u00edan en peligro el apoyo del grupo liban\u00e9s al pueblo palestino de Gaza.<\/p>\n\n\n\n<p class=\"has-black-color has-text-color has-link-color wp-elements-b19cdc6e132b9fc9f2099a26cfd13c44\">Otros grupos antiimperialistas de la regi\u00f3n, como Ham\u00e1s en Palestina y Ansarallah en Yemen, expresaron su solidaridad con los combatientes de Hezbol\u00e1 y el pueblo liban\u00e9s.<\/p>\n\n\n\n<p class=\"has-black-color has-text-color has-link-color wp-elements-2c6e73e2f66bc62081c7f769a5dc05fc\">Puede que Hezbol\u00e1 no esperara el golpe, pero sus operaciones apenas se ver\u00e1n sacudidas por la explosi\u00f3n. Ni siquiera dar\u00e1 marcha atr\u00e1s en sus acciones. Para el analista pol\u00edtico israel\u00ed Avi Issacharoff, \u00abesta acci\u00f3n atribuida a Israel no llevar\u00e1 a Hezbol\u00e1 a detener su actividad ofensiva contra los asentamientos del norte, sino a intensificarla\u00bb, como escribi\u00f3 en el diario Ynet.<\/p>\n\n\n\n<p class=\"has-black-color has-text-color has-link-color wp-elements-06deafe3d129ea002ee9296031eae44e\"><strong><mark style=\"background-color:rgba(0, 0, 0, 0)\" class=\"has-inline-color has-vivid-red-color\">Israel condenado<\/mark><\/strong><\/p>\n\n\n\n<p class=\"has-black-color has-text-color has-link-color wp-elements-75ce962121cbe55e138bf0b4086bce48\">Israel, por su parte, se ha visto desmoralizado por el nuevo crimen. El Secretario General de la ONU, Antonio Guterres, conden\u00f3 la explosi\u00f3n de objetos civiles. \u00abEs muy importante que haya un control efectivo de los objetos civiles para no convertirlos en armas. Esto deber\u00eda ser una norma para todos en el mundo, que los gobiernos deber\u00edan poder aplicar\u00bb.<\/p>\n\n\n\n<p class=\"has-black-color has-text-color has-link-color wp-elements-0b13d11c4093b86e394474ad81eb306e\">El activista e investigador de renombre internacional Edward Snowden calific\u00f3 el ataque de \u00abindistinguible del terrorismo\u00bb. \u00abLo que Israel acaba de hacer es, por *cualquier* m\u00e9todo, temerario. Hicieron explotar a un n\u00famero incontable de personas que estaban conduciendo (es decir, coches fuera de control), comprando (sus hijos est\u00e1n en el cochecito, de pie detr\u00e1s de \u00e9l en la cola de la caja), etc. Indistinguible del terrorismo\u00bb.<\/p>\n\n\n\n<p><\/p>\n","protected":false},"excerpt":{"rendered":"<p>A continuaci\u00f3n publicamos una traducci\u00f3n no oficial de este art\u00edculo encontrado en la prensa democr\u00e1tica y popular, A Nova Democracia Una de las explosiones tuvo lugar en un funeral por personas asesinadas el d\u00eda anterior. Los muertos del atentado sionista del 17 de septiembre en L\u00edbano ni siquiera hab\u00edan sido enterrados cuando Israel hizo estallar [&hellip;]<\/p>\n","protected":false},"author":1,"featured_media":26786,"comment_status":"open","ping_status":"open","sticky":false,"template":"","format":"standard","meta":{"footnotes":""},"categories":[16,135],"tags":[],"class_list":["post-26785","post","type-post","status-publish","format-standard","has-post-thumbnail","hentry","category-carrusel","category-resistencia-palestina"],"blocksy_meta":[],"_links":{"self":[{"href":"https:\/\/nuevademocracia.com.co\/index.php?rest_route=\/wp\/v2\/posts\/26785","targetHints":{"allow":["GET"]}}],"collection":[{"href":"https:\/\/nuevademocracia.com.co\/index.php?rest_route=\/wp\/v2\/posts"}],"about":[{"href":"https:\/\/nuevademocracia.com.co\/index.php?rest_route=\/wp\/v2\/types\/post"}],"author":[{"embeddable":true,"href":"https:\/\/nuevademocracia.com.co\/index.php?rest_route=\/wp\/v2\/users\/1"}],"replies":[{"embeddable":true,"href":"https:\/\/nuevademocracia.com.co\/index.php?rest_route=%2Fwp%2Fv2%2Fcomments&post=26785"}],"version-history":[{"count":2,"href":"https:\/\/nuevademocracia.com.co\/index.php?rest_route=\/wp\/v2\/posts\/26785\/revisions"}],"predecessor-version":[{"id":26788,"href":"https:\/\/nuevademocracia.com.co\/index.php?rest_route=\/wp\/v2\/posts\/26785\/revisions\/26788"}],"wp:featuredmedia":[{"embeddable":true,"href":"https:\/\/nuevademocracia.com.co\/index.php?rest_route=\/wp\/v2\/media\/26786"}],"wp:attachment":[{"href":"https:\/\/nuevademocracia.com.co\/index.php?rest_route=%2Fwp%2Fv2%2Fmedia&parent=26785"}],"wp:term":[{"taxonomy":"category","embeddable":true,"href":"https:\/\/nuevademocracia.com.co\/index.php?rest_route=%2Fwp%2Fv2%2Fcategories&post=26785"},{"taxonomy":"post_tag","embeddable":true,"href":"https:\/\/nuevademocracia.com.co\/index.php?rest_route=%2Fwp%2Fv2%2Ftags&post=26785"}],"curies":[{"name":"wp","href":"https:\/\/api.w.org\/{rel}","templated":true}]}}