{"id":26790,"date":"2024-09-21T15:04:11","date_gmt":"2024-09-21T20:04:11","guid":{"rendered":"https:\/\/nuevademocracia.com.co\/?p=26790"},"modified":"2024-09-21T15:04:12","modified_gmt":"2024-09-21T20:04:12","slug":"luchadores-bloquean-las-entradas-de-la-multinacional-imperialista-coca-cola-en-la-ciudad-de-medellin","status":"publish","type":"post","link":"https:\/\/nuevademocracia.com.co\/?p=26790","title":{"rendered":"Luchadores bloquean las entradas de la multinacional imperialista Coca-Cola en la ciudad de Medell\u00edn"},"content":{"rendered":"\n<p class=\"has-black-color has-text-color has-link-color wp-elements-62d63becd711ecf2caab3ea7e26b1725\">El pasado 11 de septiembre la organizaci\u00f3n <em>Comites y Coordinadoras de Solidaridad con los sectores en Conflicto<\/em> convoco una jornada de protesta contra las multinacionales en Colombia, denunciado la explotaci\u00f3n laboral, el saqueo y la destrucci\u00f3n del medio ambiente, y, en solidaridad con el pueblo palestino.<\/p>\n\n\n\n<p class=\"has-black-color has-text-color has-link-color wp-elements-7ffa595542095362c191dc38905bcc93\">En la ciudad de Medell\u00edn parte de la jornada fue el bloqueo de las distintas entradas de la multinacional Coca-Cola, impidiendo la entrada y salida de productos durante las primeras horas del d\u00eda. En las entradas se ve\u00edan diversas pancartas denunciando la explotaci\u00f3n laboral, el asesinato y persecuci\u00f3n a trabajadores, y en una de las entradas se ve una gran bandera palestina. Adjuntamos algunas fotos de una parte de la jornada:<\/p>\n\n\n\n<p class=\"has-black-color has-text-color has-link-color wp-elements-133d81880cb77a90c0c894af204914c7\"><\/p>\n\n\n\n<figure class=\"wp-block-image aligncenter size-large is-resized\"><img loading=\"lazy\" decoding=\"async\" width=\"1024\" height=\"577\" src=\"https:\/\/nuevademocracia.com.co\/wp-content\/uploads\/2024\/09\/DSC00125-1024x577.jpg\" alt=\"\" class=\"wp-image-26793\" style=\"width:527px;height:auto\" srcset=\"https:\/\/nuevademocracia.com.co\/wp-content\/uploads\/2024\/09\/DSC00125-1024x577.jpg 1024w, https:\/\/nuevademocracia.com.co\/wp-content\/uploads\/2024\/09\/DSC00125-300x169.jpg 300w, https:\/\/nuevademocracia.com.co\/wp-content\/uploads\/2024\/09\/DSC00125-768x433.jpg 768w, https:\/\/nuevademocracia.com.co\/wp-content\/uploads\/2024\/09\/DSC00125-1536x866.jpg 1536w, https:\/\/nuevademocracia.com.co\/wp-content\/uploads\/2024\/09\/DSC00125-2048x1154.jpg 2048w\" sizes=\"auto, (max-width: 1024px) 100vw, 1024px\" \/><\/figure>\n\n\n\n<p class=\"has-black-color has-text-color has-link-color wp-elements-60b62138dfdcab80d3c0b3d7445d7c5c\"><\/p>\n\n\n\n<figure class=\"wp-block-image aligncenter size-large is-resized\"><img loading=\"lazy\" decoding=\"async\" width=\"1024\" height=\"577\" src=\"https:\/\/nuevademocracia.com.co\/wp-content\/uploads\/2024\/09\/DSC00132-1024x577.jpg\" alt=\"\" class=\"wp-image-26794\" style=\"width:527px;height:auto\" srcset=\"https:\/\/nuevademocracia.com.co\/wp-content\/uploads\/2024\/09\/DSC00132-1024x577.jpg 1024w, https:\/\/nuevademocracia.com.co\/wp-content\/uploads\/2024\/09\/DSC00132-300x169.jpg 300w, https:\/\/nuevademocracia.com.co\/wp-content\/uploads\/2024\/09\/DSC00132-768x433.jpg 768w, https:\/\/nuevademocracia.com.co\/wp-content\/uploads\/2024\/09\/DSC00132-1536x866.jpg 1536w, https:\/\/nuevademocracia.com.co\/wp-content\/uploads\/2024\/09\/DSC00132-2048x1154.jpg 2048w\" sizes=\"auto, (max-width: 1024px) 100vw, 1024px\" \/><\/figure>\n\n\n\n<p><\/p>\n\n\n\n<figure class=\"wp-block-image aligncenter size-large is-resized\"><img loading=\"lazy\" decoding=\"async\" width=\"1024\" height=\"577\" src=\"https:\/\/nuevademocracia.com.co\/wp-content\/uploads\/2024\/09\/DSC00133-1-1024x577.jpg\" alt=\"\" class=\"wp-image-26797\" style=\"width:527px;height:auto\" srcset=\"https:\/\/nuevademocracia.com.co\/wp-content\/uploads\/2024\/09\/DSC00133-1-1024x577.jpg 1024w, https:\/\/nuevademocracia.com.co\/wp-content\/uploads\/2024\/09\/DSC00133-1-300x169.jpg 300w, https:\/\/nuevademocracia.com.co\/wp-content\/uploads\/2024\/09\/DSC00133-1-768x433.jpg 768w, https:\/\/nuevademocracia.com.co\/wp-content\/uploads\/2024\/09\/DSC00133-1-1536x866.jpg 1536w, https:\/\/nuevademocracia.com.co\/wp-content\/uploads\/2024\/09\/DSC00133-1-2048x1154.jpg 2048w\" sizes=\"auto, (max-width: 1024px) 100vw, 1024px\" \/><\/figure>\n\n\n\n<p><\/p>\n\n\n\n<figure class=\"wp-block-image aligncenter size-large is-resized\"><img loading=\"lazy\" decoding=\"async\" width=\"1024\" height=\"577\" src=\"https:\/\/nuevademocracia.com.co\/wp-content\/uploads\/2024\/09\/DSC00139-1-1024x577.jpg\" alt=\"\" class=\"wp-image-26799\" style=\"width:515px;height:auto\" srcset=\"https:\/\/nuevademocracia.com.co\/wp-content\/uploads\/2024\/09\/DSC00139-1-1024x577.jpg 1024w, https:\/\/nuevademocracia.com.co\/wp-content\/uploads\/2024\/09\/DSC00139-1-300x169.jpg 300w, https:\/\/nuevademocracia.com.co\/wp-content\/uploads\/2024\/09\/DSC00139-1-768x433.jpg 768w, https:\/\/nuevademocracia.com.co\/wp-content\/uploads\/2024\/09\/DSC00139-1-1536x866.jpg 1536w, https:\/\/nuevademocracia.com.co\/wp-content\/uploads\/2024\/09\/DSC00139-1-2048x1154.jpg 2048w\" sizes=\"auto, (max-width: 1024px) 100vw, 1024px\" \/><\/figure>\n\n\n\n<p class=\"has-black-color has-text-color has-link-color wp-elements-2d3717bd505220125bf3cc129f90bca9\"><\/p>\n\n\n\n<p class=\"has-black-color has-text-color has-link-color wp-elements-15acc836961b6ce176e33be3ada6ab2c\"><\/p>\n\n\n\n<p><\/p>\n\n\n\n<p><\/p>\n","protected":false},"excerpt":{"rendered":"<p>El pasado 11 de septiembre la organizaci\u00f3n Comites y Coordinadoras de Solidaridad con los sectores en Conflicto convoco una jornada de protesta contra las multinacionales en Colombia, denunciado la explotaci\u00f3n laboral, el saqueo y la destrucci\u00f3n del medio ambiente, y, en solidaridad con el pueblo palestino. En la ciudad de Medell\u00edn parte de la jornada [&hellip;]<\/p>\n","protected":false},"author":1,"featured_media":26798,"comment_status":"open","ping_status":"open","sticky":false,"template":"","format":"standard","meta":{"footnotes":""},"categories":[4,116],"tags":[],"class_list":["post-26790","post","type-post","status-publish","format-standard","has-post-thumbnail","hentry","category-colombia","category-imperialismo"],"blocksy_meta":[],"_links":{"self":[{"href":"https:\/\/nuevademocracia.com.co\/index.php?rest_route=\/wp\/v2\/posts\/26790","targetHints":{"allow":["GET"]}}],"collection":[{"href":"https:\/\/nuevademocracia.com.co\/index.php?rest_route=\/wp\/v2\/posts"}],"about":[{"href":"https:\/\/nuevademocracia.com.co\/index.php?rest_route=\/wp\/v2\/types\/post"}],"author":[{"embeddable":true,"href":"https:\/\/nuevademocracia.com.co\/index.php?rest_route=\/wp\/v2\/users\/1"}],"replies":[{"embeddable":true,"href":"https:\/\/nuevademocracia.com.co\/index.php?rest_route=%2Fwp%2Fv2%2Fcomments&post=26790"}],"version-history":[{"count":5,"href":"https:\/\/nuevademocracia.com.co\/index.php?rest_route=\/wp\/v2\/posts\/26790\/revisions"}],"predecessor-version":[{"id":26801,"href":"https:\/\/nuevademocracia.com.co\/index.php?rest_route=\/wp\/v2\/posts\/26790\/revisions\/26801"}],"wp:featuredmedia":[{"embeddable":true,"href":"https:\/\/nuevademocracia.com.co\/index.php?rest_route=\/wp\/v2\/media\/26798"}],"wp:attachment":[{"href":"https:\/\/nuevademocracia.com.co\/index.php?rest_route=%2Fwp%2Fv2%2Fmedia&parent=26790"}],"wp:term":[{"taxonomy":"category","embeddable":true,"href":"https:\/\/nuevademocracia.com.co\/index.php?rest_route=%2Fwp%2Fv2%2Fcategories&post=26790"},{"taxonomy":"post_tag","embeddable":true,"href":"https:\/\/nuevademocracia.com.co\/index.php?rest_route=%2Fwp%2Fv2%2Ftags&post=26790"}],"curies":[{"name":"wp","href":"https:\/\/api.w.org\/{rel}","templated":true}]}}