{"id":26807,"date":"2024-09-30T12:27:43","date_gmt":"2024-09-30T17:27:43","guid":{"rendered":"https:\/\/nuevademocracia.com.co\/?p=26807"},"modified":"2024-09-30T12:27:44","modified_gmt":"2024-09-30T17:27:44","slug":"mexico-pronunciamiento-por-ayotzinapa-10-anos-sin-verdad-ni-justicia","status":"publish","type":"post","link":"https:\/\/nuevademocracia.com.co\/?p=26807","title":{"rendered":"M\u00e9xico: Pronunciamiento por Ayotzinapa, 10 a\u00f1os sin verdad ni justicia"},"content":{"rendered":"\n<p class=\"has-black-color has-text-color has-link-color wp-elements-e9c5b80571ff223492becd66c5fee6ee\">A continuaci\u00f3n publicamos  este art\u00edculo encontrado en la p\u00e1gina web <a href=\"https:\/\/heraldorojo.org\/2024\/09\/29\/mexico-pronunciamiento-por-ayotzinapa-10-anos-sin-verdad-ni-justicia\/\" data-type=\"link\" data-id=\"https:\/\/heraldorojo.org\/2024\/09\/29\/mexico-pronunciamiento-por-ayotzinapa-10-anos-sin-verdad-ni-justicia\/\">El Heraldo Rojo<\/a><\/p>\n\n\n\n<figure class=\"wp-block-image aligncenter size-large is-resized\"><img loading=\"lazy\" decoding=\"async\" width=\"1024\" height=\"663\" src=\"https:\/\/nuevademocracia.com.co\/wp-content\/uploads\/2024\/09\/image-5-1024x663.png\" alt=\"\" class=\"wp-image-26809\" style=\"width:590px;height:auto\" srcset=\"https:\/\/nuevademocracia.com.co\/wp-content\/uploads\/2024\/09\/image-5-1024x663.png 1024w, https:\/\/nuevademocracia.com.co\/wp-content\/uploads\/2024\/09\/image-5-300x194.png 300w, https:\/\/nuevademocracia.com.co\/wp-content\/uploads\/2024\/09\/image-5-768x497.png 768w, https:\/\/nuevademocracia.com.co\/wp-content\/uploads\/2024\/09\/image-5-1536x994.png 1536w, https:\/\/nuevademocracia.com.co\/wp-content\/uploads\/2024\/09\/image-5-2048x1325.png 2048w\" sizes=\"auto, (max-width: 1024px) 100vw, 1024px\" \/><\/figure>\n\n\n\n<p><\/p>\n\n\n\n<p class=\"has-black-color has-text-color has-link-color wp-elements-127db94124a24d83f36d90da36f18402\">Compartimos un comunicado publicado por&nbsp;<a href=\"https:\/\/solrojista.blogspot.com\/2024\/09\/pronunciamiento-por-ayotzinapa-10-anos.html\">Sol Rojo M\u00e9xico<\/a><em>.<\/em><\/p>\n\n\n\n<p class=\"has-text-align-right has-black-color has-text-color has-link-color wp-elements-5405ce0349960cf71f1bb3bf0f394a86\"><em>\u00a1Proletarios y pueblos oprimidos del mundo, un\u00edos!<\/em><\/p>\n\n\n\n<p class=\"has-text-align-right has-black-color has-text-color has-link-color wp-elements-71271871e0527114e5bb8ac49c841fcd\">\u201c<em>Todav\u00eda cantamos, todav\u00eda pedimos<\/em><\/p>\n\n\n\n<p class=\"has-text-align-right has-black-color has-text-color has-link-color wp-elements-8ef7c962f4fe0d6241cceb04a4770a82\"><em>todav\u00eda so\u00f1amos, todav\u00eda esperamos.<\/em><\/p>\n\n\n\n<p class=\"has-text-align-right has-black-color has-text-color has-link-color wp-elements-bc2cef6b5c4b6e419c38641c06d5687b\"><em>A pesar de los golpes<\/em><\/p>\n\n\n\n<p class=\"has-text-align-right has-black-color has-text-color has-link-color wp-elements-8ee6684352f29cf0f1a3c12963c0d81e\"><em>que asest\u00f3 en nuestras vidas<\/em><\/p>\n\n\n\n<p class=\"has-text-align-right has-black-color has-text-color has-link-color wp-elements-5bdb06e5a9b725e3458d1482e2937816\"><em>el ingenio del odio<\/em><\/p>\n\n\n\n<p class=\"has-text-align-right has-black-color has-text-color has-link-color wp-elements-4de39723a1da58e7e574dfcf5259bc95\"><em>desterrando al olvido<\/em><\/p>\n\n\n\n<p class=\"has-text-align-right has-black-color has-text-color has-link-color wp-elements-634c68dd7ede5e9c7590c055e118fb99\"><em>a nuestros seres queridos.\u201d<\/em><\/p>\n\n\n\n<p class=\"has-black-color has-text-color has-link-color wp-elements-c38a0b9682765bd0eed75d5570e521e9\"><strong>A los padres y madres de los 43 normalistas desaparecidos.<\/strong><\/p>\n\n\n\n<p class=\"has-black-color has-text-color has-link-color wp-elements-e89c9152c3b8715b332c1d2adfb0a5fe\"><strong>A la comunidad estudiantil de la Escuela Normal Rural \u201cRa\u00fal Isidro Burgos\u201d de Ayotzinapa, Gro.<\/strong><\/p>\n\n\n\n<p class=\"has-black-color has-text-color has-link-color wp-elements-95f68f2fbe9068fe5dd31336076a6991\"><strong>A los camaradas de la Federaci\u00f3n de Estudiantes Campesinos Socialistas de M\u00e9xico (FECSM).<\/strong><\/p>\n\n\n\n<p class=\"has-black-color has-text-color has-link-color wp-elements-7c1d4537b2fea8ff7a7c481b44173b6e\"><strong>A las organizaciones democr\u00e1ticas y revolucionarias.<\/strong><\/p>\n\n\n\n<p class=\"has-black-color has-text-color has-link-color wp-elements-ec36b809252f9e12d56627f656cf5d6c\">Se est\u00e1n cumpliendo diez a\u00f1os del ataque, la barbarie y la insolencia que arrebat\u00f3 la vida a tres j\u00f3venes normalistas de Ayotzinapa y desapareci\u00f3 a otros 43. Aquella noche del 26 y la ma\u00f1ana del 27 de septiembre, los tres niveles de gobierno coludidos entre s\u00ed y con el crimen organizado (como de por s\u00ed ha ocurrido siempre) mostraron el verdadero rostro sanguinolento del viejo Estado en ese entonces representado por el fascista Enrique Pe\u00f1a Nieto (PRI) y hoy todav\u00eda por el oportunista Andr\u00e9s Manuel L\u00f3pez Obrador (Morena). Pronto vendr\u00e1 una se\u00f1ora llamada Claudia Sheinbaum (tambi\u00e9n de Morena) y volver\u00e1 a confirmarse lo que hemos dicho antes: no importa que el viejo Estado cambie su gerencia o su gobierno, no importa que sea otro el partido o el personaje, no interesa en nada que a partir del 1\u00b0 de octubre vaya a ser una mujer la nueva presidente de la rep\u00fablica. Mientras el Estado conserve su car\u00e1cter terrateniente-burocr\u00e1tico, mientras est\u00e9 subordinado al imperialismo, mientras su tarea principal sea sostener la opresi\u00f3n, el despojo y la explotaci\u00f3n a base de la violencia contra el pueblo trabajador, todo seguir\u00e1 siendo lo mismo. Por ello es que decimos&nbsp;<strong>\u00a1Gobierne quien gobierne los derechos del pueblo se defienden!<\/strong><\/p>\n\n\n\n<p class=\"has-black-color has-text-color has-link-color wp-elements-fb38ef7037bdbf3dd2043c86648d9ce1\">Pero no hemos venido ante Ustedes para hablar del r\u00e9gimen; de ese y su camino burocr\u00e1tico no esperamos nada, hay que barrerlo y punto. Hemos venido, en cambio, a estrechar nuevamente su mano no en un gesto de diplomacia burguesa, sino como hermanos y hermanas de clase, con solidaridad de clase. Hemos venido a refrendar nuestra solidaridad militante con cada uno de ustedes y cada uno de los muchachos, all\u00e1 donde sea que se encuentren, porque Ustedes han hecho lo mismo con nosotros, con nuestra lucha por verdad y justicia, con nuestra exigencia de presentaci\u00f3n con vida de nuestro camarada el Doctor Ernesto Sernas Garc\u00eda, desaparecido por el r\u00e9gimen el 10 de mayo de 2018 en San Agust\u00edn de las Juntas, Oaxaca.<\/p>\n\n\n\n<p class=\"has-black-color has-text-color has-link-color wp-elements-87bdfdf7d8b16b2176d5b6e4646c1ff7\">Si desde aquel septiembre de 2014 nuestra organizaci\u00f3n decidi\u00f3 acompa\u00f1ar la exigencia de los padres y madres, de los j\u00f3venes normalistas y de su organizaci\u00f3n revolucionaria, es desde mayo de 2018 que nuestras luchas se han fundido en una sola; al igual que con los colectivos de madres y familias buscadoras en este pa\u00eds que niega a sus desaparecidos, pero que suman ya m\u00e1s de 116 mil entre los que se encuentran los nombres de los 43 normalistas de Ayotzinapa y del Dr. Sernas Garc\u00eda. Por ello es que en todas nuestras actividades y en todas las jornadas de lucha donde participamos los&nbsp;<strong>SolRojistas<\/strong>&nbsp;se escucha en\u00e9rgicamente&nbsp;<strong>\u00a1Vivos se los llevaron, vivos los queremos!<\/strong><\/p>\n\n\n\n<p class=\"has-black-color has-text-color has-link-color wp-elements-3ebe8dc8a3d53d406b9ca5cdb58cda27\">Al igual que Ustedes, los&nbsp;<strong>SolRojistas<\/strong>&nbsp;pensamos que ni la cacareada \u201creforma judicial\u201d, ni el redoblar de la militarizaci\u00f3n del pa\u00eds representan ning\u00fan cambio&nbsp;<em>\u00abprogresista\u00bb<\/em>&nbsp;ni ninguna esperanza para la clase trabajadora y los pueblos del An\u00e1huac. Sostenemos que los tres poderes del viejo Estado est\u00e1n podridos y son caducos; sostenemos que el ej\u00e9rcito, la fuerza a\u00e9rea, la marina armada y ahora tambi\u00e9n la guarida nacional, son instituciones castrenses manchadas con la sangre del pueblo. La historia as\u00ed lo dicta, y estos diez a\u00f1os de impunidad, sin verdad ni justicia para Ayotzinapa, lo confirman.<\/p>\n\n\n\n<p class=\"has-black-color has-text-color has-link-color wp-elements-9ffb54000b5da0e58ebef3ba7d2d48f6\">Compa\u00f1eras y compa\u00f1eros.<\/p>\n\n\n\n<p class=\"has-black-color has-text-color has-link-color wp-elements-a4276e17f0d80f0fe5c27d0176f95fc7\">Desde las trincheras donde nos toca luchar lo hacemos con entereza, con congruencia y sin claudicar; lo hacemos sin medias tintas denunciado al viejo Estado, sus gobiernos y sus partidos como lo que son: enemigos del pueblo.<\/p>\n\n\n\n<p class=\"has-black-color has-text-color has-link-color wp-elements-2d4b9f655714b7588ce672e6c8617221\">Con nuestras banderas rojas en alto saludamos nuevamente la ejemplar lucha que, como padres y madres, como comunidad estudiantil y como organizaci\u00f3n revolucionaria Ustedes sostienen a contracorriente. Reafirmamos ante Ustedes nuestra vocaci\u00f3n de lucha anti-electorera, anti-capitalista y anti-imperialista, enarbolando con firmeza las tareas de la Revoluci\u00f3n de Nueva Democracia, luchando por la tierra y la liberaci\u00f3n nacional.<\/p>\n\n\n\n<p class=\"has-black-color has-text-color has-link-color wp-elements-8671ff55e9bccca610643c2c3e462c44\">A 10 a\u00f1os de este crimen de Estado:<\/p>\n\n\n\n<p class=\"has-text-align-center has-black-color has-text-color has-link-color wp-elements-9cf2b5bbc49f8789ea15d864eb228f5b\"><strong>\u00a1Ni perd\u00f3n ni olvido!<\/strong><\/p>\n\n\n\n<p class=\"has-text-align-center has-black-color has-text-color has-link-color wp-elements-bf07e81ee795040cde5e381daeff1847\"><strong>\u00a1Porque vivos se los llevaron, vivos los queremos!<\/strong><\/p>\n\n\n\n<p class=\"has-text-align-center has-black-color has-text-color has-link-color wp-elements-6fd2efce52fccd59c095803bc36df703\"><strong>\u00a1Camaradas ca\u00eddos en combate, en combate ser\u00e1n vengados!<\/strong><\/p>\n\n\n\n<p class=\"has-text-align-center has-black-color has-text-color has-link-color wp-elements-87727558da9db404510776298bee7d90\"><strong>\u00a1Ayotzinapa vive, la lucha sigue!<\/strong><\/p>\n\n\n\n<p class=\"has-text-align-center has-black-color has-text-color has-link-color wp-elements-7cf5cd19e0245b9550729f4a4ec8cb8d\"><strong>\u00a1A las normales rurales las quieren desaparecer,<\/strong><\/p>\n\n\n\n<p class=\"has-text-align-center has-black-color has-text-color has-link-color wp-elements-114c328279b9f4941e7a2038678876f0\"><strong>nosotros con lucha y sangre las vamos a defender!<\/strong><\/p>\n\n\n\n<p class=\"has-text-align-center has-black-color has-text-color has-link-color wp-elements-98a30cd7fce1350c1d421e6271544f0d\"><strong>\u00a1Que los trabajadores gobiernen la patria!<\/strong><\/p>\n\n\n\n<p class=\"has-text-align-center has-black-color has-text-color has-link-color wp-elements-a7b94f7b4956c6b7dc50dc493d50215f\"><strong>\u00a1Con el Sol Rojo, el pueblo vencer\u00e1!<\/strong><\/p>\n\n\n\n<p class=\"has-text-align-center has-black-color has-text-color has-link-color wp-elements-f42c72b442cd79a23311507a1118a81f\"><strong>CORRIENTE DEL PUEBLO SOL ROJO<\/strong><\/p>\n\n\n\n<p class=\"has-text-align-center has-black-color has-text-color has-link-color wp-elements-a44cc45d4cdbbf00e482baeae7fa6a19\"><strong>COMIT\u00c9 CENTRAL<\/strong><\/p>\n\n\n\n<p class=\"has-text-align-right has-black-color has-text-color has-link-color wp-elements-0f4ee03a446329c054d1a11c02fa0bf5\">An\u00e1huac, M\u00e9xico, septiembre 26 de 2024<\/p>\n\n\n\n<p class=\"has-text-align-right has-black-color has-text-color has-link-color wp-elements-dd7b27ff68363e81c97f5c4553f18b3b\">#DrSernasPresentaci\u00f3nConVida<\/p>\n\n\n\n<figure class=\"wp-block-image aligncenter size-full is-resized\"><img loading=\"lazy\" decoding=\"async\" width=\"458\" height=\"600\" src=\"https:\/\/nuevademocracia.com.co\/wp-content\/uploads\/2024\/09\/image-6.png\" alt=\"\" class=\"wp-image-26810\" style=\"width:306px;height:auto\" srcset=\"https:\/\/nuevademocracia.com.co\/wp-content\/uploads\/2024\/09\/image-6.png 458w, https:\/\/nuevademocracia.com.co\/wp-content\/uploads\/2024\/09\/image-6-229x300.png 229w\" sizes=\"auto, (max-width: 458px) 100vw, 458px\" \/><\/figure>\n","protected":false},"excerpt":{"rendered":"<p>A continuaci\u00f3n publicamos este art\u00edculo encontrado en la p\u00e1gina web El Heraldo Rojo Compartimos un comunicado publicado por&nbsp;Sol Rojo M\u00e9xico. \u00a1Proletarios y pueblos oprimidos del mundo, un\u00edos! \u201cTodav\u00eda cantamos, todav\u00eda pedimos todav\u00eda so\u00f1amos, todav\u00eda esperamos. A pesar de los golpes que asest\u00f3 en nuestras vidas el ingenio del odio desterrando al olvido a nuestros seres [&hellip;]<\/p>\n","protected":false},"author":1,"featured_media":26809,"comment_status":"open","ping_status":"open","sticky":false,"template":"","format":"standard","meta":{"footnotes":""},"categories":[16,31],"tags":[],"class_list":["post-26807","post","type-post","status-publish","format-standard","has-post-thumbnail","hentry","category-carrusel","category-internacional"],"blocksy_meta":[],"_links":{"self":[{"href":"https:\/\/nuevademocracia.com.co\/index.php?rest_route=\/wp\/v2\/posts\/26807","targetHints":{"allow":["GET"]}}],"collection":[{"href":"https:\/\/nuevademocracia.com.co\/index.php?rest_route=\/wp\/v2\/posts"}],"about":[{"href":"https:\/\/nuevademocracia.com.co\/index.php?rest_route=\/wp\/v2\/types\/post"}],"author":[{"embeddable":true,"href":"https:\/\/nuevademocracia.com.co\/index.php?rest_route=\/wp\/v2\/users\/1"}],"replies":[{"embeddable":true,"href":"https:\/\/nuevademocracia.com.co\/index.php?rest_route=%2Fwp%2Fv2%2Fcomments&post=26807"}],"version-history":[{"count":2,"href":"https:\/\/nuevademocracia.com.co\/index.php?rest_route=\/wp\/v2\/posts\/26807\/revisions"}],"predecessor-version":[{"id":26811,"href":"https:\/\/nuevademocracia.com.co\/index.php?rest_route=\/wp\/v2\/posts\/26807\/revisions\/26811"}],"wp:featuredmedia":[{"embeddable":true,"href":"https:\/\/nuevademocracia.com.co\/index.php?rest_route=\/wp\/v2\/media\/26809"}],"wp:attachment":[{"href":"https:\/\/nuevademocracia.com.co\/index.php?rest_route=%2Fwp%2Fv2%2Fmedia&parent=26807"}],"wp:term":[{"taxonomy":"category","embeddable":true,"href":"https:\/\/nuevademocracia.com.co\/index.php?rest_route=%2Fwp%2Fv2%2Fcategories&post=26807"},{"taxonomy":"post_tag","embeddable":true,"href":"https:\/\/nuevademocracia.com.co\/index.php?rest_route=%2Fwp%2Fv2%2Ftags&post=26807"}],"curies":[{"name":"wp","href":"https:\/\/api.w.org\/{rel}","templated":true}]}}